{"id":2278,"date":"2020-11-13T09:42:33","date_gmt":"2020-11-13T09:42:33","guid":{"rendered":"https:\/\/marcali.plebania.hu\/?p=2278"},"modified":"2020-11-13T09:42:33","modified_gmt":"2020-11-13T09:42:33","slug":"hirdetesek-2020-11-15","status":"publish","type":"post","link":"https:\/\/marcali.plebania.hu\/?p=2278","title":{"rendered":"Hirdet\u00e9sek, 2020. 11. 15."},"content":{"rendered":"\n<ol class=\"wp-block-list\"><li>Ma van az \u00e9vk\u00f6zi\n33. vas\u00e1rnap.<\/li><li>J\u00f6v\u0151 szombaton 16\n\u00f3rakor mi is csatlakozunk a NEK felh\u00edv\u00e1s\u00e1ra, az orsz\u00e1gos szents\u00e9gim\u00e1d\u00e1shoz.<\/li><li>J\u00f6v\u0151 vas\u00e1rnap,\nKrisztus Kir\u00e1ly vas\u00e1rnapj\u00e1n az orsz\u00e1g valamennyi katolikus templom\u00e1ban\nKarit\u00e1sz-gy\u0171jt\u00e9s lesz a szeg\u00e9nyek jav\u00e1ra.<\/li><li>A Marcali R\u00f3mai\nKatolikus pl\u00e9b\u00e1nia leg\u00fajabb j\u00e1rv\u00e1ny\u00fcgyi int\u00e9zked\u00e9sei. \u00d6sszhangban az MKPK \u00e9s a\nKaposv\u00e1ri Egyh\u00e1zmegye rendelkez\u00e9seivel a k\u00f6vetkez\u0151 kieg\u00e9sz\u00edt\u0151 rendelkez\u00e9sek\nl\u00e9pnek \u00e9letbe 2020. 11. 11-t\u0151l a Marcali Pl\u00e9b\u00e1nia eg\u00e9sz ter\u00fclet\u00e9n:<\/li><li>A pl\u00e9b\u00e1nia\nirod\u00e1ba az \u00fcgyint\u00e9z\u00e9s csak online form\u00e1ban t\u00f6rt\u00e9nhet (telefon: 85\/510-233,\ne-mail: <a href=\"mailto:marcaliplebania@gmail.com\">marcaliplebania@gmail.com<\/a>).\nCsak a legsz\u00fcks\u00e9gesebb esetekben lehet szem\u00e9lyes kontaktus egy f\u0151\nr\u00e9szv\u00e9tel\u00e9vel.<\/li><li>Pl\u00e9b\u00e1ni\u00e1nkon a\nk\u00f6z\u00f6ss\u00e9gi programokat \u00e9s oktat\u00e1sokat felf\u00fcggesztj\u00fck, vagy a k\u00e9s\u0151bbiekben online\nfogjuk megtartani.<\/li><li>Templomainkban a nyilv\u00e1nos istentisztelet nem\nsz\u00fcnetel. Miserend: p\u00e9nteken \u00e9s szombaton 17 \u00f3rakor, vas\u00e1rnap a\npl\u00e9b\u00e1niatemplomban 9 \u00f3rakor, Gomb\u00e1n 11 \u00f3rakor, a B. Gizella templomban 17\n\u00f3rakor.<\/li><li>A temet\u00e9si szentmis\u00e9k sz\u00fcnetelnek, a j\u00e1rv\u00e1ny elm\u00falta\nut\u00e1n p\u00f3tolni fogjuk.<\/li><li>Templomainkban olyan m\u00f3don alak\u00edtjuk ki az \u00fcl\u00e9srendet,\nhogy 1,5 m-es t\u00e1vols\u00e1g a h\u00edvek k\u00f6z\u00f6tt meglegyen. Bel\u00e9pni csak a testh\u0151m\u00e9rs\u00e9klet\nmegm\u00e9r\u00e9se \u00e9s a k\u00e9zfert\u0151tlen\u00edt\u00e9s ut\u00e1n lehet. A sz\u00e1jmaszk haszn\u00e1lata k\u00f6telez\u0151!<\/li><li>Varga L\u00e1szl\u00f3\nmegy\u00e9sp\u00fcsp\u00f6k a vas\u00e1rnapi szentmis\u00e9ken val\u00f3 r\u00e9szv\u00e9tel k\u00f6telezetts\u00e9ge al\u00f3l\nfelment\u00e9st adott mindazoknak, akiknek a r\u00e9szv\u00e9tel komoly neh\u00e9zs\u00e9get \u00e9s\nkock\u00e1zatot okozna. Tov\u00e1bb\u00e1 a megy\u00e9sp\u00fcsp\u00f6k felhatalmaz\u00e1st adott a gy\u00f3ntat\u00e1si\nfakult\u00e1ssal rendelkez\u0151 papoknak, hogy a meghirdetett felt\u00e9telekkel \u00e1ltal\u00e1nos\nfeloldoz\u00e1st adjanak. A f\u0151p\u00e1sztor felhatalmazta a pl\u00e9b\u00e1nosokat, hogy a\nszentmis\u00e9k rendj\u00e9t a saj\u00e1t helyzet\u00fcknek megfelel\u0151en alak\u00edthatj\u00e1k.<\/li><li>Az esk\u00fcv\u0151k\u00f6n \u00e9s\ntemet\u00e9seken az \u00e1llami rendelkez\u00e9sek az ir\u00e1nyad\u00f3k.<\/li><li>Az eddig f\u00f6lvett\nkeresztel\u00e9seket megtartjuk a legsz\u0171kebb csal\u00e1di r\u00e9szv\u00e9tellel.<\/li><li>Megk\u00f6sz\u00f6nj\u00fck a\nseg\u00edts\u00e9g\u00e9t Nagy L\u00e1szl\u00f3nak, a Marcali K\u00f6z\u00fat Kft. r\u00e9sz\u00e9r\u0151l, hogy a gombai templom\nfalszigetel\u00e9s\u00e9n\u00e9l a b\u0151rkelemez lerak\u00e1s\u00e1hoz sz\u00fcks\u00e9ges f\u00f6ldmunk\u00e1kat d\u00edjmentesen\nelv\u00e9gezte.<\/li><li>Napt\u00e1rak, kalend\u00e1rium\n\u00e9s a Sz\u00edvem els\u0151 gondolata c\u00edm\u0171 k\u00f6nyv kaphat\u00f3 a sekresty\u00e9ben \u00e9s a pl\u00e9b\u00e1ni\u00e1n.<\/li><\/ol>\n","protected":false},"excerpt":{"rendered":"<p>Ma van az \u00e9vk\u00f6zi 33. vas\u00e1rnap. J\u00f6v\u0151 szombaton 16 \u00f3rakor mi is csatlakozunk a NEK felh\u00edv\u00e1s\u00e1ra, az orsz\u00e1gos szents\u00e9gim\u00e1d\u00e1shoz. J\u00f6v\u0151 vas\u00e1rnap, Krisztus Kir\u00e1ly vas\u00e1rnapj\u00e1n az orsz\u00e1g valamennyi katolikus templom\u00e1ban Karit\u00e1sz-gy\u0171jt\u00e9s lesz a szeg\u00e9nyek jav\u00e1ra. A Marcali R\u00f3mai Katolikus pl\u00e9b\u00e1nia leg\u00fajabb j\u00e1rv\u00e1ny\u00fcgyi int\u00e9zked\u00e9sei. \u00d6sszhangban az MKPK \u00e9s a Kaposv\u00e1ri Egyh\u00e1zmegye rendelkez\u00e9seivel a k\u00f6vetkez\u0151 kieg\u00e9sz\u00edt\u0151 rendelkez\u00e9sek l\u00e9pnek \u00e9letbe 2020. 11. 11-t\u0151l a Marcali Pl\u00e9b\u00e1nia eg\u00e9sz ter\u00fclet\u00e9n: A pl\u00e9b\u00e1nia irod\u00e1ba az \u00fcgyint\u00e9z\u00e9s csak online form\u00e1ban t\u00f6rt\u00e9nhet (telefon: 85\/510-233, e-mail: marcaliplebania@gmail.com). Csak a legsz\u00fcks\u00e9gesebb&#8230;<\/p>\n<p class=\"read-more\"><a class=\"btn btn-default\" href=\"https:\/\/marcali.plebania.hu\/?p=2278\"> Read More<span class=\"screen-reader-text\">  Read More<\/span><\/a><\/p>\n","protected":false},"author":2,"featured_media":0,"comment_status":"closed","ping_status":"open","sticky":false,"template":"","format":"standard","meta":{"footnotes":""},"categories":[1],"tags":[],"class_list":["post-2278","post","type-post","status-publish","format-standard","hentry","category-egyeb"],"_links":{"self":[{"href":"https:\/\/marcali.plebania.hu\/index.php?rest_route=\/wp\/v2\/posts\/2278","targetHints":{"allow":["GET"]}}],"collection":[{"href":"https:\/\/marcali.plebania.hu\/index.php?rest_route=\/wp\/v2\/posts"}],"about":[{"href":"https:\/\/marcali.plebania.hu\/index.php?rest_route=\/wp\/v2\/types\/post"}],"author":[{"embeddable":true,"href":"https:\/\/marcali.plebania.hu\/index.php?rest_route=\/wp\/v2\/users\/2"}],"replies":[{"embeddable":true,"href":"https:\/\/marcali.plebania.hu\/index.php?rest_route=%2Fwp%2Fv2%2Fcomments&post=2278"}],"version-history":[{"count":1,"href":"https:\/\/marcali.plebania.hu\/index.php?rest_route=\/wp\/v2\/posts\/2278\/revisions"}],"predecessor-version":[{"id":2279,"href":"https:\/\/marcali.plebania.hu\/index.php?rest_route=\/wp\/v2\/posts\/2278\/revisions\/2279"}],"wp:attachment":[{"href":"https:\/\/marcali.plebania.hu\/index.php?rest_route=%2Fwp%2Fv2%2Fmedia&parent=2278"}],"wp:term":[{"taxonomy":"category","embeddable":true,"href":"https:\/\/marcali.plebania.hu\/index.php?rest_route=%2Fwp%2Fv2%2Fcategories&post=2278"},{"taxonomy":"post_tag","embeddable":true,"href":"https:\/\/marcali.plebania.hu\/index.php?rest_route=%2Fwp%2Fv2%2Ftags&post=2278"}],"curies":[{"name":"wp","href":"https:\/\/api.w.org\/{rel}","templated":true}]}}