{"id":2281,"date":"2020-11-20T08:36:21","date_gmt":"2020-11-20T08:36:21","guid":{"rendered":"https:\/\/marcali.plebania.hu\/?p=2281"},"modified":"2020-11-20T08:36:21","modified_gmt":"2020-11-20T08:36:21","slug":"hirdetesek-2020-11-22","status":"publish","type":"post","link":"https:\/\/marcali.plebania.hu\/?p=2281","title":{"rendered":"Hirdet\u00e9sek, 2020. 11. 22."},"content":{"rendered":"\n<ol class=\"wp-block-list\"><li>Ma\nKrisztus Kir\u00e1ly vas\u00e1rnapja van, az orsz\u00e1g valamennyi katolikus templom\u00e1ban\npersely-gy\u0171jt\u00e9s a Karit\u00e1sz jav\u00e1ra.<\/li><li>Megk\u00f6sz\u00f6nj\u00fck\nmindazoknak, akik Krisztus Kir\u00e1ly vas\u00e1rnapj\u00e1nak el\u0151est\u00e9j\u00e9n elj\u00f6ttek a\nszents\u00e9gim\u00e1d\u00e1sra, vagy otthonukban kapcsol\u00f3dtak hozz\u00e1nk.<\/li><li>J\u00f6v\u0151\nvas\u00e1rnap \u00e1dvent 1. vas\u00e1rnapja. Szabadt\u00e9ri \u00e1dventi koszor\u00fat nem \u00e1ll\u00edtunk, de a\ntemplomban lesz \u00e1dventi koszor\u00fa. Az els\u0151 gyertya meggy\u00fajt\u00e1sa szombaton, az esti\nszentmis\u00e9n lesz.<\/li><li>A\nj\u00e1rv\u00e1nyhelyzetre val\u00f3 tekintettel a szentmis\u00e9k rendje megv\u00e1ltozott. Szombaton\n17 \u00f3rakor, vas\u00e1rnap 9 \u00f3rakor a pl\u00e9b\u00e1niatemplomban van szentmise, vas\u00e1rnap 17\n\u00f3rakor a B. Gizella templomban vagy igeliturgia, vagy szentmise.<\/li><li>A\npl\u00e9b\u00e1nia irod\u00e1ba az \u00fcgyint\u00e9z\u00e9s csak online form\u00e1ban t\u00f6rt\u00e9nhet (telefon:\n85\/510-233, e-mail: <a href=\"mailto:marcaliplebania@gmail.com\">marcaliplebania@gmail.com<\/a>).\nCsak a legsz\u00fcks\u00e9gesebb esetekben lehet szem\u00e9lyes kontaktus egy f\u0151\nr\u00e9szv\u00e9tel\u00e9vel.<\/li><li>Napt\u00e1rak,\nkalend\u00e1rium \u00e9s a Sz\u00edvem els\u0151 gondolata c\u00edm\u0171 k\u00f6nyv kaphat\u00f3 a sekresty\u00e9ben.<\/li><\/ol>\n","protected":false},"excerpt":{"rendered":"<p>Ma Krisztus Kir\u00e1ly vas\u00e1rnapja van, az orsz\u00e1g valamennyi katolikus templom\u00e1ban persely-gy\u0171jt\u00e9s a Karit\u00e1sz jav\u00e1ra. Megk\u00f6sz\u00f6nj\u00fck mindazoknak, akik Krisztus Kir\u00e1ly vas\u00e1rnapj\u00e1nak el\u0151est\u00e9j\u00e9n elj\u00f6ttek a szents\u00e9gim\u00e1d\u00e1sra, vagy otthonukban kapcsol\u00f3dtak hozz\u00e1nk. J\u00f6v\u0151 vas\u00e1rnap \u00e1dvent 1. vas\u00e1rnapja. Szabadt\u00e9ri \u00e1dventi koszor\u00fat nem \u00e1ll\u00edtunk, de a templomban lesz \u00e1dventi koszor\u00fa. Az els\u0151 gyertya meggy\u00fajt\u00e1sa szombaton, az esti szentmis\u00e9n lesz. A j\u00e1rv\u00e1nyhelyzetre val\u00f3 tekintettel a szentmis\u00e9k rendje megv\u00e1ltozott. Szombaton 17 \u00f3rakor, vas\u00e1rnap 9 \u00f3rakor a pl\u00e9b\u00e1niatemplomban van szentmise, vas\u00e1rnap 17 \u00f3rakor a B. Gizella templomban vagy igeliturgia,&#8230;<\/p>\n<p class=\"read-more\"><a class=\"btn btn-default\" href=\"https:\/\/marcali.plebania.hu\/?p=2281\"> Read More<span class=\"screen-reader-text\">  Read More<\/span><\/a><\/p>\n","protected":false},"author":2,"featured_media":0,"comment_status":"closed","ping_status":"open","sticky":false,"template":"","format":"standard","meta":{"footnotes":""},"categories":[1],"tags":[],"class_list":["post-2281","post","type-post","status-publish","format-standard","hentry","category-egyeb"],"_links":{"self":[{"href":"https:\/\/marcali.plebania.hu\/index.php?rest_route=\/wp\/v2\/posts\/2281","targetHints":{"allow":["GET"]}}],"collection":[{"href":"https:\/\/marcali.plebania.hu\/index.php?rest_route=\/wp\/v2\/posts"}],"about":[{"href":"https:\/\/marcali.plebania.hu\/index.php?rest_route=\/wp\/v2\/types\/post"}],"author":[{"embeddable":true,"href":"https:\/\/marcali.plebania.hu\/index.php?rest_route=\/wp\/v2\/users\/2"}],"replies":[{"embeddable":true,"href":"https:\/\/marcali.plebania.hu\/index.php?rest_route=%2Fwp%2Fv2%2Fcomments&post=2281"}],"version-history":[{"count":1,"href":"https:\/\/marcali.plebania.hu\/index.php?rest_route=\/wp\/v2\/posts\/2281\/revisions"}],"predecessor-version":[{"id":2282,"href":"https:\/\/marcali.plebania.hu\/index.php?rest_route=\/wp\/v2\/posts\/2281\/revisions\/2282"}],"wp:attachment":[{"href":"https:\/\/marcali.plebania.hu\/index.php?rest_route=%2Fwp%2Fv2%2Fmedia&parent=2281"}],"wp:term":[{"taxonomy":"category","embeddable":true,"href":"https:\/\/marcali.plebania.hu\/index.php?rest_route=%2Fwp%2Fv2%2Fcategories&post=2281"},{"taxonomy":"post_tag","embeddable":true,"href":"https:\/\/marcali.plebania.hu\/index.php?rest_route=%2Fwp%2Fv2%2Ftags&post=2281"}],"curies":[{"name":"wp","href":"https:\/\/api.w.org\/{rel}","templated":true}]}}