{"id":2283,"date":"2020-11-23T14:25:03","date_gmt":"2020-11-23T14:25:03","guid":{"rendered":"https:\/\/marcali.plebania.hu\/?p=2283"},"modified":"2020-11-23T14:25:03","modified_gmt":"2020-11-23T14:25:03","slug":"krisztus-kiraly-es-szent-erzsebet-unnepe-marcaliban","status":"publish","type":"post","link":"https:\/\/marcali.plebania.hu\/?p=2283","title":{"rendered":"Krisztus Kir\u00e1ly \u00e9s Szent Erzs\u00e9bet \u00fcnnepe Marcaliban"},"content":{"rendered":"\n<p>2020. november 22-\u00e9n, vas\u00e1rnap a 9 \u00f3r\u00e1s szentmis\u00e9n Krisztus, a mindens\u00e9g kir\u00e1ly\u00e1nak \u00fcnnep\u00e9n nemcsak R\u00f3la, hanem Szent Erzs\u00e9betr\u0151l, a szeg\u00e9nyek v\u00e9d\u0151szentj\u00e9r\u0151l is megeml\u00e9keztek a Gy\u00fcm\u00f6lcsolt\u00f3 Boldogasszony pl\u00e9b\u00e1niatemplomban.<\/p>\n\n\n\n<figure class=\"wp-block-gallery columns-3 is-cropped wp-block-gallery-1 is-layout-flex wp-block-gallery-is-layout-flex\"><ul class=\"blocks-gallery-grid\"><li class=\"blocks-gallery-item\"><figure><img loading=\"lazy\" decoding=\"async\" width=\"1024\" height=\"683\" src=\"https:\/\/marcali.plebania.hu\/wp-content\/uploads\/2020\/11\/01-2-1024x683.jpg\" alt=\"\" data-id=\"2284\" data-full-url=\"https:\/\/marcali.plebania.hu\/wp-content\/uploads\/2020\/11\/01-2-scaled.jpg\" data-link=\"https:\/\/marcali.plebania.hu\/?attachment_id=2284\" class=\"wp-image-2284\" srcset=\"https:\/\/marcali.plebania.hu\/wp-content\/uploads\/2020\/11\/01-2-1024x683.jpg 1024w, https:\/\/marcali.plebania.hu\/wp-content\/uploads\/2020\/11\/01-2-300x200.jpg 300w, https:\/\/marcali.plebania.hu\/wp-content\/uploads\/2020\/11\/01-2-768x512.jpg 768w, https:\/\/marcali.plebania.hu\/wp-content\/uploads\/2020\/11\/01-2-1536x1024.jpg 1536w, https:\/\/marcali.plebania.hu\/wp-content\/uploads\/2020\/11\/01-2-2048x1365.jpg 2048w, https:\/\/marcali.plebania.hu\/wp-content\/uploads\/2020\/11\/01-2-405x270.jpg 405w\" sizes=\"auto, (max-width: 1024px) 100vw, 1024px\" \/><\/figure><\/li><li class=\"blocks-gallery-item\"><figure><img loading=\"lazy\" decoding=\"async\" width=\"1024\" height=\"683\" src=\"https:\/\/marcali.plebania.hu\/wp-content\/uploads\/2020\/11\/02-1-1024x683.jpg\" alt=\"\" data-id=\"2285\" data-full-url=\"https:\/\/marcali.plebania.hu\/wp-content\/uploads\/2020\/11\/02-1-scaled.jpg\" data-link=\"https:\/\/marcali.plebania.hu\/?attachment_id=2285\" class=\"wp-image-2285\" srcset=\"https:\/\/marcali.plebania.hu\/wp-content\/uploads\/2020\/11\/02-1-1024x683.jpg 1024w, https:\/\/marcali.plebania.hu\/wp-content\/uploads\/2020\/11\/02-1-300x200.jpg 300w, https:\/\/marcali.plebania.hu\/wp-content\/uploads\/2020\/11\/02-1-768x512.jpg 768w, https:\/\/marcali.plebania.hu\/wp-content\/uploads\/2020\/11\/02-1-1536x1024.jpg 1536w, https:\/\/marcali.plebania.hu\/wp-content\/uploads\/2020\/11\/02-1-2048x1365.jpg 2048w, https:\/\/marcali.plebania.hu\/wp-content\/uploads\/2020\/11\/02-1-405x270.jpg 405w\" sizes=\"auto, (max-width: 1024px) 100vw, 1024px\" \/><\/figure><\/li><li class=\"blocks-gallery-item\"><figure><img loading=\"lazy\" decoding=\"async\" width=\"1024\" height=\"683\" src=\"https:\/\/marcali.plebania.hu\/wp-content\/uploads\/2020\/11\/03-2-1024x683.jpg\" alt=\"\" data-id=\"2286\" data-full-url=\"https:\/\/marcali.plebania.hu\/wp-content\/uploads\/2020\/11\/03-2-scaled.jpg\" data-link=\"https:\/\/marcali.plebania.hu\/?attachment_id=2286\" class=\"wp-image-2286\" srcset=\"https:\/\/marcali.plebania.hu\/wp-content\/uploads\/2020\/11\/03-2-1024x683.jpg 1024w, https:\/\/marcali.plebania.hu\/wp-content\/uploads\/2020\/11\/03-2-300x200.jpg 300w, https:\/\/marcali.plebania.hu\/wp-content\/uploads\/2020\/11\/03-2-768x512.jpg 768w, https:\/\/marcali.plebania.hu\/wp-content\/uploads\/2020\/11\/03-2-1536x1024.jpg 1536w, https:\/\/marcali.plebania.hu\/wp-content\/uploads\/2020\/11\/03-2-2048x1365.jpg 2048w, https:\/\/marcali.plebania.hu\/wp-content\/uploads\/2020\/11\/03-2-405x270.jpg 405w\" sizes=\"auto, (max-width: 1024px) 100vw, 1024px\" \/><\/figure><\/li><li class=\"blocks-gallery-item\"><figure><img loading=\"lazy\" decoding=\"async\" width=\"1024\" height=\"683\" src=\"https:\/\/marcali.plebania.hu\/wp-content\/uploads\/2020\/11\/04-2-1024x683.jpg\" alt=\"\" data-id=\"2287\" data-full-url=\"https:\/\/marcali.plebania.hu\/wp-content\/uploads\/2020\/11\/04-2-scaled.jpg\" data-link=\"https:\/\/marcali.plebania.hu\/?attachment_id=2287\" class=\"wp-image-2287\" srcset=\"https:\/\/marcali.plebania.hu\/wp-content\/uploads\/2020\/11\/04-2-1024x683.jpg 1024w, https:\/\/marcali.plebania.hu\/wp-content\/uploads\/2020\/11\/04-2-300x200.jpg 300w, https:\/\/marcali.plebania.hu\/wp-content\/uploads\/2020\/11\/04-2-768x512.jpg 768w, https:\/\/marcali.plebania.hu\/wp-content\/uploads\/2020\/11\/04-2-1536x1024.jpg 1536w, https:\/\/marcali.plebania.hu\/wp-content\/uploads\/2020\/11\/04-2-2048x1365.jpg 2048w, https:\/\/marcali.plebania.hu\/wp-content\/uploads\/2020\/11\/04-2-405x270.jpg 405w\" sizes=\"auto, (max-width: 1024px) 100vw, 1024px\" \/><\/figure><\/li><\/ul><\/figure>\n\n\n\n<p>A\nkoronav\u00edrus-j\u00e1rv\u00e1ny miatt azonban az id\u00e9n elmaradt az \u00fcnnep\u00e9lyes bevonul\u00e1s a\nkoron\u00e1val, keny\u00e9rrel \u00e9s r\u00f3zs\u00e1kkal, melyet minden \u00e9vben a hittanos \u00e9s ministr\u00e1ns\ngyermekek, valamint a helyi Karit\u00e1sz Csoport aktivist\u00e1i szoktak behozni a\ntemplomba. Egy\u00fattal \u2013 az aktu\u00e1lis j\u00e1rv\u00e1ny\u00fcgyi int\u00e9zked\u00e9sek betart\u00e1s\u00e1val \u2013 a Szent\nErzs\u00e9bet szobrot sem hozt\u00e1k \u00e1t az X-h\u00e1zb\u00f3l, melyet mindig a f\u0151olt\u00e1r el\u00e9 \u00e1ll\u00edtanak,\neml\u00e9keztetve a nagy magyar szentre.<\/p>\n\n\n\n<p>Az egyszer\u0171, git\u00e1ros \u00e9nekek n\u00e9lk\u00fcli istentiszteletet Kiss Iv\u00e1n c. pr\u00e9post, esperes-pl\u00e9b\u00e1nos \u00far celebr\u00e1lta, aki szentbesz\u00e9d\u00e9ben egyr\u00e9szt Krisztus Kir\u00e1ly \u00fcnnep\u00e9nek \u00e9s \u00fczenet\u00e9nek jelent\u0151s\u00e9g\u00e9t, a szeretet fontoss\u00e1g\u00e1t hangs\u00falyozta. A napi evang\u00e9lium alapj\u00e1n az embert\u00e1rsaink ir\u00e1nti irgalmass\u00e1g gyakorl\u00e1s\u00e1ra h\u00edvta fel a jelenl\u00e9v\u0151k figyelm\u00e9t. Kiemelte, hogy J\u00e9zus ir\u00e1nti szeretetb\u0151l tesz\u00fcnk j\u00f3t a r\u00e1szorul\u00f3kkal, hiszen \u0150 mondta: \u201eAmit e legkisebb testv\u00e9reim k\u00f6z\u00fcl eggyel is tettetek, velem tett\u00e9tek!\u201d (Mt 25,40). Ehhez az \u00fczenethez j\u00f3l kapcsol\u00f3dik Szent Erzs\u00e9bet p\u00e9ld\u00e1ja is, aki az \u00f6nfel\u00e1ldoz\u00f3 \u00e9let\u00e9t a szeg\u00e9nyek, a r\u00e1szorul\u00f3k gondoz\u00e1s\u00e1nak szentelte. \u00c9ppen ez\u00e9rt ezen a napon, minden \u00e9vben az orsz\u00e1g valamennyi katolikus templom\u00e1ban a szeg\u00e9nyek jav\u00e1ra gy\u0171jtenek adom\u00e1nyokat a Karit\u00e1sz aktivist\u00e1k, hogy azt\u00e1n a kar\u00e1csonyi \u00fcnnepet tegy\u00e9k a r\u00e1szorul\u00f3k jav\u00e1ra egy kicsit meghittebb\u00e9.<\/p>\n\n\n\n<figure class=\"wp-block-gallery columns-3 is-cropped wp-block-gallery-2 is-layout-flex wp-block-gallery-is-layout-flex\"><ul class=\"blocks-gallery-grid\"><li class=\"blocks-gallery-item\"><figure><img loading=\"lazy\" decoding=\"async\" width=\"1024\" height=\"683\" src=\"https:\/\/marcali.plebania.hu\/wp-content\/uploads\/2020\/11\/05-2-1024x683.jpg\" alt=\"\" data-id=\"2288\" data-link=\"https:\/\/marcali.plebania.hu\/?attachment_id=2288\" class=\"wp-image-2288\" srcset=\"https:\/\/marcali.plebania.hu\/wp-content\/uploads\/2020\/11\/05-2-1024x683.jpg 1024w, https:\/\/marcali.plebania.hu\/wp-content\/uploads\/2020\/11\/05-2-300x200.jpg 300w, https:\/\/marcali.plebania.hu\/wp-content\/uploads\/2020\/11\/05-2-768x512.jpg 768w, https:\/\/marcali.plebania.hu\/wp-content\/uploads\/2020\/11\/05-2-1536x1024.jpg 1536w, https:\/\/marcali.plebania.hu\/wp-content\/uploads\/2020\/11\/05-2-2048x1365.jpg 2048w, https:\/\/marcali.plebania.hu\/wp-content\/uploads\/2020\/11\/05-2-405x270.jpg 405w\" sizes=\"auto, (max-width: 1024px) 100vw, 1024px\" \/><\/figure><\/li><li class=\"blocks-gallery-item\"><figure><img loading=\"lazy\" decoding=\"async\" width=\"1024\" height=\"683\" src=\"https:\/\/marcali.plebania.hu\/wp-content\/uploads\/2020\/11\/06-1-1024x683.jpg\" alt=\"\" data-id=\"2289\" data-link=\"https:\/\/marcali.plebania.hu\/?attachment_id=2289\" class=\"wp-image-2289\" srcset=\"https:\/\/marcali.plebania.hu\/wp-content\/uploads\/2020\/11\/06-1-1024x683.jpg 1024w, https:\/\/marcali.plebania.hu\/wp-content\/uploads\/2020\/11\/06-1-300x200.jpg 300w, https:\/\/marcali.plebania.hu\/wp-content\/uploads\/2020\/11\/06-1-768x512.jpg 768w, https:\/\/marcali.plebania.hu\/wp-content\/uploads\/2020\/11\/06-1-1536x1024.jpg 1536w, https:\/\/marcali.plebania.hu\/wp-content\/uploads\/2020\/11\/06-1-2048x1365.jpg 2048w, https:\/\/marcali.plebania.hu\/wp-content\/uploads\/2020\/11\/06-1-405x270.jpg 405w\" sizes=\"auto, (max-width: 1024px) 100vw, 1024px\" \/><\/figure><\/li><li class=\"blocks-gallery-item\"><figure><img loading=\"lazy\" decoding=\"async\" width=\"1024\" height=\"683\" src=\"https:\/\/marcali.plebania.hu\/wp-content\/uploads\/2020\/11\/14-1024x683.jpg\" alt=\"\" data-id=\"2297\" data-link=\"https:\/\/marcali.plebania.hu\/?attachment_id=2297\" class=\"wp-image-2297\" srcset=\"https:\/\/marcali.plebania.hu\/wp-content\/uploads\/2020\/11\/14-1024x683.jpg 1024w, https:\/\/marcali.plebania.hu\/wp-content\/uploads\/2020\/11\/14-300x200.jpg 300w, https:\/\/marcali.plebania.hu\/wp-content\/uploads\/2020\/11\/14-768x512.jpg 768w, https:\/\/marcali.plebania.hu\/wp-content\/uploads\/2020\/11\/14-1536x1024.jpg 1536w, https:\/\/marcali.plebania.hu\/wp-content\/uploads\/2020\/11\/14-2048x1365.jpg 2048w, https:\/\/marcali.plebania.hu\/wp-content\/uploads\/2020\/11\/14-405x270.jpg 405w\" sizes=\"auto, (max-width: 1024px) 100vw, 1024px\" \/><\/figure><\/li><li class=\"blocks-gallery-item\"><figure><img loading=\"lazy\" decoding=\"async\" width=\"1024\" height=\"683\" src=\"https:\/\/marcali.plebania.hu\/wp-content\/uploads\/2020\/11\/09-2-1024x683.jpg\" alt=\"\" data-id=\"2298\" data-full-url=\"https:\/\/marcali.plebania.hu\/wp-content\/uploads\/2020\/11\/09-2-scaled.jpg\" data-link=\"https:\/\/marcali.plebania.hu\/?attachment_id=2298\" class=\"wp-image-2298\" srcset=\"https:\/\/marcali.plebania.hu\/wp-content\/uploads\/2020\/11\/09-2-1024x683.jpg 1024w, https:\/\/marcali.plebania.hu\/wp-content\/uploads\/2020\/11\/09-2-300x200.jpg 300w, https:\/\/marcali.plebania.hu\/wp-content\/uploads\/2020\/11\/09-2-768x512.jpg 768w, https:\/\/marcali.plebania.hu\/wp-content\/uploads\/2020\/11\/09-2-1536x1024.jpg 1536w, https:\/\/marcali.plebania.hu\/wp-content\/uploads\/2020\/11\/09-2-2048x1365.jpg 2048w, https:\/\/marcali.plebania.hu\/wp-content\/uploads\/2020\/11\/09-2-405x270.jpg 405w\" sizes=\"auto, (max-width: 1024px) 100vw, 1024px\" \/><\/figure><\/li><\/ul><\/figure>\n\n\n\n<p>Iv\u00e1n\natya a szentmise keret\u00e9n bel\u00fcl egy fiatal l\u00e1nyt is a b\u00e9rm\u00e1l\u00e1s szents\u00e9g\u00e9ben\nr\u00e9szes\u00edtett, aki a k\u00e9t h\u00e9ttel kor\u00e1bban megtartott \u00fcnnepi alkalmon nem tudott\njelen lenni az \u00e9vfolyamt\u00e1rsaival.<\/p>\n\n\n\n<p>Az istentiszteleten k\u00f6zrem\u0171k\u00f6d\u00f6tt T\u00f3th Eszter \u00c1gnes gimnazista, Kozma Kriszti\u00e1n Kazinczy-d\u00edjas el\u0151ad\u00f3 S\u00edk S\u00e1ndor: Krisztus Kir\u00e1ly c\u00edm\u0171 vers\u00e9vel, valamint Balogh B\u00e1lint k\u00e1ntor orgon\u00e1val.<\/p>\n\n\n\n<figure class=\"wp-block-gallery columns-3 is-cropped wp-block-gallery-3 is-layout-flex wp-block-gallery-is-layout-flex\"><ul class=\"blocks-gallery-grid\"><li class=\"blocks-gallery-item\"><figure><img loading=\"lazy\" decoding=\"async\" width=\"1024\" height=\"683\" src=\"https:\/\/marcali.plebania.hu\/wp-content\/uploads\/2020\/11\/10-2-1024x683.jpg\" alt=\"\" data-id=\"2292\" data-full-url=\"https:\/\/marcali.plebania.hu\/wp-content\/uploads\/2020\/11\/10-2-scaled.jpg\" data-link=\"https:\/\/marcali.plebania.hu\/?attachment_id=2292\" class=\"wp-image-2292\" srcset=\"https:\/\/marcali.plebania.hu\/wp-content\/uploads\/2020\/11\/10-2-1024x683.jpg 1024w, https:\/\/marcali.plebania.hu\/wp-content\/uploads\/2020\/11\/10-2-300x200.jpg 300w, https:\/\/marcali.plebania.hu\/wp-content\/uploads\/2020\/11\/10-2-768x512.jpg 768w, https:\/\/marcali.plebania.hu\/wp-content\/uploads\/2020\/11\/10-2-1536x1024.jpg 1536w, https:\/\/marcali.plebania.hu\/wp-content\/uploads\/2020\/11\/10-2-2048x1365.jpg 2048w, https:\/\/marcali.plebania.hu\/wp-content\/uploads\/2020\/11\/10-2-405x270.jpg 405w\" sizes=\"auto, (max-width: 1024px) 100vw, 1024px\" \/><\/figure><\/li><li class=\"blocks-gallery-item\"><figure><img loading=\"lazy\" decoding=\"async\" width=\"1024\" height=\"683\" src=\"https:\/\/marcali.plebania.hu\/wp-content\/uploads\/2020\/11\/11-1-1024x683.jpg\" alt=\"\" data-id=\"2293\" data-full-url=\"https:\/\/marcali.plebania.hu\/wp-content\/uploads\/2020\/11\/11-1-scaled.jpg\" data-link=\"https:\/\/marcali.plebania.hu\/?attachment_id=2293\" class=\"wp-image-2293\" srcset=\"https:\/\/marcali.plebania.hu\/wp-content\/uploads\/2020\/11\/11-1-1024x683.jpg 1024w, https:\/\/marcali.plebania.hu\/wp-content\/uploads\/2020\/11\/11-1-300x200.jpg 300w, https:\/\/marcali.plebania.hu\/wp-content\/uploads\/2020\/11\/11-1-768x512.jpg 768w, https:\/\/marcali.plebania.hu\/wp-content\/uploads\/2020\/11\/11-1-1536x1024.jpg 1536w, https:\/\/marcali.plebania.hu\/wp-content\/uploads\/2020\/11\/11-1-2048x1365.jpg 2048w, https:\/\/marcali.plebania.hu\/wp-content\/uploads\/2020\/11\/11-1-405x270.jpg 405w\" sizes=\"auto, (max-width: 1024px) 100vw, 1024px\" \/><\/figure><\/li><li class=\"blocks-gallery-item\"><figure><img loading=\"lazy\" decoding=\"async\" width=\"1024\" height=\"683\" src=\"https:\/\/marcali.plebania.hu\/wp-content\/uploads\/2020\/11\/12-1024x683.jpg\" alt=\"\" data-id=\"2294\" data-full-url=\"https:\/\/marcali.plebania.hu\/wp-content\/uploads\/2020\/11\/12-scaled.jpg\" data-link=\"https:\/\/marcali.plebania.hu\/?attachment_id=2294\" class=\"wp-image-2294\" srcset=\"https:\/\/marcali.plebania.hu\/wp-content\/uploads\/2020\/11\/12-1024x683.jpg 1024w, https:\/\/marcali.plebania.hu\/wp-content\/uploads\/2020\/11\/12-300x200.jpg 300w, https:\/\/marcali.plebania.hu\/wp-content\/uploads\/2020\/11\/12-768x512.jpg 768w, https:\/\/marcali.plebania.hu\/wp-content\/uploads\/2020\/11\/12-1536x1024.jpg 1536w, https:\/\/marcali.plebania.hu\/wp-content\/uploads\/2020\/11\/12-2048x1365.jpg 2048w, https:\/\/marcali.plebania.hu\/wp-content\/uploads\/2020\/11\/12-405x270.jpg 405w\" sizes=\"auto, (max-width: 1024px) 100vw, 1024px\" \/><\/figure><\/li><li class=\"blocks-gallery-item\"><figure><img loading=\"lazy\" decoding=\"async\" width=\"1024\" height=\"683\" src=\"https:\/\/marcali.plebania.hu\/wp-content\/uploads\/2020\/11\/13-1-1024x683.jpg\" alt=\"\" data-id=\"2295\" data-full-url=\"https:\/\/marcali.plebania.hu\/wp-content\/uploads\/2020\/11\/13-1-scaled.jpg\" data-link=\"https:\/\/marcali.plebania.hu\/?attachment_id=2295\" class=\"wp-image-2295\" srcset=\"https:\/\/marcali.plebania.hu\/wp-content\/uploads\/2020\/11\/13-1-1024x683.jpg 1024w, https:\/\/marcali.plebania.hu\/wp-content\/uploads\/2020\/11\/13-1-300x200.jpg 300w, https:\/\/marcali.plebania.hu\/wp-content\/uploads\/2020\/11\/13-1-768x512.jpg 768w, https:\/\/marcali.plebania.hu\/wp-content\/uploads\/2020\/11\/13-1-1536x1024.jpg 1536w, https:\/\/marcali.plebania.hu\/wp-content\/uploads\/2020\/11\/13-1-2048x1365.jpg 2048w, https:\/\/marcali.plebania.hu\/wp-content\/uploads\/2020\/11\/13-1-405x270.jpg 405w\" sizes=\"auto, (max-width: 1024px) 100vw, 1024px\" \/><\/figure><\/li><\/ul><\/figure>\n\n\n\n<p>Krisztus Kir\u00e1ly \u00fcnnepe egyben az egyh\u00e1zi \u00e9v utols\u00f3 vas\u00e1rnapja. A k\u00f6vetkez\u0151 vas\u00e1rnapt\u00f3l m\u00e1r megkezd\u0151dik az \u00e1dvent id\u0151szaka. Sajnos az id\u00e9n \u2013 a pand\u00e9mia miatt \u2013 szabadt\u00e9ri k\u00fclt\u00e9ri \u00e1dventi koszor\u00fa nem k\u00e9sz\u00fcl a pl\u00e9b\u00e1niatemplom el\u0151tt, viszont a gyertyagy\u00fajt\u00e1sokat az\u00e9rt egyszer\u0171 form\u00e1ban, szombat est\u00e9nk\u00e9nt megtartj\u00e1k bent a templomban egy kisebb \u00e1dventi koszor\u00fan\u00e1l. Azonban a k\u00fclt\u00e9ri betlehemet \u2013 el\u0151re l\u00e1that\u00f3lag, ha a j\u00e1rv\u00e1ny-helyzet \u00fagy engedi, akkor \u2013 a kar\u00e1csonyi \u00fcnnepk\u00f6rben el fogj\u00e1k k\u00e9sz\u00edteni a megszokott helyen.<\/p>\n\n\n\n<figure class=\"wp-block-gallery columns-1 is-cropped wp-block-gallery-4 is-layout-flex wp-block-gallery-is-layout-flex\"><ul class=\"blocks-gallery-grid\"><li class=\"blocks-gallery-item\"><figure><img loading=\"lazy\" decoding=\"async\" width=\"1024\" height=\"711\" src=\"https:\/\/marcali.plebania.hu\/wp-content\/uploads\/2020\/11\/15-2-1024x711.jpg\" alt=\"\" data-id=\"2296\" data-full-url=\"https:\/\/marcali.plebania.hu\/wp-content\/uploads\/2020\/11\/15-2-scaled.jpg\" data-link=\"https:\/\/marcali.plebania.hu\/?attachment_id=2296\" class=\"wp-image-2296\" srcset=\"https:\/\/marcali.plebania.hu\/wp-content\/uploads\/2020\/11\/15-2-1024x711.jpg 1024w, https:\/\/marcali.plebania.hu\/wp-content\/uploads\/2020\/11\/15-2-300x208.jpg 300w, https:\/\/marcali.plebania.hu\/wp-content\/uploads\/2020\/11\/15-2-768x533.jpg 768w, https:\/\/marcali.plebania.hu\/wp-content\/uploads\/2020\/11\/15-2-1536x1066.jpg 1536w, https:\/\/marcali.plebania.hu\/wp-content\/uploads\/2020\/11\/15-2-2048x1422.jpg 2048w, https:\/\/marcali.plebania.hu\/wp-content\/uploads\/2020\/11\/15-2-389x270.jpg 389w\" sizes=\"auto, (max-width: 1024px) 100vw, 1024px\" \/><\/figure><\/li><\/ul><\/figure>\n","protected":false},"excerpt":{"rendered":"<p>2020. november 22-\u00e9n, vas\u00e1rnap a 9 \u00f3r\u00e1s szentmis\u00e9n Krisztus, a mindens\u00e9g kir\u00e1ly\u00e1nak \u00fcnnep\u00e9n nemcsak R\u00f3la, hanem Szent Erzs\u00e9betr\u0151l, a szeg\u00e9nyek v\u00e9d\u0151szentj\u00e9r\u0151l is megeml\u00e9keztek a Gy\u00fcm\u00f6lcsolt\u00f3 Boldogasszony pl\u00e9b\u00e1niatemplomban. A koronav\u00edrus-j\u00e1rv\u00e1ny miatt azonban az id\u00e9n elmaradt az \u00fcnnep\u00e9lyes bevonul\u00e1s a koron\u00e1val, keny\u00e9rrel \u00e9s r\u00f3zs\u00e1kkal, melyet minden \u00e9vben a hittanos \u00e9s ministr\u00e1ns gyermekek, valamint a helyi Karit\u00e1sz Csoport aktivist\u00e1i szoktak behozni a templomba. Egy\u00fattal \u2013 az aktu\u00e1lis j\u00e1rv\u00e1ny\u00fcgyi int\u00e9zked\u00e9sek betart\u00e1s\u00e1val \u2013 a Szent Erzs\u00e9bet szobrot sem hozt\u00e1k \u00e1t az X-h\u00e1zb\u00f3l, melyet mindig a&#8230;<\/p>\n<p class=\"read-more\"><a class=\"btn btn-default\" href=\"https:\/\/marcali.plebania.hu\/?p=2283\"> Read More<span class=\"screen-reader-text\">  Read More<\/span><\/a><\/p>\n","protected":false},"author":2,"featured_media":0,"comment_status":"closed","ping_status":"open","sticky":false,"template":"","format":"standard","meta":{"footnotes":""},"categories":[1],"tags":[],"class_list":["post-2283","post","type-post","status-publish","format-standard","hentry","category-egyeb"],"_links":{"self":[{"href":"https:\/\/marcali.plebania.hu\/index.php?rest_route=\/wp\/v2\/posts\/2283","targetHints":{"allow":["GET"]}}],"collection":[{"href":"https:\/\/marcali.plebania.hu\/index.php?rest_route=\/wp\/v2\/posts"}],"about":[{"href":"https:\/\/marcali.plebania.hu\/index.php?rest_route=\/wp\/v2\/types\/post"}],"author":[{"embeddable":true,"href":"https:\/\/marcali.plebania.hu\/index.php?rest_route=\/wp\/v2\/users\/2"}],"replies":[{"embeddable":true,"href":"https:\/\/marcali.plebania.hu\/index.php?rest_route=%2Fwp%2Fv2%2Fcomments&post=2283"}],"version-history":[{"count":1,"href":"https:\/\/marcali.plebania.hu\/index.php?rest_route=\/wp\/v2\/posts\/2283\/revisions"}],"predecessor-version":[{"id":2299,"href":"https:\/\/marcali.plebania.hu\/index.php?rest_route=\/wp\/v2\/posts\/2283\/revisions\/2299"}],"wp:attachment":[{"href":"https:\/\/marcali.plebania.hu\/index.php?rest_route=%2Fwp%2Fv2%2Fmedia&parent=2283"}],"wp:term":[{"taxonomy":"category","embeddable":true,"href":"https:\/\/marcali.plebania.hu\/index.php?rest_route=%2Fwp%2Fv2%2Fcategories&post=2283"},{"taxonomy":"post_tag","embeddable":true,"href":"https:\/\/marcali.plebania.hu\/index.php?rest_route=%2Fwp%2Fv2%2Ftags&post=2283"}],"curies":[{"name":"wp","href":"https:\/\/api.w.org\/{rel}","templated":true}]}}