{"id":2300,"date":"2020-11-27T10:22:01","date_gmt":"2020-11-27T10:22:01","guid":{"rendered":"https:\/\/marcali.plebania.hu\/?p=2300"},"modified":"2020-11-27T10:22:01","modified_gmt":"2020-11-27T10:22:01","slug":"hirdetesek-2020-11-29","status":"publish","type":"post","link":"https:\/\/marcali.plebania.hu\/?p=2300","title":{"rendered":"Hirdet\u00e9sek, 2020. 11. 29."},"content":{"rendered":"\n<ol class=\"wp-block-list\"><li>Ma\n\u00e1dvent 1. vas\u00e1rnapja van, az \u00faj egyh\u00e1zi \u00e9v kezdete.<\/li><li>Tov\u00e1bbra\nis \u00e9rv\u00e9nyben van a m\u00falt h\u00e9ten bevezetett miserend: szombat este 17 \u00f3rakor\npl\u00e9b\u00e1niatemplom, vas\u00e1rnap 9 \u00f3rakor pl\u00e9b\u00e1niatemplom, 17 \u00f3ra B. Gizella templom. K\u00e9rj\u00fck\na kedves testv\u00e9reket, hogy akik nem mernek, vagy nem tudnak elj\u00f6nni a\ntemplomba, azok odahaza a telev\u00edzi\u00f3n kereszt\u00fcl kapcsol\u00f3djanak bele a vas\u00e1rnapi\nszentmis\u00e9be.<\/li><li>Tov\u00e1bbra\nis \u00e9rv\u00e9nyben vannak a j\u00e1rv\u00e1ny\u00fcgyi el\u0151\u00edr\u00e1sok, a temet\u00e9seken is k\u00f6telez\u0151 a\nsz\u00e1jmaszk haszn\u00e1lata.<\/li><li>\u00c1dventi\ngyertyagy\u00fajt\u00e1sok a szabadt\u00e9ren elmaradnak, nem is \u00e1ll\u00edtottuk fel a k\u00fclt\u00e9ri\n\u00e1dventi koszor\u00fat, mert a j\u00e1rv\u00e1ny\u00fcgyi el\u0151\u00edr\u00e1soknak megfelel\u0151en minden rendezv\u00e9ny\ntilos.<\/li><li>A\npl\u00e9b\u00e1nia irod\u00e1ba az \u00fcgyint\u00e9z\u00e9s csak online form\u00e1ban t\u00f6rt\u00e9nhet (telefon:\n85\/510-233, e-mail: <a href=\"mailto:marcaliplebania@gmail.com\">marcaliplebania@gmail.com<\/a>).\nCsak a legsz\u00fcks\u00e9gesebb esetekben lehet szem\u00e9lyes kontaktus egy f\u0151\nr\u00e9szv\u00e9tel\u00e9vel.<\/li><li>Napt\u00e1r,\nkalend\u00e1rium m\u00e9g kaphat\u00f3 a sekresty\u00e9ben.<\/li><\/ol>\n","protected":false},"excerpt":{"rendered":"<p>Ma \u00e1dvent 1. vas\u00e1rnapja van, az \u00faj egyh\u00e1zi \u00e9v kezdete. Tov\u00e1bbra is \u00e9rv\u00e9nyben van a m\u00falt h\u00e9ten bevezetett miserend: szombat este 17 \u00f3rakor pl\u00e9b\u00e1niatemplom, vas\u00e1rnap 9 \u00f3rakor pl\u00e9b\u00e1niatemplom, 17 \u00f3ra B. Gizella templom. K\u00e9rj\u00fck a kedves testv\u00e9reket, hogy akik nem mernek, vagy nem tudnak elj\u00f6nni a templomba, azok odahaza a telev\u00edzi\u00f3n kereszt\u00fcl kapcsol\u00f3djanak bele a vas\u00e1rnapi szentmis\u00e9be. Tov\u00e1bbra is \u00e9rv\u00e9nyben vannak a j\u00e1rv\u00e1ny\u00fcgyi el\u0151\u00edr\u00e1sok, a temet\u00e9seken is k\u00f6telez\u0151 a sz\u00e1jmaszk haszn\u00e1lata. \u00c1dventi gyertyagy\u00fajt\u00e1sok a szabadt\u00e9ren elmaradnak, nem is \u00e1ll\u00edtottuk fel&#8230;<\/p>\n<p class=\"read-more\"><a class=\"btn btn-default\" href=\"https:\/\/marcali.plebania.hu\/?p=2300\"> Read More<span class=\"screen-reader-text\">  Read More<\/span><\/a><\/p>\n","protected":false},"author":2,"featured_media":0,"comment_status":"closed","ping_status":"open","sticky":false,"template":"","format":"standard","meta":{"footnotes":""},"categories":[1],"tags":[],"class_list":["post-2300","post","type-post","status-publish","format-standard","hentry","category-egyeb"],"_links":{"self":[{"href":"https:\/\/marcali.plebania.hu\/index.php?rest_route=\/wp\/v2\/posts\/2300","targetHints":{"allow":["GET"]}}],"collection":[{"href":"https:\/\/marcali.plebania.hu\/index.php?rest_route=\/wp\/v2\/posts"}],"about":[{"href":"https:\/\/marcali.plebania.hu\/index.php?rest_route=\/wp\/v2\/types\/post"}],"author":[{"embeddable":true,"href":"https:\/\/marcali.plebania.hu\/index.php?rest_route=\/wp\/v2\/users\/2"}],"replies":[{"embeddable":true,"href":"https:\/\/marcali.plebania.hu\/index.php?rest_route=%2Fwp%2Fv2%2Fcomments&post=2300"}],"version-history":[{"count":1,"href":"https:\/\/marcali.plebania.hu\/index.php?rest_route=\/wp\/v2\/posts\/2300\/revisions"}],"predecessor-version":[{"id":2301,"href":"https:\/\/marcali.plebania.hu\/index.php?rest_route=\/wp\/v2\/posts\/2300\/revisions\/2301"}],"wp:attachment":[{"href":"https:\/\/marcali.plebania.hu\/index.php?rest_route=%2Fwp%2Fv2%2Fmedia&parent=2300"}],"wp:term":[{"taxonomy":"category","embeddable":true,"href":"https:\/\/marcali.plebania.hu\/index.php?rest_route=%2Fwp%2Fv2%2Fcategories&post=2300"},{"taxonomy":"post_tag","embeddable":true,"href":"https:\/\/marcali.plebania.hu\/index.php?rest_route=%2Fwp%2Fv2%2Ftags&post=2300"}],"curies":[{"name":"wp","href":"https:\/\/api.w.org\/{rel}","templated":true}]}}