{"id":2302,"date":"2020-12-04T08:42:22","date_gmt":"2020-12-04T08:42:22","guid":{"rendered":"https:\/\/marcali.plebania.hu\/?p=2302"},"modified":"2020-12-07T14:58:12","modified_gmt":"2020-12-07T14:58:12","slug":"hirdetesek-2020-12-06","status":"publish","type":"post","link":"https:\/\/marcali.plebania.hu\/?p=2302","title":{"rendered":"Hirdet\u00e9sek, 2020. 12. 06."},"content":{"rendered":"\n<ol class=\"wp-block-list\"><li>Ma \u00c1dvent 2. vas\u00e1rnapja van.<\/li><li>Kedden, december 8-\u00e1n Szepl\u0151telen fogantat\u00e1s \u00fcnnepe, a pl\u00e9b\u00e1niatemplomban 16.30-kor szents\u00e9gim\u00e1d\u00e1st tartunk, 17 \u00f3rakor szentmise. <\/li><li>Szombaton 16 \u00f3r\u00e1t\u00f3l fatimai \u00e1jtatoss\u00e1got tarunk, 17 \u00f3rakor szentmise.<\/li><li>A szentmis\u00e9k rendje: szombaton 17 \u00f3rakor \u00e9s vas\u00e1rnap 9 \u00f3rakor a pl\u00e9b\u00e1niatemplomban, vas\u00e1rnap 17 \u00f3rakor a B. Gizella templomban.<\/li><li>Terveink szerint, ha a j\u00e1rv\u00e1nyhelyzet engedi, fel\u00e1ll\u00edtjuk a k\u00fclt\u00e9ri betlehem\u00fcnket. Ennek id\u0151pontj\u00e1r\u00f3l az aktu\u00e1lis id\u0151ben d\u00f6nt\u00fcnk.<\/li><li>A pl\u00e9b\u00e1nia irod\u00e1ba az \u00fcgyint\u00e9z\u00e9s csak online form\u00e1ban t\u00f6rt\u00e9nhet (telefon: 85\/510-233, e-mail: <a href=\"mailto:marcaliplebania@gmail.com\">marcaliplebania@gmail.com<\/a>). Csak a legsz\u00fcks\u00e9gesebb esetekben lehet szem\u00e9lyes kontaktus egy f\u0151 r\u00e9szv\u00e9tel\u00e9vel.<\/li><li>Napt\u00e1r, kalend\u00e1rium m\u00e9g kaphat\u00f3 a sekresty\u00e9ben.<\/li><\/ol>\n","protected":false},"excerpt":{"rendered":"<p>Ma \u00c1dvent 2. vas\u00e1rnapja van. Kedden, december 8-\u00e1n Szepl\u0151telen fogantat\u00e1s \u00fcnnepe, a pl\u00e9b\u00e1niatemplomban 16.30-kor szents\u00e9gim\u00e1d\u00e1st tartunk, 17 \u00f3rakor szentmise. Szombaton 16 \u00f3r\u00e1t\u00f3l fatimai \u00e1jtatoss\u00e1got tarunk, 17 \u00f3rakor szentmise. A szentmis\u00e9k rendje: szombaton 17 \u00f3rakor \u00e9s vas\u00e1rnap 9 \u00f3rakor a pl\u00e9b\u00e1niatemplomban, vas\u00e1rnap 17 \u00f3rakor a B. Gizella templomban. Terveink szerint, ha a j\u00e1rv\u00e1nyhelyzet engedi, fel\u00e1ll\u00edtjuk a k\u00fclt\u00e9ri betlehem\u00fcnket. Ennek id\u0151pontj\u00e1r\u00f3l az aktu\u00e1lis id\u0151ben d\u00f6nt\u00fcnk. A pl\u00e9b\u00e1nia irod\u00e1ba az \u00fcgyint\u00e9z\u00e9s csak online form\u00e1ban t\u00f6rt\u00e9nhet (telefon: 85\/510-233, e-mail: marcaliplebania@gmail.com). Csak a legsz\u00fcks\u00e9gesebb esetekben&#8230;<\/p>\n<p class=\"read-more\"><a class=\"btn btn-default\" href=\"https:\/\/marcali.plebania.hu\/?p=2302\"> Read More<span class=\"screen-reader-text\">  Read More<\/span><\/a><\/p>\n","protected":false},"author":2,"featured_media":0,"comment_status":"closed","ping_status":"open","sticky":false,"template":"","format":"standard","meta":{"footnotes":""},"categories":[1],"tags":[],"class_list":["post-2302","post","type-post","status-publish","format-standard","hentry","category-egyeb"],"_links":{"self":[{"href":"https:\/\/marcali.plebania.hu\/index.php?rest_route=\/wp\/v2\/posts\/2302","targetHints":{"allow":["GET"]}}],"collection":[{"href":"https:\/\/marcali.plebania.hu\/index.php?rest_route=\/wp\/v2\/posts"}],"about":[{"href":"https:\/\/marcali.plebania.hu\/index.php?rest_route=\/wp\/v2\/types\/post"}],"author":[{"embeddable":true,"href":"https:\/\/marcali.plebania.hu\/index.php?rest_route=\/wp\/v2\/users\/2"}],"replies":[{"embeddable":true,"href":"https:\/\/marcali.plebania.hu\/index.php?rest_route=%2Fwp%2Fv2%2Fcomments&post=2302"}],"version-history":[{"count":3,"href":"https:\/\/marcali.plebania.hu\/index.php?rest_route=\/wp\/v2\/posts\/2302\/revisions"}],"predecessor-version":[{"id":2307,"href":"https:\/\/marcali.plebania.hu\/index.php?rest_route=\/wp\/v2\/posts\/2302\/revisions\/2307"}],"wp:attachment":[{"href":"https:\/\/marcali.plebania.hu\/index.php?rest_route=%2Fwp%2Fv2%2Fmedia&parent=2302"}],"wp:term":[{"taxonomy":"category","embeddable":true,"href":"https:\/\/marcali.plebania.hu\/index.php?rest_route=%2Fwp%2Fv2%2Fcategories&post=2302"},{"taxonomy":"post_tag","embeddable":true,"href":"https:\/\/marcali.plebania.hu\/index.php?rest_route=%2Fwp%2Fv2%2Ftags&post=2302"}],"curies":[{"name":"wp","href":"https:\/\/api.w.org\/{rel}","templated":true}]}}