{"id":2308,"date":"2020-12-10T13:49:32","date_gmt":"2020-12-10T13:49:32","guid":{"rendered":"https:\/\/marcali.plebania.hu\/?p=2308"},"modified":"2020-12-10T13:49:32","modified_gmt":"2020-12-10T13:49:32","slug":"in-memoriam-toth-gyorgy-1935-2020-marcali-kantor","status":"publish","type":"post","link":"https:\/\/marcali.plebania.hu\/?p=2308","title":{"rendered":"In memoriam: T\u00f3th Gy\u00f6rgy (1935-2020) marcali k\u00e1ntor"},"content":{"rendered":"\n<p>T\u00f3th Gy\u00f6rgy 1935. okt\u00f3ber 26-\u00e1n sz\u00fcletett Somogys\u00e1msonban. Gyermekkor\u00e1t is sz\u00fcl\u0151faluj\u00e1ban t\u00f6lt\u00f6tte. \u00c1ltal\u00e1nos iskolai tanulm\u00e1nyait is itt folytatta. A K\u00e1ntork\u00e9pz\u0151t Gy\u0151rben v\u00e9gezte 1954. november\u00e9ben \u2013 olyan, id\u0151ben, amikor nem volt divat ezt a hivat\u00e1st v\u00e1lasztani. 19 \u00e9ves kor\u00e1t\u00f3l kezdve Somogys\u00e1mson \u00e9s k\u00f6rny\u00e9ke k\u00e1ntora, s egyben a helyi \u00e1ltal\u00e1nos iskola hivatalseg\u00e9dje volt.<\/p>\n\n\n\n<div class=\"wp-block-image\"><figure class=\"aligncenter size-large\"><img loading=\"lazy\" decoding=\"async\" width=\"924\" height=\"1024\" src=\"https:\/\/marcali.plebania.hu\/wp-content\/uploads\/2020\/12\/Gyuri-b\u00e1csi-924x1024.png\" alt=\"\" class=\"wp-image-2309\" srcset=\"https:\/\/marcali.plebania.hu\/wp-content\/uploads\/2020\/12\/Gyuri-b\u00e1csi-924x1024.png 924w, https:\/\/marcali.plebania.hu\/wp-content\/uploads\/2020\/12\/Gyuri-b\u00e1csi-271x300.png 271w, https:\/\/marcali.plebania.hu\/wp-content\/uploads\/2020\/12\/Gyuri-b\u00e1csi-768x851.png 768w, https:\/\/marcali.plebania.hu\/wp-content\/uploads\/2020\/12\/Gyuri-b\u00e1csi-244x270.png 244w, https:\/\/marcali.plebania.hu\/wp-content\/uploads\/2020\/12\/Gyuri-b\u00e1csi.png 1152w\" sizes=\"auto, (max-width: 924px) 100vw, 924px\" \/><\/figure><\/div>\n\n\n\n<p>1958-ban\nk\u00f6t\u00f6tt h\u00e1zass\u00e1got Kelemen Olg\u00e1val. H\u00e1zass\u00e1gukb\u00f3l 4 gyermek sz\u00fcletett, akik\naz\u00f3ta feln\u0151ttek \u2013 5 unok\u00e1val \u00e9s 4 d\u00e9dunok\u00e1val aj\u00e1nd\u00e9kozva meg sz\u00fcleiket.<\/p>\n\n\n\n<p>1988\n\u0151sz\u00e9n k\u00f6lt\u00f6ztek Marcaliba, ahova R\u00e9vai J\u00f3zsef pr\u00e9post-pl\u00e9b\u00e1nos h\u00edvta Gyuri\nb\u00e1csit k\u00e1ntornak, feles\u00e9g\u00e9t pedig sekresty\u00e9snek. Att\u00f3l fogva T\u00f3th Gy\u00f6rgy \u2013 26\n\u00e9ven \u00e1t \u2013 Marcali k\u00e1ntora volt eg\u00e9szen 2014-ig.<\/p>\n\n\n\n<p>A\nJ\u00f3 Isten sz\u00e9p baritonhanggal \u00e1ldotta meg, ami p\u00e1rosult hivat\u00e1studat\u00e1val \u00e9s a\nzene ir\u00e1nti szeretet\u00e9vel. Munk\u00e1ja napi elfoglalts\u00e1got jelentett, m\u00e9g a\nlegnagyobb \u00fcnnepeken is sok-sok szentmis\u00e9n kellett \u00e9nekelnie \u00e9s orgon\u00e1n j\u00e1tszania.<\/p>\n\n\n\n<p>Marcaliban\nmintegy 3000 embert, \u00f6sszesen t\u00f6bb mint 4000 elhunytat k\u00eds\u00e9rt utols\u00f3 \u00fatj\u00e1ra, valamint\nt\u00f6bb sz\u00e1z p\u00e1r esk\u00fcv\u0151j\u00e9n orgon\u00e1lt 64 \u00e9ves k\u00e1ntori szolg\u00e1lata alatt. Gyuri b\u00e1csi\nakt\u00edv tagja volt az Egyh\u00e1zk\u00f6zs\u00e9g K\u00e9pvisel\u0151 Test\u00fclet\u00e9nek. Ezen k\u00edv\u00fcl az egyik\nalap\u00edt\u00f3 tagja volt az 1995-ben alakult Kereszt\u00e9ny \u00c9rtelmis\u00e9giek Sz\u00f6vets\u00e9ge\n(K\u00c9SZ) Marcali Csoportj\u00e1nak is.<\/p>\n\n\n\n<p>Kedvenc\n\u00e9nekei a M\u00e1ri\u00e1t \u00e9s J\u00e9zust dics\u0151\u00edt\u0151 \u00e9nekek voltak.<\/p>\n\n\n\n<p>2012-ben\nMarcali V\u00e1ros \u00d6nkorm\u00e1nyzata T\u00f3th Gy\u00f6rgynek Marcali V\u00e1ros\u00e9rt kit\u00fcntet\u0151\neml\u00e9k\u00e9rmet adom\u00e1nyozott.<\/p>\n\n\n\n<p>F\u00e1jdalommal, de Isten akarat\u00e1ban megnyugodva, a felt\u00e1mad\u00e1s rem\u00e9ny\u00e9ben b\u00facs\u00faznak t\u0151le: a gy\u00e1szol\u00f3 csal\u00e1d, rokonai, ismer\u0151sei, a Marcali R\u00f3mai Katolikus Egyh\u00e1zk\u00f6zs\u00e9g \u00e9s a Kereszt\u00e9ny \u00c9rtelmis\u00e9giek Sz\u00f6vets\u00e9ge (K\u00c9SZ) Marcali Csoportja.<\/p>\n\n\n\n<p><\/p>\n\n\n\n<p>Fot\u00f3: Marcali Port\u00e1l<\/p>\n","protected":false},"excerpt":{"rendered":"<p>T\u00f3th Gy\u00f6rgy 1935. okt\u00f3ber 26-\u00e1n sz\u00fcletett Somogys\u00e1msonban. Gyermekkor\u00e1t is sz\u00fcl\u0151faluj\u00e1ban t\u00f6lt\u00f6tte. \u00c1ltal\u00e1nos iskolai tanulm\u00e1nyait is itt folytatta. A K\u00e1ntork\u00e9pz\u0151t Gy\u0151rben v\u00e9gezte 1954. november\u00e9ben \u2013 olyan, id\u0151ben, amikor nem volt divat ezt a hivat\u00e1st v\u00e1lasztani. 19 \u00e9ves kor\u00e1t\u00f3l kezdve Somogys\u00e1mson \u00e9s k\u00f6rny\u00e9ke k\u00e1ntora, s egyben a helyi \u00e1ltal\u00e1nos iskola hivatalseg\u00e9dje volt. 1958-ban k\u00f6t\u00f6tt h\u00e1zass\u00e1got Kelemen Olg\u00e1val. H\u00e1zass\u00e1gukb\u00f3l 4 gyermek sz\u00fcletett, akik az\u00f3ta feln\u0151ttek \u2013 5 unok\u00e1val \u00e9s 4 d\u00e9dunok\u00e1val aj\u00e1nd\u00e9kozva meg sz\u00fcleiket. 1988 \u0151sz\u00e9n k\u00f6lt\u00f6ztek Marcaliba, ahova R\u00e9vai J\u00f3zsef pr\u00e9post-pl\u00e9b\u00e1nos h\u00edvta&#8230;<\/p>\n<p class=\"read-more\"><a class=\"btn btn-default\" href=\"https:\/\/marcali.plebania.hu\/?p=2308\"> Read More<span class=\"screen-reader-text\">  Read More<\/span><\/a><\/p>\n","protected":false},"author":2,"featured_media":0,"comment_status":"closed","ping_status":"open","sticky":false,"template":"","format":"standard","meta":{"footnotes":""},"categories":[1],"tags":[],"class_list":["post-2308","post","type-post","status-publish","format-standard","hentry","category-egyeb"],"_links":{"self":[{"href":"https:\/\/marcali.plebania.hu\/index.php?rest_route=\/wp\/v2\/posts\/2308","targetHints":{"allow":["GET"]}}],"collection":[{"href":"https:\/\/marcali.plebania.hu\/index.php?rest_route=\/wp\/v2\/posts"}],"about":[{"href":"https:\/\/marcali.plebania.hu\/index.php?rest_route=\/wp\/v2\/types\/post"}],"author":[{"embeddable":true,"href":"https:\/\/marcali.plebania.hu\/index.php?rest_route=\/wp\/v2\/users\/2"}],"replies":[{"embeddable":true,"href":"https:\/\/marcali.plebania.hu\/index.php?rest_route=%2Fwp%2Fv2%2Fcomments&post=2308"}],"version-history":[{"count":1,"href":"https:\/\/marcali.plebania.hu\/index.php?rest_route=\/wp\/v2\/posts\/2308\/revisions"}],"predecessor-version":[{"id":2310,"href":"https:\/\/marcali.plebania.hu\/index.php?rest_route=\/wp\/v2\/posts\/2308\/revisions\/2310"}],"wp:attachment":[{"href":"https:\/\/marcali.plebania.hu\/index.php?rest_route=%2Fwp%2Fv2%2Fmedia&parent=2308"}],"wp:term":[{"taxonomy":"category","embeddable":true,"href":"https:\/\/marcali.plebania.hu\/index.php?rest_route=%2Fwp%2Fv2%2Fcategories&post=2308"},{"taxonomy":"post_tag","embeddable":true,"href":"https:\/\/marcali.plebania.hu\/index.php?rest_route=%2Fwp%2Fv2%2Ftags&post=2308"}],"curies":[{"name":"wp","href":"https:\/\/api.w.org\/{rel}","templated":true}]}}