{"id":231,"date":"2018-05-16T07:23:59","date_gmt":"2018-05-16T07:23:59","guid":{"rendered":"https:\/\/marcali.plebania.hu\/?p=231"},"modified":"2018-05-16T07:23:59","modified_gmt":"2018-05-16T07:23:59","slug":"egyhazmegyei-zarandoklat-ludbregbe-es-maria-bisztricara","status":"publish","type":"post","link":"https:\/\/marcali.plebania.hu\/?p=231","title":{"rendered":"Egyh\u00e1zmegyei zar\u00e1ndoklat Ludbregbe \u00e9s M\u00e1ria Bisztric\u00e1ra"},"content":{"rendered":"<p>2018. m\u00e1jus 12-\u00e9n mintegy 1000 f\u0151vel Kaposv\u00e1r Egyh\u00e1zmegyei zar\u00e1ndoklat indult, k\u00f6zt\u00fck 70 marcali zar\u00e1ndokkal a horv\u00e1torsz\u00e1gi Ludbregbe \u00e9s M\u00e1ria Bisztric\u00e1ra.<\/p>\n<p><img loading=\"lazy\" decoding=\"async\" class=\"aligncenter wp-image-232 size-full\" src=\"https:\/\/marcali.plebania.hu\/wp-content\/uploads\/2018\/05\/DSC_0785_1024x683.jpg\" alt=\"\" width=\"1000\" height=\"667\" srcset=\"https:\/\/marcali.plebania.hu\/wp-content\/uploads\/2018\/05\/DSC_0785_1024x683.jpg 1000w, https:\/\/marcali.plebania.hu\/wp-content\/uploads\/2018\/05\/DSC_0785_1024x683-300x200.jpg 300w, https:\/\/marcali.plebania.hu\/wp-content\/uploads\/2018\/05\/DSC_0785_1024x683-768x512.jpg 768w, https:\/\/marcali.plebania.hu\/wp-content\/uploads\/2018\/05\/DSC_0785_1024x683-405x270.jpg 405w\" sizes=\"auto, (max-width: 1000px) 100vw, 1000px\" \/><\/p>\n<p>Ez volt a m\u00e1sodik egyh\u00e1zmegyei zar\u00e1ndoklat, melynek c\u00e9lja, hogy felk\u00e9sz\u00edtse a h\u00edveket a 2020-as Eukarisztikus Vil\u00e1gkongresszusra. Ludbregben Szent V\u00e9r erekly\u00e9t \u0151riznek, melyet \u00e9venk\u00e9nt t\u00f6bb sz\u00e1zezer zar\u00e1ndok keres fel. Az Egyh\u00e1zmegyei zar\u00e1ndokok el\u0151sz\u00f6r Varga L\u00e1szl\u00f3 kaposv\u00e1ri megy\u00e9sp\u00fcsp\u00f6k papt\u00e1rsaival egy\u00fctt bemutatott szentmis\u00e9j\u00e9n vettek r\u00e9szt.<\/p>\n<p><img loading=\"lazy\" decoding=\"async\" class=\"aligncenter wp-image-233 size-full\" src=\"https:\/\/marcali.plebania.hu\/wp-content\/uploads\/2018\/05\/DSC_0853_1024x683.jpg\" alt=\"\" width=\"1000\" height=\"667\" srcset=\"https:\/\/marcali.plebania.hu\/wp-content\/uploads\/2018\/05\/DSC_0853_1024x683.jpg 1000w, https:\/\/marcali.plebania.hu\/wp-content\/uploads\/2018\/05\/DSC_0853_1024x683-300x200.jpg 300w, https:\/\/marcali.plebania.hu\/wp-content\/uploads\/2018\/05\/DSC_0853_1024x683-768x512.jpg 768w, https:\/\/marcali.plebania.hu\/wp-content\/uploads\/2018\/05\/DSC_0853_1024x683-405x270.jpg 405w\" sizes=\"auto, (max-width: 1000px) 100vw, 1000px\" \/><\/p>\n<p>Majd M\u00e1ria Bisztric\u00e1ra \u00e9rve Iv\u00e1n atya vezet\u00e9s\u00e9vel M\u00e1ria-dics\u00e9ret kezd\u0151d\u00f6tt Horv\u00e1torsz\u00e1g legnagyobb zar\u00e1ndokhely\u00e9n. A zar\u00e1ndokok egy ismertet\u0151t is meghallgattak a kegyhely t\u00f6rt\u00e9net\u00e9r\u0151l.<\/p>\n<p>V\u00e1rosn\u00e9z\u00e9s \u00e9s a szabadt\u00e9ri olt\u00e1r megtekint\u00e9se, valamint a m\u00f6g\u00f6tte l\u00e9v\u0151 k\u00e1lv\u00e1ria felkeres\u00e9se ut\u00e1n indultak haza a zar\u00e1ndokok.<\/p>\n","protected":false},"excerpt":{"rendered":"<p>2018. m\u00e1jus 12-\u00e9n mintegy 1000 f\u0151vel Kaposv\u00e1r Egyh\u00e1zmegyei zar\u00e1ndoklat indult, k\u00f6zt\u00fck 70 marcali zar\u00e1ndokkal a horv\u00e1torsz\u00e1gi Ludbregbe \u00e9s M\u00e1ria Bisztric\u00e1ra. Ez volt a m\u00e1sodik egyh\u00e1zmegyei zar\u00e1ndoklat, melynek c\u00e9lja, hogy felk\u00e9sz\u00edtse a h\u00edveket a 2020-as Eukarisztikus Vil\u00e1gkongresszusra. Ludbregben Szent V\u00e9r erekly\u00e9t \u0151riznek, melyet \u00e9venk\u00e9nt t\u00f6bb sz\u00e1zezer zar\u00e1ndok keres fel. Az Egyh\u00e1zmegyei zar\u00e1ndokok el\u0151sz\u00f6r Varga L\u00e1szl\u00f3 kaposv\u00e1ri megy\u00e9sp\u00fcsp\u00f6k papt\u00e1rsaival egy\u00fctt bemutatott szentmis\u00e9j\u00e9n vettek r\u00e9szt. Majd M\u00e1ria Bisztric\u00e1ra \u00e9rve Iv\u00e1n atya vezet\u00e9s\u00e9vel M\u00e1ria-dics\u00e9ret kezd\u0151d\u00f6tt Horv\u00e1torsz\u00e1g legnagyobb zar\u00e1ndokhely\u00e9n. A zar\u00e1ndokok egy ismertet\u0151t is meghallgattak&#8230;<\/p>\n<p class=\"read-more\"><a class=\"btn btn-default\" href=\"https:\/\/marcali.plebania.hu\/?p=231\"> Read More<span class=\"screen-reader-text\">  Read More<\/span><\/a><\/p>\n","protected":false},"author":2,"featured_media":0,"comment_status":"closed","ping_status":"open","sticky":false,"template":"","format":"standard","meta":{"footnotes":""},"categories":[1],"tags":[],"class_list":["post-231","post","type-post","status-publish","format-standard","hentry","category-egyeb"],"_links":{"self":[{"href":"https:\/\/marcali.plebania.hu\/index.php?rest_route=\/wp\/v2\/posts\/231","targetHints":{"allow":["GET"]}}],"collection":[{"href":"https:\/\/marcali.plebania.hu\/index.php?rest_route=\/wp\/v2\/posts"}],"about":[{"href":"https:\/\/marcali.plebania.hu\/index.php?rest_route=\/wp\/v2\/types\/post"}],"author":[{"embeddable":true,"href":"https:\/\/marcali.plebania.hu\/index.php?rest_route=\/wp\/v2\/users\/2"}],"replies":[{"embeddable":true,"href":"https:\/\/marcali.plebania.hu\/index.php?rest_route=%2Fwp%2Fv2%2Fcomments&post=231"}],"version-history":[{"count":1,"href":"https:\/\/marcali.plebania.hu\/index.php?rest_route=\/wp\/v2\/posts\/231\/revisions"}],"predecessor-version":[{"id":234,"href":"https:\/\/marcali.plebania.hu\/index.php?rest_route=\/wp\/v2\/posts\/231\/revisions\/234"}],"wp:attachment":[{"href":"https:\/\/marcali.plebania.hu\/index.php?rest_route=%2Fwp%2Fv2%2Fmedia&parent=231"}],"wp:term":[{"taxonomy":"category","embeddable":true,"href":"https:\/\/marcali.plebania.hu\/index.php?rest_route=%2Fwp%2Fv2%2Fcategories&post=231"},{"taxonomy":"post_tag","embeddable":true,"href":"https:\/\/marcali.plebania.hu\/index.php?rest_route=%2Fwp%2Fv2%2Ftags&post=231"}],"curies":[{"name":"wp","href":"https:\/\/api.w.org\/{rel}","templated":true}]}}