{"id":2311,"date":"2020-12-11T08:32:32","date_gmt":"2020-12-11T08:32:32","guid":{"rendered":"https:\/\/marcali.plebania.hu\/?p=2311"},"modified":"2020-12-11T08:32:32","modified_gmt":"2020-12-11T08:32:32","slug":"hirdetesek-2020-12-13","status":"publish","type":"post","link":"https:\/\/marcali.plebania.hu\/?p=2311","title":{"rendered":"Hirdet\u00e9sek, 2020. 12. 13."},"content":{"rendered":"\n<ol class=\"wp-block-list\"><li>Ma\n\u00e1dvent 3. vas\u00e1rnapja van.<\/li><li>H\u00e1zi\nbetegekhez, az id\u0151sek otthon\u00e1ba \u00e9s a k\u00f3rh\u00e1zba nem tudunk menni a l\u00e1togat\u00e1si\ntilalom \u00e9s a j\u00e1rv\u00e1nyhelyzet miatt.<\/li><li>A\nmegy\u00e9sp\u00fcsp\u00f6k felhatalmaz\u00e1st adott az \u00e1ltal\u00e1nos feloldoz\u00e1sra, mely ebben a\nhelyzetben \u00e9rv\u00e9nyes azzal a felt\u00e9tellel, hogy a j\u00e1rv\u00e1nyhelyzet elm\u00falt\u00e1val\nszentgy\u00f3n\u00e1st kell v\u00e9gezni.<\/li><li>Az\nidei \u00e9vben is fel\u00e1ll\u00edtjuk k\u00fclt\u00e9ri betlehem\u00fcnket, a fel\u00e1ll\u00edt\u00e1s a j\u00f6v\u0151 szombaton\n9 \u00f3rakor kezd\u0151dik. Er\u0151s f\u00e9rfiakat v\u00e1runk a munk\u00e1hoz.<\/li><li>A\nk\u00f6rny\u00e9k aty\u00e1ival is egyeztetve a kar\u00e1csonyi miserend: Kar\u00e1csonykor (<em>p\u00e9nteken<\/em>): 9.00 \u00f3ra pl\u00e9b\u00e1niatemplom, 11.00 \u00f3ra Gomba\n(igeliturgia), 17.00 \u00f3ra B. Gizella templom; Kar\u00e1csony m\u00e1snapj\u00e1n\n(<em>szombaton<\/em>) 9.00 \u00f3ra pl\u00e9b\u00e1niatemplom\n(igeliturgia), 11.00 \u00f3ra Bize, 17.00 \u00f3ra B. Gizella templom; Vas\u00e1rnap 9.00 \u00f3ra pl\u00e9b\u00e1niatemplom (borszentel\u00e9s),\n11.00 \u00f3ra Gomba.<\/li><li>Kalend\u00e1rium\nm\u00e9g kaphat\u00f3 a sekresty\u00e9ben. Napt\u00e1rakat pedig a p\u00e9nteki piacon lehet v\u00e1s\u00e1rolni.<\/li><li>A\nkar\u00e1csonyi vir\u00e1gp\u00e9nzt a sekresty\u00e9snek k\u00e9rj\u00fck eljuttatni.<\/li><\/ol>\n","protected":false},"excerpt":{"rendered":"<p>Ma \u00e1dvent 3. vas\u00e1rnapja van. H\u00e1zi betegekhez, az id\u0151sek otthon\u00e1ba \u00e9s a k\u00f3rh\u00e1zba nem tudunk menni a l\u00e1togat\u00e1si tilalom \u00e9s a j\u00e1rv\u00e1nyhelyzet miatt. A megy\u00e9sp\u00fcsp\u00f6k felhatalmaz\u00e1st adott az \u00e1ltal\u00e1nos feloldoz\u00e1sra, mely ebben a helyzetben \u00e9rv\u00e9nyes azzal a felt\u00e9tellel, hogy a j\u00e1rv\u00e1nyhelyzet elm\u00falt\u00e1val szentgy\u00f3n\u00e1st kell v\u00e9gezni. Az idei \u00e9vben is fel\u00e1ll\u00edtjuk k\u00fclt\u00e9ri betlehem\u00fcnket, a fel\u00e1ll\u00edt\u00e1s a j\u00f6v\u0151 szombaton 9 \u00f3rakor kezd\u0151dik. Er\u0151s f\u00e9rfiakat v\u00e1runk a munk\u00e1hoz. A k\u00f6rny\u00e9k aty\u00e1ival is egyeztetve a kar\u00e1csonyi miserend: Kar\u00e1csonykor (p\u00e9nteken): 9.00 \u00f3ra pl\u00e9b\u00e1niatemplom, 11.00 \u00f3ra&#8230;<\/p>\n<p class=\"read-more\"><a class=\"btn btn-default\" href=\"https:\/\/marcali.plebania.hu\/?p=2311\"> Read More<span class=\"screen-reader-text\">  Read More<\/span><\/a><\/p>\n","protected":false},"author":2,"featured_media":0,"comment_status":"closed","ping_status":"open","sticky":false,"template":"","format":"standard","meta":{"footnotes":""},"categories":[1],"tags":[],"class_list":["post-2311","post","type-post","status-publish","format-standard","hentry","category-egyeb"],"_links":{"self":[{"href":"https:\/\/marcali.plebania.hu\/index.php?rest_route=\/wp\/v2\/posts\/2311","targetHints":{"allow":["GET"]}}],"collection":[{"href":"https:\/\/marcali.plebania.hu\/index.php?rest_route=\/wp\/v2\/posts"}],"about":[{"href":"https:\/\/marcali.plebania.hu\/index.php?rest_route=\/wp\/v2\/types\/post"}],"author":[{"embeddable":true,"href":"https:\/\/marcali.plebania.hu\/index.php?rest_route=\/wp\/v2\/users\/2"}],"replies":[{"embeddable":true,"href":"https:\/\/marcali.plebania.hu\/index.php?rest_route=%2Fwp%2Fv2%2Fcomments&post=2311"}],"version-history":[{"count":1,"href":"https:\/\/marcali.plebania.hu\/index.php?rest_route=\/wp\/v2\/posts\/2311\/revisions"}],"predecessor-version":[{"id":2312,"href":"https:\/\/marcali.plebania.hu\/index.php?rest_route=\/wp\/v2\/posts\/2311\/revisions\/2312"}],"wp:attachment":[{"href":"https:\/\/marcali.plebania.hu\/index.php?rest_route=%2Fwp%2Fv2%2Fmedia&parent=2311"}],"wp:term":[{"taxonomy":"category","embeddable":true,"href":"https:\/\/marcali.plebania.hu\/index.php?rest_route=%2Fwp%2Fv2%2Fcategories&post=2311"},{"taxonomy":"post_tag","embeddable":true,"href":"https:\/\/marcali.plebania.hu\/index.php?rest_route=%2Fwp%2Fv2%2Ftags&post=2311"}],"curies":[{"name":"wp","href":"https:\/\/api.w.org\/{rel}","templated":true}]}}