{"id":2316,"date":"2020-12-18T10:46:00","date_gmt":"2020-12-18T10:46:00","guid":{"rendered":"https:\/\/marcali.plebania.hu\/?p=2316"},"modified":"2020-12-22T08:12:50","modified_gmt":"2020-12-22T08:12:50","slug":"hirdetesek-2020-12-20","status":"publish","type":"post","link":"https:\/\/marcali.plebania.hu\/?p=2316","title":{"rendered":"Hirdet\u00e9sek, 2020. 12. 20."},"content":{"rendered":"\n<ol class=\"wp-block-list\"><li>Ma \u00e1dvent 4. vas\u00e1rnapja van.<\/li><li>Szerd\u00e1n 17 \u00f3rakor kar\u00e1csony el\u0151 esti szentmise lesz a pl\u00e9b\u00e1niatemplomban, melyet a Tavi Tv felvesz \u00e9s az \u00fcnnepek alatt k\u00f6zvet\u00edt.<\/li><li>A k\u00f6rny\u00e9k aty\u00e1ival is egyeztetve a kar\u00e1csonyi miserend: Kar\u00e1csonykor (<em>p\u00e9nteken<\/em>): 9.00 \u00f3ra pl\u00e9b\u00e1niatemplom, 11.00 \u00f3ra Gomba (igeliturgia), 17.00 \u00f3ra B. Gizella templom; Kar\u00e1csony m\u00e1snapj\u00e1n (<em>szombaton<\/em>) 9.00 \u00f3ra pl\u00e9b\u00e1niatemplom (igeliturgia), 11.00 \u00f3ra Bize, 17.00 \u00f3ra B. Gizella templom; Vas\u00e1rnap 9.00 \u00f3ra pl\u00e9b\u00e1niatemplom (borszentel\u00e9s), 11.00 \u00f3ra Gomba.<\/li><li>A szentmis\u00e9k b\u0171nb\u00e1nati r\u00e9sz\u00e9ben felind\u00edtjuk a b\u0171nb\u00e1natot \u00e9s a pap \u00e1ltal\u00e1nos feloldoz\u00e1st ad, azzal a felt\u00e9tellel, hogy a gy\u00f3n\u00e1st a j\u00e1rv\u00e1nyvesz\u00e9ly elm\u00falt\u00e1val el kell v\u00e9gezni. A szentmis\u00e9ken lelki \u00e1ldoz\u00e1sra is lehet\u0151s\u00e9g van, m\u00e9g azoknak is, akik a Tv k\u00e9perny\u0151j\u00e9n n\u00e9zik a szentmis\u00e9t.<\/li><li>A kar\u00e1csony k\u00f6r\u00fcli borszentel\u00e9s december 27-\u00e9n vas\u00e1rnap, Szent J\u00e1nos \u00fcnnep\u00e9n a pl\u00e9b\u00e1niatemplomban a 9 \u00f3r\u00e1s szentmis\u00e9n lesz.<\/li><li>Elk\u00e9sz\u00fclt a k\u00fclt\u00e9ri betlehem\u00fcnk. K\u00f6sz\u00f6net mindazoknak, akik munk\u00e1jukkal hozz\u00e1j\u00e1rultak.<\/li><li>Megk\u00f6sz\u00f6nj\u00fck a Somogy Megyei K\u00f6zgy\u0171l\u00e9s \u00e9s Huszti G\u00e1bor aleln\u00f6k \u00far t\u00e1mogat\u00e1s\u00e1t, melyet laptop v\u00e1s\u00e1rl\u00e1s\u00e1ra ford\u00edtottunk. Ezt a laptopot itt a templomi vet\u00edt\u00e9seken, \u00e9s az X-h\u00e1zban fogjuk haszn\u00e1lni.<\/li><li>Megjelent a Marcali Katolikus \u00dajs\u00e1g kar\u00e1csonyi sz\u00e1ma, melyet a szentmis\u00e9k ut\u00e1n osztunk a h\u00edveknek.<\/li><li>Kalend\u00e1rium m\u00e9g kaphat\u00f3 a sekresty\u00e9ben.<\/li><li>A kar\u00e1csonyi vir\u00e1gp\u00e9nzt a sekresty\u00e9snek k\u00e9rj\u00fck eljuttatni.<\/li><\/ol>\n","protected":false},"excerpt":{"rendered":"<p>Ma \u00e1dvent 4. vas\u00e1rnapja van. Szerd\u00e1n 17 \u00f3rakor kar\u00e1csony el\u0151 esti szentmise lesz a pl\u00e9b\u00e1niatemplomban, melyet a Tavi Tv felvesz \u00e9s az \u00fcnnepek alatt k\u00f6zvet\u00edt. A k\u00f6rny\u00e9k aty\u00e1ival is egyeztetve a kar\u00e1csonyi miserend: Kar\u00e1csonykor (p\u00e9nteken): 9.00 \u00f3ra pl\u00e9b\u00e1niatemplom, 11.00 \u00f3ra Gomba (igeliturgia), 17.00 \u00f3ra B. Gizella templom; Kar\u00e1csony m\u00e1snapj\u00e1n (szombaton) 9.00 \u00f3ra pl\u00e9b\u00e1niatemplom (igeliturgia), 11.00 \u00f3ra Bize, 17.00 \u00f3ra B. Gizella templom; Vas\u00e1rnap 9.00 \u00f3ra pl\u00e9b\u00e1niatemplom (borszentel\u00e9s), 11.00 \u00f3ra Gomba. A szentmis\u00e9k b\u0171nb\u00e1nati r\u00e9sz\u00e9ben felind\u00edtjuk a b\u0171nb\u00e1natot \u00e9s a pap&#8230;<\/p>\n<p class=\"read-more\"><a class=\"btn btn-default\" href=\"https:\/\/marcali.plebania.hu\/?p=2316\"> Read More<span class=\"screen-reader-text\">  Read More<\/span><\/a><\/p>\n","protected":false},"author":2,"featured_media":0,"comment_status":"closed","ping_status":"open","sticky":false,"template":"","format":"standard","meta":{"footnotes":""},"categories":[1],"tags":[],"class_list":["post-2316","post","type-post","status-publish","format-standard","hentry","category-egyeb"],"_links":{"self":[{"href":"https:\/\/marcali.plebania.hu\/index.php?rest_route=\/wp\/v2\/posts\/2316","targetHints":{"allow":["GET"]}}],"collection":[{"href":"https:\/\/marcali.plebania.hu\/index.php?rest_route=\/wp\/v2\/posts"}],"about":[{"href":"https:\/\/marcali.plebania.hu\/index.php?rest_route=\/wp\/v2\/types\/post"}],"author":[{"embeddable":true,"href":"https:\/\/marcali.plebania.hu\/index.php?rest_route=\/wp\/v2\/users\/2"}],"replies":[{"embeddable":true,"href":"https:\/\/marcali.plebania.hu\/index.php?rest_route=%2Fwp%2Fv2%2Fcomments&post=2316"}],"version-history":[{"count":2,"href":"https:\/\/marcali.plebania.hu\/index.php?rest_route=\/wp\/v2\/posts\/2316\/revisions"}],"predecessor-version":[{"id":2318,"href":"https:\/\/marcali.plebania.hu\/index.php?rest_route=\/wp\/v2\/posts\/2316\/revisions\/2318"}],"wp:attachment":[{"href":"https:\/\/marcali.plebania.hu\/index.php?rest_route=%2Fwp%2Fv2%2Fmedia&parent=2316"}],"wp:term":[{"taxonomy":"category","embeddable":true,"href":"https:\/\/marcali.plebania.hu\/index.php?rest_route=%2Fwp%2Fv2%2Fcategories&post=2316"},{"taxonomy":"post_tag","embeddable":true,"href":"https:\/\/marcali.plebania.hu\/index.php?rest_route=%2Fwp%2Fv2%2Ftags&post=2316"}],"curies":[{"name":"wp","href":"https:\/\/api.w.org\/{rel}","templated":true}]}}