{"id":2319,"date":"2020-12-22T08:21:46","date_gmt":"2020-12-22T08:21:46","guid":{"rendered":"https:\/\/marcali.plebania.hu\/?p=2319"},"modified":"2020-12-22T08:21:46","modified_gmt":"2020-12-22T08:21:46","slug":"elkeszult-a-kulteri-betlehem-3","status":"publish","type":"post","link":"https:\/\/marcali.plebania.hu\/?p=2319","title":{"rendered":"Elk\u00e9sz\u00fclt a k\u00fclt\u00e9ri betlehem"},"content":{"rendered":"\n<p>2020. december 18-\u00e1n, p\u00e9nteken d\u00e9lel\u0151tt a Marcali R\u00f3mai Katolikus Egyh\u00e1zk\u00f6zs\u00e9g \u00f6sszefog\u00e1s\u00e1val a pl\u00e9b\u00e1niatemplom \u00e9szaki oldal\u00e1n, imm\u00e1r 14. alkalommal k\u00e9t \u00fctemben kezd\u0151dtek meg a betlehem-\u00e9p\u00edt\u00e9si munk\u00e1latok.<\/p>\n\n\n\n<figure class=\"wp-block-gallery columns-3 is-cropped wp-block-gallery-1 is-layout-flex wp-block-gallery-is-layout-flex\"><ul class=\"blocks-gallery-grid\"><li class=\"blocks-gallery-item\"><figure><img loading=\"lazy\" decoding=\"async\" width=\"1024\" height=\"683\" src=\"https:\/\/marcali.plebania.hu\/wp-content\/uploads\/2020\/12\/01-1024x683.jpg\" alt=\"\" data-id=\"2320\" data-link=\"https:\/\/marcali.plebania.hu\/?attachment_id=2320\" class=\"wp-image-2320\" srcset=\"https:\/\/marcali.plebania.hu\/wp-content\/uploads\/2020\/12\/01-1024x683.jpg 1024w, https:\/\/marcali.plebania.hu\/wp-content\/uploads\/2020\/12\/01-300x200.jpg 300w, https:\/\/marcali.plebania.hu\/wp-content\/uploads\/2020\/12\/01-768x512.jpg 768w, https:\/\/marcali.plebania.hu\/wp-content\/uploads\/2020\/12\/01-1536x1024.jpg 1536w, https:\/\/marcali.plebania.hu\/wp-content\/uploads\/2020\/12\/01-2048x1365.jpg 2048w, https:\/\/marcali.plebania.hu\/wp-content\/uploads\/2020\/12\/01-405x270.jpg 405w\" sizes=\"auto, (max-width: 1024px) 100vw, 1024px\" \/><\/figure><\/li><li class=\"blocks-gallery-item\"><figure><img loading=\"lazy\" decoding=\"async\" width=\"1024\" height=\"683\" src=\"https:\/\/marcali.plebania.hu\/wp-content\/uploads\/2020\/12\/06-1024x683.jpg\" alt=\"\" data-id=\"2321\" data-link=\"https:\/\/marcali.plebania.hu\/?attachment_id=2321\" class=\"wp-image-2321\" srcset=\"https:\/\/marcali.plebania.hu\/wp-content\/uploads\/2020\/12\/06-1024x683.jpg 1024w, https:\/\/marcali.plebania.hu\/wp-content\/uploads\/2020\/12\/06-300x200.jpg 300w, https:\/\/marcali.plebania.hu\/wp-content\/uploads\/2020\/12\/06-768x512.jpg 768w, https:\/\/marcali.plebania.hu\/wp-content\/uploads\/2020\/12\/06-1536x1024.jpg 1536w, https:\/\/marcali.plebania.hu\/wp-content\/uploads\/2020\/12\/06-2048x1365.jpg 2048w, https:\/\/marcali.plebania.hu\/wp-content\/uploads\/2020\/12\/06-405x270.jpg 405w\" sizes=\"auto, (max-width: 1024px) 100vw, 1024px\" \/><\/figure><\/li><li class=\"blocks-gallery-item\"><figure><img loading=\"lazy\" decoding=\"async\" width=\"1024\" height=\"683\" src=\"https:\/\/marcali.plebania.hu\/wp-content\/uploads\/2020\/12\/10-1024x683.jpg\" alt=\"\" data-id=\"2322\" data-link=\"https:\/\/marcali.plebania.hu\/?attachment_id=2322\" class=\"wp-image-2322\" srcset=\"https:\/\/marcali.plebania.hu\/wp-content\/uploads\/2020\/12\/10-1024x683.jpg 1024w, https:\/\/marcali.plebania.hu\/wp-content\/uploads\/2020\/12\/10-300x200.jpg 300w, https:\/\/marcali.plebania.hu\/wp-content\/uploads\/2020\/12\/10-768x512.jpg 768w, https:\/\/marcali.plebania.hu\/wp-content\/uploads\/2020\/12\/10-1536x1024.jpg 1536w, https:\/\/marcali.plebania.hu\/wp-content\/uploads\/2020\/12\/10-2048x1365.jpg 2048w, https:\/\/marcali.plebania.hu\/wp-content\/uploads\/2020\/12\/10-405x270.jpg 405w\" sizes=\"auto, (max-width: 1024px) 100vw, 1024px\" \/><\/figure><\/li><li class=\"blocks-gallery-item\"><figure><img loading=\"lazy\" decoding=\"async\" width=\"1024\" height=\"683\" src=\"https:\/\/marcali.plebania.hu\/wp-content\/uploads\/2020\/12\/12-1024x683.jpg\" alt=\"\" data-id=\"2323\" data-full-url=\"https:\/\/marcali.plebania.hu\/wp-content\/uploads\/2020\/12\/12-scaled.jpg\" data-link=\"https:\/\/marcali.plebania.hu\/?attachment_id=2323\" class=\"wp-image-2323\" srcset=\"https:\/\/marcali.plebania.hu\/wp-content\/uploads\/2020\/12\/12-1024x683.jpg 1024w, https:\/\/marcali.plebania.hu\/wp-content\/uploads\/2020\/12\/12-300x200.jpg 300w, https:\/\/marcali.plebania.hu\/wp-content\/uploads\/2020\/12\/12-768x512.jpg 768w, https:\/\/marcali.plebania.hu\/wp-content\/uploads\/2020\/12\/12-1536x1024.jpg 1536w, https:\/\/marcali.plebania.hu\/wp-content\/uploads\/2020\/12\/12-2048x1365.jpg 2048w, https:\/\/marcali.plebania.hu\/wp-content\/uploads\/2020\/12\/12-405x270.jpg 405w\" sizes=\"auto, (max-width: 1024px) 100vw, 1024px\" \/><\/figure><\/li><\/ul><\/figure>\n\n\n\n<p>Az els\u0151 szakaszban S\u00e1gv\u00e1ri R\u00f3bert \u00e1csmester \u00e9s csapata rutinos gyorsas\u00e1ggal \u00e1ll\u00edtotta \u00f6ssze a fa-v\u00e1zszerkezetet, melyet az elm\u00falt mintegy m\u00e1sf\u00e9l \u00e9vtized folyam\u00e1n volt lehet\u0151s\u00e9g\u00fck alaposan begyakorolni.<\/p>\n\n\n\n<figure class=\"wp-block-gallery columns-3 is-cropped wp-block-gallery-2 is-layout-flex wp-block-gallery-is-layout-flex\"><ul class=\"blocks-gallery-grid\"><li class=\"blocks-gallery-item\"><figure><img loading=\"lazy\" decoding=\"async\" width=\"1024\" height=\"683\" src=\"https:\/\/marcali.plebania.hu\/wp-content\/uploads\/2020\/12\/14-1024x683.jpg\" alt=\"\" data-id=\"2324\" data-link=\"https:\/\/marcali.plebania.hu\/?attachment_id=2324\" class=\"wp-image-2324\" srcset=\"https:\/\/marcali.plebania.hu\/wp-content\/uploads\/2020\/12\/14-1024x683.jpg 1024w, https:\/\/marcali.plebania.hu\/wp-content\/uploads\/2020\/12\/14-300x200.jpg 300w, https:\/\/marcali.plebania.hu\/wp-content\/uploads\/2020\/12\/14-768x512.jpg 768w, https:\/\/marcali.plebania.hu\/wp-content\/uploads\/2020\/12\/14-1536x1024.jpg 1536w, https:\/\/marcali.plebania.hu\/wp-content\/uploads\/2020\/12\/14-2048x1365.jpg 2048w, https:\/\/marcali.plebania.hu\/wp-content\/uploads\/2020\/12\/14-405x270.jpg 405w\" sizes=\"auto, (max-width: 1024px) 100vw, 1024px\" \/><\/figure><\/li><li class=\"blocks-gallery-item\"><figure><img loading=\"lazy\" decoding=\"async\" width=\"1024\" height=\"683\" src=\"https:\/\/marcali.plebania.hu\/wp-content\/uploads\/2020\/12\/18-1024x683.jpg\" alt=\"\" data-id=\"2325\" data-full-url=\"https:\/\/marcali.plebania.hu\/wp-content\/uploads\/2020\/12\/18-scaled.jpg\" data-link=\"https:\/\/marcali.plebania.hu\/?attachment_id=2325\" class=\"wp-image-2325\" srcset=\"https:\/\/marcali.plebania.hu\/wp-content\/uploads\/2020\/12\/18-1024x683.jpg 1024w, https:\/\/marcali.plebania.hu\/wp-content\/uploads\/2020\/12\/18-300x200.jpg 300w, https:\/\/marcali.plebania.hu\/wp-content\/uploads\/2020\/12\/18-768x512.jpg 768w, https:\/\/marcali.plebania.hu\/wp-content\/uploads\/2020\/12\/18-1536x1024.jpg 1536w, https:\/\/marcali.plebania.hu\/wp-content\/uploads\/2020\/12\/18-2048x1365.jpg 2048w, https:\/\/marcali.plebania.hu\/wp-content\/uploads\/2020\/12\/18-405x270.jpg 405w\" sizes=\"auto, (max-width: 1024px) 100vw, 1024px\" \/><\/figure><\/li><li class=\"blocks-gallery-item\"><figure><img loading=\"lazy\" decoding=\"async\" width=\"1024\" height=\"683\" src=\"https:\/\/marcali.plebania.hu\/wp-content\/uploads\/2020\/12\/19-1024x683.jpg\" alt=\"\" data-id=\"2326\" data-full-url=\"https:\/\/marcali.plebania.hu\/wp-content\/uploads\/2020\/12\/19-scaled.jpg\" data-link=\"https:\/\/marcali.plebania.hu\/?attachment_id=2326\" class=\"wp-image-2326\" srcset=\"https:\/\/marcali.plebania.hu\/wp-content\/uploads\/2020\/12\/19-1024x683.jpg 1024w, https:\/\/marcali.plebania.hu\/wp-content\/uploads\/2020\/12\/19-300x200.jpg 300w, https:\/\/marcali.plebania.hu\/wp-content\/uploads\/2020\/12\/19-768x512.jpg 768w, https:\/\/marcali.plebania.hu\/wp-content\/uploads\/2020\/12\/19-1536x1024.jpg 1536w, https:\/\/marcali.plebania.hu\/wp-content\/uploads\/2020\/12\/19-2048x1365.jpg 2048w, https:\/\/marcali.plebania.hu\/wp-content\/uploads\/2020\/12\/19-405x270.jpg 405w\" sizes=\"auto, (max-width: 1024px) 100vw, 1024px\" \/><\/figure><\/li><li class=\"blocks-gallery-item\"><figure><img loading=\"lazy\" decoding=\"async\" width=\"1024\" height=\"683\" src=\"https:\/\/marcali.plebania.hu\/wp-content\/uploads\/2020\/12\/20-1024x683.jpg\" alt=\"\" data-id=\"2327\" data-full-url=\"https:\/\/marcali.plebania.hu\/wp-content\/uploads\/2020\/12\/20-scaled.jpg\" data-link=\"https:\/\/marcali.plebania.hu\/?attachment_id=2327\" class=\"wp-image-2327\" srcset=\"https:\/\/marcali.plebania.hu\/wp-content\/uploads\/2020\/12\/20-1024x683.jpg 1024w, https:\/\/marcali.plebania.hu\/wp-content\/uploads\/2020\/12\/20-300x200.jpg 300w, https:\/\/marcali.plebania.hu\/wp-content\/uploads\/2020\/12\/20-768x512.jpg 768w, https:\/\/marcali.plebania.hu\/wp-content\/uploads\/2020\/12\/20-1536x1024.jpg 1536w, https:\/\/marcali.plebania.hu\/wp-content\/uploads\/2020\/12\/20-2048x1365.jpg 2048w, https:\/\/marcali.plebania.hu\/wp-content\/uploads\/2020\/12\/20-405x270.jpg 405w\" sizes=\"auto, (max-width: 1024px) 100vw, 1024px\" \/><\/figure><\/li><\/ul><\/figure>\n\n\n\n<p>Majd a k\u00f6vetkez\u0151 nap d\u00e9lel\u0151ttj\u00e9n, azaz szombaton 9 \u00f3r\u00e1t\u00f3l nagy er\u0151kkel folyat\u00f3dott a betlehem d\u00edsz\u00edt\u00e9se feny\u0151\u00e1gakkal; valamint berendez\u00e9se \u00e9s az alakok, tov\u00e1bb\u00e1 az \u00e1llat figur\u00e1k elhelyez\u00e9se. Ezt a munkafolyamatot az id\u00e9n Gelencs\u00e9r R\u00f3bert vil\u00e1gi eln\u00f6k \u00e9s T\u00f3th P\u00e9ter ir\u00e1ny\u00edtott\u00e1k. A j\u00f3l \u00f6sszeszokott \u00e9p\u00edt\u0151csapatot id\u0151sek \u00e9s fiatalok is egyar\u00e1nt er\u0151s\u00edtett\u00e9k, akik m\u00e1r ismert\u00e9k a k\u00fcl\u00f6nb\u00f6z\u0151 munkaf\u00e1zisokat. Rajtuk k\u00edv\u00fcl \u2013 \u00f6r\u00f6mteli m\u00f3don \u2013 di\u00e1kok is j\u00f6ttek seg\u00edteni \u00e9s elsaj\u00e1t\u00edtani az \u00e9p\u00edt\u00e9s-technik\u00e1j\u00e1t. Ezalatt a templomban is hely\u00fckre ker\u00fcltek a feny\u0151f\u00e1k \u00e9s a betlehem k\u00fclt\u00e9ri d\u00edszkivil\u00e1g\u00edt\u00e1sa is elk\u00e9sz\u00fclt. A templomi takar\u00edt\u00e1sban az imak\u00f6ri tagok is seg\u00e9dkeztek. Ellenben a templomi d\u00edsz\u00edt\u00e9s \u00e9s a k\u00fclt\u00e9ri feny\u0151fa, illetve a tiszafa vil\u00e1g\u00edt\u00e1sa azonban m\u00e9g a j\u00f6v\u0151 h\u00e9tre maradt.<\/p>\n\n\n\n<figure class=\"wp-block-gallery columns-3 is-cropped wp-block-gallery-3 is-layout-flex wp-block-gallery-is-layout-flex\"><ul class=\"blocks-gallery-grid\"><li class=\"blocks-gallery-item\"><figure><img loading=\"lazy\" decoding=\"async\" width=\"1024\" height=\"683\" src=\"https:\/\/marcali.plebania.hu\/wp-content\/uploads\/2020\/12\/24-1024x683.jpg\" alt=\"\" data-id=\"2328\" data-link=\"https:\/\/marcali.plebania.hu\/?attachment_id=2328\" class=\"wp-image-2328\" srcset=\"https:\/\/marcali.plebania.hu\/wp-content\/uploads\/2020\/12\/24-1024x683.jpg 1024w, https:\/\/marcali.plebania.hu\/wp-content\/uploads\/2020\/12\/24-300x200.jpg 300w, https:\/\/marcali.plebania.hu\/wp-content\/uploads\/2020\/12\/24-768x512.jpg 768w, https:\/\/marcali.plebania.hu\/wp-content\/uploads\/2020\/12\/24-1536x1024.jpg 1536w, https:\/\/marcali.plebania.hu\/wp-content\/uploads\/2020\/12\/24-2048x1365.jpg 2048w, https:\/\/marcali.plebania.hu\/wp-content\/uploads\/2020\/12\/24-405x270.jpg 405w\" sizes=\"auto, (max-width: 1024px) 100vw, 1024px\" \/><\/figure><\/li><li class=\"blocks-gallery-item\"><figure><img loading=\"lazy\" decoding=\"async\" width=\"1024\" height=\"683\" src=\"https:\/\/marcali.plebania.hu\/wp-content\/uploads\/2020\/12\/31-1024x683.jpg\" alt=\"\" data-id=\"2329\" data-link=\"https:\/\/marcali.plebania.hu\/?attachment_id=2329\" class=\"wp-image-2329\" srcset=\"https:\/\/marcali.plebania.hu\/wp-content\/uploads\/2020\/12\/31-1024x683.jpg 1024w, https:\/\/marcali.plebania.hu\/wp-content\/uploads\/2020\/12\/31-300x200.jpg 300w, https:\/\/marcali.plebania.hu\/wp-content\/uploads\/2020\/12\/31-768x512.jpg 768w, https:\/\/marcali.plebania.hu\/wp-content\/uploads\/2020\/12\/31-1536x1024.jpg 1536w, https:\/\/marcali.plebania.hu\/wp-content\/uploads\/2020\/12\/31-2048x1365.jpg 2048w, https:\/\/marcali.plebania.hu\/wp-content\/uploads\/2020\/12\/31-405x270.jpg 405w\" sizes=\"auto, (max-width: 1024px) 100vw, 1024px\" \/><\/figure><\/li><li class=\"blocks-gallery-item\"><figure><img loading=\"lazy\" decoding=\"async\" width=\"1024\" height=\"683\" src=\"https:\/\/marcali.plebania.hu\/wp-content\/uploads\/2020\/12\/39-1024x683.jpg\" alt=\"\" data-id=\"2330\" data-full-url=\"https:\/\/marcali.plebania.hu\/wp-content\/uploads\/2020\/12\/39-scaled.jpg\" data-link=\"https:\/\/marcali.plebania.hu\/?attachment_id=2330\" class=\"wp-image-2330\" srcset=\"https:\/\/marcali.plebania.hu\/wp-content\/uploads\/2020\/12\/39-1024x683.jpg 1024w, https:\/\/marcali.plebania.hu\/wp-content\/uploads\/2020\/12\/39-300x200.jpg 300w, https:\/\/marcali.plebania.hu\/wp-content\/uploads\/2020\/12\/39-768x512.jpg 768w, https:\/\/marcali.plebania.hu\/wp-content\/uploads\/2020\/12\/39-1536x1024.jpg 1536w, https:\/\/marcali.plebania.hu\/wp-content\/uploads\/2020\/12\/39-2048x1365.jpg 2048w, https:\/\/marcali.plebania.hu\/wp-content\/uploads\/2020\/12\/39-405x270.jpg 405w\" sizes=\"auto, (max-width: 1024px) 100vw, 1024px\" \/><\/figure><\/li><li class=\"blocks-gallery-item\"><figure><img loading=\"lazy\" decoding=\"async\" width=\"1024\" height=\"683\" src=\"https:\/\/marcali.plebania.hu\/wp-content\/uploads\/2020\/12\/40-1024x683.jpg\" alt=\"\" data-id=\"2331\" data-full-url=\"https:\/\/marcali.plebania.hu\/wp-content\/uploads\/2020\/12\/40-scaled.jpg\" data-link=\"https:\/\/marcali.plebania.hu\/?attachment_id=2331\" class=\"wp-image-2331\" srcset=\"https:\/\/marcali.plebania.hu\/wp-content\/uploads\/2020\/12\/40-1024x683.jpg 1024w, https:\/\/marcali.plebania.hu\/wp-content\/uploads\/2020\/12\/40-300x200.jpg 300w, https:\/\/marcali.plebania.hu\/wp-content\/uploads\/2020\/12\/40-768x512.jpg 768w, https:\/\/marcali.plebania.hu\/wp-content\/uploads\/2020\/12\/40-1536x1024.jpg 1536w, https:\/\/marcali.plebania.hu\/wp-content\/uploads\/2020\/12\/40-2048x1365.jpg 2048w, https:\/\/marcali.plebania.hu\/wp-content\/uploads\/2020\/12\/40-405x270.jpg 405w\" sizes=\"auto, (max-width: 1024px) 100vw, 1024px\" \/><\/figure><\/li><\/ul><\/figure>\n\n\n\n<p>\u00d6sszess\u00e9g\u00e9ben elmondhat\u00f3, hogy a koronav\u00edrus-j\u00e1rv\u00e1ny ellen\u00e9re ism\u00e9t sz\u00e9pen siker\u00fclt az alkot\u00e1s. Az \u00e1csmunk\u00e1kban most is 4 f\u0151, az \u00f6ssze\u00e1ll\u00edt\u00e1sban pedig mintegy 30 szem\u00e9ly vett r\u00e9szt.<\/p>\n\n\n\n<figure class=\"wp-block-gallery columns-3 is-cropped wp-block-gallery-4 is-layout-flex wp-block-gallery-is-layout-flex\"><ul class=\"blocks-gallery-grid\"><li class=\"blocks-gallery-item\"><figure><img loading=\"lazy\" decoding=\"async\" width=\"1024\" height=\"683\" src=\"https:\/\/marcali.plebania.hu\/wp-content\/uploads\/2020\/12\/42-1024x683.jpg\" alt=\"\" data-id=\"2332\" data-full-url=\"https:\/\/marcali.plebania.hu\/wp-content\/uploads\/2020\/12\/42-scaled.jpg\" data-link=\"https:\/\/marcali.plebania.hu\/?attachment_id=2332\" class=\"wp-image-2332\" srcset=\"https:\/\/marcali.plebania.hu\/wp-content\/uploads\/2020\/12\/42-1024x683.jpg 1024w, https:\/\/marcali.plebania.hu\/wp-content\/uploads\/2020\/12\/42-300x200.jpg 300w, https:\/\/marcali.plebania.hu\/wp-content\/uploads\/2020\/12\/42-768x512.jpg 768w, https:\/\/marcali.plebania.hu\/wp-content\/uploads\/2020\/12\/42-1536x1024.jpg 1536w, https:\/\/marcali.plebania.hu\/wp-content\/uploads\/2020\/12\/42-2048x1365.jpg 2048w, https:\/\/marcali.plebania.hu\/wp-content\/uploads\/2020\/12\/42-405x270.jpg 405w\" sizes=\"auto, (max-width: 1024px) 100vw, 1024px\" \/><\/figure><\/li><li class=\"blocks-gallery-item\"><figure><img loading=\"lazy\" decoding=\"async\" width=\"1024\" height=\"683\" src=\"https:\/\/marcali.plebania.hu\/wp-content\/uploads\/2020\/12\/43-1024x683.jpg\" alt=\"\" data-id=\"2333\" data-full-url=\"https:\/\/marcali.plebania.hu\/wp-content\/uploads\/2020\/12\/43-scaled.jpg\" data-link=\"https:\/\/marcali.plebania.hu\/?attachment_id=2333\" class=\"wp-image-2333\" srcset=\"https:\/\/marcali.plebania.hu\/wp-content\/uploads\/2020\/12\/43-1024x683.jpg 1024w, https:\/\/marcali.plebania.hu\/wp-content\/uploads\/2020\/12\/43-300x200.jpg 300w, https:\/\/marcali.plebania.hu\/wp-content\/uploads\/2020\/12\/43-768x512.jpg 768w, https:\/\/marcali.plebania.hu\/wp-content\/uploads\/2020\/12\/43-1536x1024.jpg 1536w, https:\/\/marcali.plebania.hu\/wp-content\/uploads\/2020\/12\/43-2048x1365.jpg 2048w, https:\/\/marcali.plebania.hu\/wp-content\/uploads\/2020\/12\/43-405x270.jpg 405w\" sizes=\"auto, (max-width: 1024px) 100vw, 1024px\" \/><\/figure><\/li><li class=\"blocks-gallery-item\"><figure><img loading=\"lazy\" decoding=\"async\" width=\"1024\" height=\"683\" src=\"https:\/\/marcali.plebania.hu\/wp-content\/uploads\/2020\/12\/44-1024x683.jpg\" alt=\"\" data-id=\"2334\" data-full-url=\"https:\/\/marcali.plebania.hu\/wp-content\/uploads\/2020\/12\/44-scaled.jpg\" data-link=\"https:\/\/marcali.plebania.hu\/?attachment_id=2334\" class=\"wp-image-2334\" srcset=\"https:\/\/marcali.plebania.hu\/wp-content\/uploads\/2020\/12\/44-1024x683.jpg 1024w, https:\/\/marcali.plebania.hu\/wp-content\/uploads\/2020\/12\/44-300x200.jpg 300w, https:\/\/marcali.plebania.hu\/wp-content\/uploads\/2020\/12\/44-768x512.jpg 768w, https:\/\/marcali.plebania.hu\/wp-content\/uploads\/2020\/12\/44-1536x1024.jpg 1536w, https:\/\/marcali.plebania.hu\/wp-content\/uploads\/2020\/12\/44-2048x1365.jpg 2048w, https:\/\/marcali.plebania.hu\/wp-content\/uploads\/2020\/12\/44-405x270.jpg 405w\" sizes=\"auto, (max-width: 1024px) 100vw, 1024px\" \/><\/figure><\/li><li class=\"blocks-gallery-item\"><figure><img loading=\"lazy\" decoding=\"async\" width=\"1024\" height=\"683\" src=\"https:\/\/marcali.plebania.hu\/wp-content\/uploads\/2020\/12\/45-1024x683.jpg\" alt=\"\" data-id=\"2335\" data-full-url=\"https:\/\/marcali.plebania.hu\/wp-content\/uploads\/2020\/12\/45-scaled.jpg\" data-link=\"https:\/\/marcali.plebania.hu\/?attachment_id=2335\" class=\"wp-image-2335\" srcset=\"https:\/\/marcali.plebania.hu\/wp-content\/uploads\/2020\/12\/45-1024x683.jpg 1024w, https:\/\/marcali.plebania.hu\/wp-content\/uploads\/2020\/12\/45-300x200.jpg 300w, https:\/\/marcali.plebania.hu\/wp-content\/uploads\/2020\/12\/45-768x512.jpg 768w, https:\/\/marcali.plebania.hu\/wp-content\/uploads\/2020\/12\/45-1536x1024.jpg 1536w, https:\/\/marcali.plebania.hu\/wp-content\/uploads\/2020\/12\/45-2048x1365.jpg 2048w, https:\/\/marcali.plebania.hu\/wp-content\/uploads\/2020\/12\/45-405x270.jpg 405w\" sizes=\"auto, (max-width: 1024px) 100vw, 1024px\" \/><\/figure><\/li><\/ul><\/figure>\n\n\n\n<p>A szabadt\u00e9ri betlehem 2021. janu\u00e1r elej\u00e9ig lesz l\u00e1togathat\u00f3 az aktu\u00e1lis j\u00e1rv\u00e1ny\u00fcgyi int\u00e9zked\u00e9sek betart\u00e1s\u00e1val. \u00c9jszakai \u0151rz\u00e9s\u00e9r\u0151l ez\u00fattal a kij\u00e1r\u00e1si korl\u00e1toz\u00e1s miatt nem kell gondoskodni.<\/p>\n\n\n\n<figure class=\"wp-block-gallery columns-3 is-cropped wp-block-gallery-5 is-layout-flex wp-block-gallery-is-layout-flex\"><ul class=\"blocks-gallery-grid\"><li class=\"blocks-gallery-item\"><figure><img loading=\"lazy\" decoding=\"async\" width=\"1024\" height=\"683\" src=\"https:\/\/marcali.plebania.hu\/wp-content\/uploads\/2020\/12\/54-1024x683.jpg\" alt=\"\" data-id=\"2336\" data-link=\"https:\/\/marcali.plebania.hu\/?attachment_id=2336\" class=\"wp-image-2336\" srcset=\"https:\/\/marcali.plebania.hu\/wp-content\/uploads\/2020\/12\/54-1024x683.jpg 1024w, https:\/\/marcali.plebania.hu\/wp-content\/uploads\/2020\/12\/54-300x200.jpg 300w, https:\/\/marcali.plebania.hu\/wp-content\/uploads\/2020\/12\/54-768x512.jpg 768w, https:\/\/marcali.plebania.hu\/wp-content\/uploads\/2020\/12\/54-1536x1024.jpg 1536w, https:\/\/marcali.plebania.hu\/wp-content\/uploads\/2020\/12\/54-2048x1365.jpg 2048w, https:\/\/marcali.plebania.hu\/wp-content\/uploads\/2020\/12\/54-405x270.jpg 405w\" sizes=\"auto, (max-width: 1024px) 100vw, 1024px\" \/><\/figure><\/li><li class=\"blocks-gallery-item\"><figure><img loading=\"lazy\" decoding=\"async\" width=\"1024\" height=\"683\" src=\"https:\/\/marcali.plebania.hu\/wp-content\/uploads\/2020\/12\/64-1024x683.jpg\" alt=\"\" data-id=\"2337\" data-link=\"https:\/\/marcali.plebania.hu\/?attachment_id=2337\" class=\"wp-image-2337\" srcset=\"https:\/\/marcali.plebania.hu\/wp-content\/uploads\/2020\/12\/64-1024x683.jpg 1024w, https:\/\/marcali.plebania.hu\/wp-content\/uploads\/2020\/12\/64-300x200.jpg 300w, https:\/\/marcali.plebania.hu\/wp-content\/uploads\/2020\/12\/64-768x512.jpg 768w, https:\/\/marcali.plebania.hu\/wp-content\/uploads\/2020\/12\/64-1536x1024.jpg 1536w, https:\/\/marcali.plebania.hu\/wp-content\/uploads\/2020\/12\/64-2048x1365.jpg 2048w, https:\/\/marcali.plebania.hu\/wp-content\/uploads\/2020\/12\/64-405x270.jpg 405w\" sizes=\"auto, (max-width: 1024px) 100vw, 1024px\" \/><\/figure><\/li><li class=\"blocks-gallery-item\"><figure><img loading=\"lazy\" decoding=\"async\" width=\"1024\" height=\"683\" src=\"https:\/\/marcali.plebania.hu\/wp-content\/uploads\/2020\/12\/66-1024x683.jpg\" alt=\"\" data-id=\"2338\" data-full-url=\"https:\/\/marcali.plebania.hu\/wp-content\/uploads\/2020\/12\/66-scaled.jpg\" data-link=\"https:\/\/marcali.plebania.hu\/?attachment_id=2338\" class=\"wp-image-2338\" srcset=\"https:\/\/marcali.plebania.hu\/wp-content\/uploads\/2020\/12\/66-1024x683.jpg 1024w, https:\/\/marcali.plebania.hu\/wp-content\/uploads\/2020\/12\/66-300x200.jpg 300w, https:\/\/marcali.plebania.hu\/wp-content\/uploads\/2020\/12\/66-768x512.jpg 768w, https:\/\/marcali.plebania.hu\/wp-content\/uploads\/2020\/12\/66-1536x1024.jpg 1536w, https:\/\/marcali.plebania.hu\/wp-content\/uploads\/2020\/12\/66-2048x1365.jpg 2048w, https:\/\/marcali.plebania.hu\/wp-content\/uploads\/2020\/12\/66-405x270.jpg 405w\" sizes=\"auto, (max-width: 1024px) 100vw, 1024px\" \/><\/figure><\/li><li class=\"blocks-gallery-item\"><figure><img loading=\"lazy\" decoding=\"async\" width=\"1024\" height=\"683\" src=\"https:\/\/marcali.plebania.hu\/wp-content\/uploads\/2020\/12\/67-1024x683.jpg\" alt=\"\" data-id=\"2339\" data-full-url=\"https:\/\/marcali.plebania.hu\/wp-content\/uploads\/2020\/12\/67-scaled.jpg\" data-link=\"https:\/\/marcali.plebania.hu\/?attachment_id=2339\" class=\"wp-image-2339\" srcset=\"https:\/\/marcali.plebania.hu\/wp-content\/uploads\/2020\/12\/67-1024x683.jpg 1024w, https:\/\/marcali.plebania.hu\/wp-content\/uploads\/2020\/12\/67-300x200.jpg 300w, https:\/\/marcali.plebania.hu\/wp-content\/uploads\/2020\/12\/67-768x512.jpg 768w, https:\/\/marcali.plebania.hu\/wp-content\/uploads\/2020\/12\/67-1536x1024.jpg 1536w, https:\/\/marcali.plebania.hu\/wp-content\/uploads\/2020\/12\/67-2048x1365.jpg 2048w, https:\/\/marcali.plebania.hu\/wp-content\/uploads\/2020\/12\/67-405x270.jpg 405w\" sizes=\"auto, (max-width: 1024px) 100vw, 1024px\" \/><\/figure><\/li><\/ul><\/figure>\n\n\n\n<p>A R\u00f3mai Katolikus Egyh\u00e1zk\u00f6zs\u00e9g nev\u00e9ben Kiss Iv\u00e1n c. pr\u00e9post, esperes-pl\u00e9b\u00e1nos minden seg\u00edt\u0151nek \u00e9s a feny\u0151f\u00e1k adom\u00e1nyoz\u00f3inak is megk\u00f6sz\u00f6ni a k\u00f6zrem\u0171k\u00f6d\u00e9s\u00e9t, illetve felaj\u00e1nl\u00e1s\u00e1t. A v\u00e1ros lakoss\u00e1g\u00e1nak \u00e9s a betlehem-l\u00e1togat\u00f3nak pedig \u00e1ldott, boldog, b\u00e9k\u00e9s kar\u00e1csonyi \u00fcnnepeket k\u00edv\u00e1n az \u00e9p\u00edt\u0151k nev\u00e9ben is!<\/p>\n\n\n\n<figure class=\"wp-block-gallery columns-1 is-cropped wp-block-gallery-6 is-layout-flex wp-block-gallery-is-layout-flex\"><ul class=\"blocks-gallery-grid\"><li class=\"blocks-gallery-item\"><figure><img loading=\"lazy\" decoding=\"async\" width=\"1024\" height=\"683\" src=\"https:\/\/marcali.plebania.hu\/wp-content\/uploads\/2020\/12\/46-1024x683.jpg\" alt=\"\" data-id=\"2340\" data-full-url=\"https:\/\/marcali.plebania.hu\/wp-content\/uploads\/2020\/12\/46-scaled.jpg\" data-link=\"https:\/\/marcali.plebania.hu\/?attachment_id=2340\" class=\"wp-image-2340\" srcset=\"https:\/\/marcali.plebania.hu\/wp-content\/uploads\/2020\/12\/46-1024x683.jpg 1024w, https:\/\/marcali.plebania.hu\/wp-content\/uploads\/2020\/12\/46-300x200.jpg 300w, https:\/\/marcali.plebania.hu\/wp-content\/uploads\/2020\/12\/46-768x512.jpg 768w, https:\/\/marcali.plebania.hu\/wp-content\/uploads\/2020\/12\/46-1536x1024.jpg 1536w, https:\/\/marcali.plebania.hu\/wp-content\/uploads\/2020\/12\/46-2048x1365.jpg 2048w, https:\/\/marcali.plebania.hu\/wp-content\/uploads\/2020\/12\/46-405x270.jpg 405w\" sizes=\"auto, (max-width: 1024px) 100vw, 1024px\" \/><\/figure><\/li><\/ul><\/figure>\n","protected":false},"excerpt":{"rendered":"<p>2020. december 18-\u00e1n, p\u00e9nteken d\u00e9lel\u0151tt a Marcali R\u00f3mai Katolikus Egyh\u00e1zk\u00f6zs\u00e9g \u00f6sszefog\u00e1s\u00e1val a pl\u00e9b\u00e1niatemplom \u00e9szaki oldal\u00e1n, imm\u00e1r 14. alkalommal k\u00e9t \u00fctemben kezd\u0151dtek meg a betlehem-\u00e9p\u00edt\u00e9si munk\u00e1latok. Az els\u0151 szakaszban S\u00e1gv\u00e1ri R\u00f3bert \u00e1csmester \u00e9s csapata rutinos gyorsas\u00e1ggal \u00e1ll\u00edtotta \u00f6ssze a fa-v\u00e1zszerkezetet, melyet az elm\u00falt mintegy m\u00e1sf\u00e9l \u00e9vtized folyam\u00e1n volt lehet\u0151s\u00e9g\u00fck alaposan begyakorolni. Majd a k\u00f6vetkez\u0151 nap d\u00e9lel\u0151ttj\u00e9n, azaz szombaton 9 \u00f3r\u00e1t\u00f3l nagy er\u0151kkel folyat\u00f3dott a betlehem d\u00edsz\u00edt\u00e9se feny\u0151\u00e1gakkal; valamint berendez\u00e9se \u00e9s az alakok, tov\u00e1bb\u00e1 az \u00e1llat figur\u00e1k elhelyez\u00e9se. Ezt a munkafolyamatot az&#8230;<\/p>\n<p class=\"read-more\"><a class=\"btn btn-default\" href=\"https:\/\/marcali.plebania.hu\/?p=2319\"> Read More<span class=\"screen-reader-text\">  Read More<\/span><\/a><\/p>\n","protected":false},"author":2,"featured_media":0,"comment_status":"closed","ping_status":"open","sticky":false,"template":"","format":"standard","meta":{"footnotes":""},"categories":[1],"tags":[],"class_list":["post-2319","post","type-post","status-publish","format-standard","hentry","category-egyeb"],"_links":{"self":[{"href":"https:\/\/marcali.plebania.hu\/index.php?rest_route=\/wp\/v2\/posts\/2319","targetHints":{"allow":["GET"]}}],"collection":[{"href":"https:\/\/marcali.plebania.hu\/index.php?rest_route=\/wp\/v2\/posts"}],"about":[{"href":"https:\/\/marcali.plebania.hu\/index.php?rest_route=\/wp\/v2\/types\/post"}],"author":[{"embeddable":true,"href":"https:\/\/marcali.plebania.hu\/index.php?rest_route=\/wp\/v2\/users\/2"}],"replies":[{"embeddable":true,"href":"https:\/\/marcali.plebania.hu\/index.php?rest_route=%2Fwp%2Fv2%2Fcomments&post=2319"}],"version-history":[{"count":1,"href":"https:\/\/marcali.plebania.hu\/index.php?rest_route=\/wp\/v2\/posts\/2319\/revisions"}],"predecessor-version":[{"id":2341,"href":"https:\/\/marcali.plebania.hu\/index.php?rest_route=\/wp\/v2\/posts\/2319\/revisions\/2341"}],"wp:attachment":[{"href":"https:\/\/marcali.plebania.hu\/index.php?rest_route=%2Fwp%2Fv2%2Fmedia&parent=2319"}],"wp:term":[{"taxonomy":"category","embeddable":true,"href":"https:\/\/marcali.plebania.hu\/index.php?rest_route=%2Fwp%2Fv2%2Fcategories&post=2319"},{"taxonomy":"post_tag","embeddable":true,"href":"https:\/\/marcali.plebania.hu\/index.php?rest_route=%2Fwp%2Fv2%2Ftags&post=2319"}],"curies":[{"name":"wp","href":"https:\/\/api.w.org\/{rel}","templated":true}]}}