{"id":2345,"date":"2020-12-22T16:28:44","date_gmt":"2020-12-22T16:28:44","guid":{"rendered":"https:\/\/marcali.plebania.hu\/?p=2345"},"modified":"2020-12-22T16:28:44","modified_gmt":"2020-12-22T16:28:44","slug":"adomanyokat-osztott-a-karitasz-karacsonyra-a-raszoruloknak","status":"publish","type":"post","link":"https:\/\/marcali.plebania.hu\/?p=2345","title":{"rendered":"Adom\u00e1nyokat osztott a Karit\u00e1sz kar\u00e1csonyra a r\u00e1szorul\u00f3knak"},"content":{"rendered":"\n<p>2020. december 20-\u00e1n, vas\u00e1rnap a 9 \u00f3r\u00e1s szentmise ut\u00e1n a Marcali Karit\u00e1sz Csoport a pl\u00e9b\u00e1niatemplomban \u2013 a j\u00e1rv\u00e1ny\u00fcgyi int\u00e9zked\u00e9sek betart\u00e1s\u00e1val \u2013 adta \u00e1t azt a 10 darabb\u00f3l \u00e1ll\u00f3 tart\u00f3s \u00e9lelmiszereket tartalmaz\u00f3 dobozokat, melyeket a Katolikus Karit\u00e1sz, valamint a Kaposv\u00e1ri Egyh\u00e1zmegyei Karit\u00e1sz k\u00f6zrem\u0171k\u00f6d\u00e9s\u00e9vel juttattak el v\u00e1rosunkba.<\/p>\n\n\n\n<figure class=\"wp-block-gallery columns-3 is-cropped wp-block-gallery-1 is-layout-flex wp-block-gallery-is-layout-flex\"><ul class=\"blocks-gallery-grid\"><li class=\"blocks-gallery-item\"><figure><img loading=\"lazy\" decoding=\"async\" width=\"1024\" height=\"683\" src=\"https:\/\/marcali.plebania.hu\/wp-content\/uploads\/2020\/12\/01-1-1024x683.jpg\" alt=\"\" data-id=\"2346\" data-link=\"https:\/\/marcali.plebania.hu\/?attachment_id=2346\" class=\"wp-image-2346\" srcset=\"https:\/\/marcali.plebania.hu\/wp-content\/uploads\/2020\/12\/01-1-1024x683.jpg 1024w, https:\/\/marcali.plebania.hu\/wp-content\/uploads\/2020\/12\/01-1-300x200.jpg 300w, https:\/\/marcali.plebania.hu\/wp-content\/uploads\/2020\/12\/01-1-768x512.jpg 768w, https:\/\/marcali.plebania.hu\/wp-content\/uploads\/2020\/12\/01-1-1536x1024.jpg 1536w, https:\/\/marcali.plebania.hu\/wp-content\/uploads\/2020\/12\/01-1-2048x1365.jpg 2048w, https:\/\/marcali.plebania.hu\/wp-content\/uploads\/2020\/12\/01-1-405x270.jpg 405w\" sizes=\"auto, (max-width: 1024px) 100vw, 1024px\" \/><\/figure><\/li><li class=\"blocks-gallery-item\"><figure><img loading=\"lazy\" decoding=\"async\" width=\"1024\" height=\"683\" src=\"https:\/\/marcali.plebania.hu\/wp-content\/uploads\/2020\/12\/02-1024x683.jpg\" alt=\"\" data-id=\"2347\" data-link=\"https:\/\/marcali.plebania.hu\/?attachment_id=2347\" class=\"wp-image-2347\" srcset=\"https:\/\/marcali.plebania.hu\/wp-content\/uploads\/2020\/12\/02-1024x683.jpg 1024w, https:\/\/marcali.plebania.hu\/wp-content\/uploads\/2020\/12\/02-300x200.jpg 300w, https:\/\/marcali.plebania.hu\/wp-content\/uploads\/2020\/12\/02-768x512.jpg 768w, https:\/\/marcali.plebania.hu\/wp-content\/uploads\/2020\/12\/02-1536x1024.jpg 1536w, https:\/\/marcali.plebania.hu\/wp-content\/uploads\/2020\/12\/02-2048x1365.jpg 2048w, https:\/\/marcali.plebania.hu\/wp-content\/uploads\/2020\/12\/02-405x270.jpg 405w\" sizes=\"auto, (max-width: 1024px) 100vw, 1024px\" \/><\/figure><\/li><li class=\"blocks-gallery-item\"><figure><img loading=\"lazy\" decoding=\"async\" width=\"1024\" height=\"683\" src=\"https:\/\/marcali.plebania.hu\/wp-content\/uploads\/2020\/12\/04-1024x683.jpg\" alt=\"\" data-id=\"2348\" data-link=\"https:\/\/marcali.plebania.hu\/?attachment_id=2348\" class=\"wp-image-2348\" srcset=\"https:\/\/marcali.plebania.hu\/wp-content\/uploads\/2020\/12\/04-1024x683.jpg 1024w, https:\/\/marcali.plebania.hu\/wp-content\/uploads\/2020\/12\/04-300x200.jpg 300w, https:\/\/marcali.plebania.hu\/wp-content\/uploads\/2020\/12\/04-768x512.jpg 768w, https:\/\/marcali.plebania.hu\/wp-content\/uploads\/2020\/12\/04-1536x1024.jpg 1536w, https:\/\/marcali.plebania.hu\/wp-content\/uploads\/2020\/12\/04-2048x1365.jpg 2048w, https:\/\/marcali.plebania.hu\/wp-content\/uploads\/2020\/12\/04-405x270.jpg 405w\" sizes=\"auto, (max-width: 1024px) 100vw, 1024px\" \/><\/figure><\/li><li class=\"blocks-gallery-item\"><figure><img loading=\"lazy\" decoding=\"async\" width=\"1024\" height=\"683\" src=\"https:\/\/marcali.plebania.hu\/wp-content\/uploads\/2020\/12\/03-1024x683.jpg\" alt=\"\" data-id=\"2349\" data-full-url=\"https:\/\/marcali.plebania.hu\/wp-content\/uploads\/2020\/12\/03-scaled.jpg\" data-link=\"https:\/\/marcali.plebania.hu\/?attachment_id=2349\" class=\"wp-image-2349\" srcset=\"https:\/\/marcali.plebania.hu\/wp-content\/uploads\/2020\/12\/03-1024x683.jpg 1024w, https:\/\/marcali.plebania.hu\/wp-content\/uploads\/2020\/12\/03-300x200.jpg 300w, https:\/\/marcali.plebania.hu\/wp-content\/uploads\/2020\/12\/03-768x512.jpg 768w, https:\/\/marcali.plebania.hu\/wp-content\/uploads\/2020\/12\/03-1536x1024.jpg 1536w, https:\/\/marcali.plebania.hu\/wp-content\/uploads\/2020\/12\/03-2048x1365.jpg 2048w, https:\/\/marcali.plebania.hu\/wp-content\/uploads\/2020\/12\/03-405x270.jpg 405w\" sizes=\"auto, (max-width: 1024px) 100vw, 1024px\" \/><\/figure><\/li><\/ul><\/figure>\n\n\n\n<p>Ezen k\u00edv\u00fcl a helyi \u00f6nk\u00e9ntes seg\u00e9lyszervezet tov\u00e1bbi 21 db \u00e9lelmiszercsomagot is \u00f6ssze\u00e1ll\u00edtott, melyet a Szent Erzs\u00e9bet-napi templomi adom\u00e1nygy\u0171jt\u00e9s tett lehet\u0151v\u00e9 a h\u00edvek j\u00f3volt\u00e1b\u00f3l. S\u00e1voly Andrea, a Marcali Karit\u00e1sz Csoport vezet\u0151je elmondta, ezek az adom\u00e1nyok az idei esztend\u0151ben is a helybeli id\u0151s, beteg, illetve neh\u00e9z sors\u00fa csal\u00e1dok t\u00e1mogat\u00e1s\u00e1t szolg\u00e1lj\u00e1k. A c\u00e9l az volt, hogy a k\u00f6zelg\u0151 \u00fcnnepek alkalm\u00e1val enyh\u00edts\u00e9k kicsit ezeknek az embereknek a kiad\u00e1sait, \u00e9s seg\u00edts\u00e9k a kar\u00e1csonyuk meghittebb\u00e9 t\u00e9tel\u00e9t, ez\u00e1ltal eljuttass\u00e1k J\u00e9zus sz\u00fclet\u00e9s\u00e9nek \u00f6r\u00f6mh\u00edr\u00e9t, \u00fczenet\u00e9t is.<\/p>\n\n\n\n<figure class=\"wp-block-gallery columns-3 is-cropped wp-block-gallery-2 is-layout-flex wp-block-gallery-is-layout-flex\"><ul class=\"blocks-gallery-grid\"><li class=\"blocks-gallery-item\"><figure><img loading=\"lazy\" decoding=\"async\" width=\"1024\" height=\"683\" src=\"https:\/\/marcali.plebania.hu\/wp-content\/uploads\/2020\/12\/05-1024x683.jpg\" alt=\"\" data-id=\"2350\" data-link=\"https:\/\/marcali.plebania.hu\/?attachment_id=2350\" class=\"wp-image-2350\" srcset=\"https:\/\/marcali.plebania.hu\/wp-content\/uploads\/2020\/12\/05-1024x683.jpg 1024w, https:\/\/marcali.plebania.hu\/wp-content\/uploads\/2020\/12\/05-300x200.jpg 300w, https:\/\/marcali.plebania.hu\/wp-content\/uploads\/2020\/12\/05-768x512.jpg 768w, https:\/\/marcali.plebania.hu\/wp-content\/uploads\/2020\/12\/05-1536x1024.jpg 1536w, https:\/\/marcali.plebania.hu\/wp-content\/uploads\/2020\/12\/05-2048x1365.jpg 2048w, https:\/\/marcali.plebania.hu\/wp-content\/uploads\/2020\/12\/05-405x270.jpg 405w\" sizes=\"auto, (max-width: 1024px) 100vw, 1024px\" \/><\/figure><\/li><li class=\"blocks-gallery-item\"><figure><img loading=\"lazy\" decoding=\"async\" width=\"1024\" height=\"683\" src=\"https:\/\/marcali.plebania.hu\/wp-content\/uploads\/2020\/12\/06-1-1024x683.jpg\" alt=\"\" data-id=\"2351\" data-link=\"https:\/\/marcali.plebania.hu\/?attachment_id=2351\" class=\"wp-image-2351\" srcset=\"https:\/\/marcali.plebania.hu\/wp-content\/uploads\/2020\/12\/06-1-1024x683.jpg 1024w, https:\/\/marcali.plebania.hu\/wp-content\/uploads\/2020\/12\/06-1-300x200.jpg 300w, https:\/\/marcali.plebania.hu\/wp-content\/uploads\/2020\/12\/06-1-768x512.jpg 768w, https:\/\/marcali.plebania.hu\/wp-content\/uploads\/2020\/12\/06-1-1536x1024.jpg 1536w, https:\/\/marcali.plebania.hu\/wp-content\/uploads\/2020\/12\/06-1-2048x1365.jpg 2048w, https:\/\/marcali.plebania.hu\/wp-content\/uploads\/2020\/12\/06-1-405x270.jpg 405w\" sizes=\"auto, (max-width: 1024px) 100vw, 1024px\" \/><\/figure><\/li><li class=\"blocks-gallery-item\"><figure><img loading=\"lazy\" decoding=\"async\" width=\"1024\" height=\"683\" src=\"https:\/\/marcali.plebania.hu\/wp-content\/uploads\/2020\/12\/08-1024x683.jpg\" alt=\"\" data-id=\"2352\" data-link=\"https:\/\/marcali.plebania.hu\/?attachment_id=2352\" class=\"wp-image-2352\" srcset=\"https:\/\/marcali.plebania.hu\/wp-content\/uploads\/2020\/12\/08-1024x683.jpg 1024w, https:\/\/marcali.plebania.hu\/wp-content\/uploads\/2020\/12\/08-300x200.jpg 300w, https:\/\/marcali.plebania.hu\/wp-content\/uploads\/2020\/12\/08-768x512.jpg 768w, https:\/\/marcali.plebania.hu\/wp-content\/uploads\/2020\/12\/08-1536x1024.jpg 1536w, https:\/\/marcali.plebania.hu\/wp-content\/uploads\/2020\/12\/08-2048x1365.jpg 2048w, https:\/\/marcali.plebania.hu\/wp-content\/uploads\/2020\/12\/08-405x270.jpg 405w\" sizes=\"auto, (max-width: 1024px) 100vw, 1024px\" \/><\/figure><\/li><li class=\"blocks-gallery-item\"><figure><img loading=\"lazy\" decoding=\"async\" width=\"1024\" height=\"683\" src=\"https:\/\/marcali.plebania.hu\/wp-content\/uploads\/2020\/12\/10-1-1024x683.jpg\" alt=\"\" data-id=\"2353\" data-full-url=\"https:\/\/marcali.plebania.hu\/wp-content\/uploads\/2020\/12\/10-1-scaled.jpg\" data-link=\"https:\/\/marcali.plebania.hu\/?attachment_id=2353\" class=\"wp-image-2353\" srcset=\"https:\/\/marcali.plebania.hu\/wp-content\/uploads\/2020\/12\/10-1-1024x683.jpg 1024w, https:\/\/marcali.plebania.hu\/wp-content\/uploads\/2020\/12\/10-1-300x200.jpg 300w, https:\/\/marcali.plebania.hu\/wp-content\/uploads\/2020\/12\/10-1-768x512.jpg 768w, https:\/\/marcali.plebania.hu\/wp-content\/uploads\/2020\/12\/10-1-1536x1024.jpg 1536w, https:\/\/marcali.plebania.hu\/wp-content\/uploads\/2020\/12\/10-1-2048x1365.jpg 2048w, https:\/\/marcali.plebania.hu\/wp-content\/uploads\/2020\/12\/10-1-405x270.jpg 405w\" sizes=\"auto, (max-width: 1024px) 100vw, 1024px\" \/><\/figure><\/li><\/ul><\/figure>\n\n\n\n<p>A r\u00e1szorul\u00f3k mindannyian h\u00e1l\u00e1sak\nvoltak, \u00e9s \u00f6r\u00f6mmel k\u00f6sz\u00f6nt\u00e9k meg a seg\u00edts\u00e9get, melyek egyt\u0151l\negyig hasznosak leszek a csal\u00e1dok kar\u00e1csonyi asztal\u00e1n\u00e1l.<\/p>\n\n\n\n<p>Azoknak a t\u00e1mogat\u00e1sban r\u00e9szes\u00fclt\nszem\u00e9lyeknek, akik valamilyen okn\u00e1l fogva mozg\u00e1sukban korl\u00e1tozottak \u00e9s nem\ntudtak \u00e1tvenni a csomagokat, nekik az \u00f6nk\u00e9ntes karit\u00e1sz aktivist\u00e1k fogj\u00e1k a\nnapokban szem\u00e9lyesen eljuttatni a pand\u00e9mi\u00e1s el\u0151\u00edr\u00e1sok betart\u00e1s\u00e1val.<\/p>\n","protected":false},"excerpt":{"rendered":"<p>2020. december 20-\u00e1n, vas\u00e1rnap a 9 \u00f3r\u00e1s szentmise ut\u00e1n a Marcali Karit\u00e1sz Csoport a pl\u00e9b\u00e1niatemplomban \u2013 a j\u00e1rv\u00e1ny\u00fcgyi int\u00e9zked\u00e9sek betart\u00e1s\u00e1val \u2013 adta \u00e1t azt a 10 darabb\u00f3l \u00e1ll\u00f3 tart\u00f3s \u00e9lelmiszereket tartalmaz\u00f3 dobozokat, melyeket a Katolikus Karit\u00e1sz, valamint a Kaposv\u00e1ri Egyh\u00e1zmegyei Karit\u00e1sz k\u00f6zrem\u0171k\u00f6d\u00e9s\u00e9vel juttattak el v\u00e1rosunkba. Ezen k\u00edv\u00fcl a helyi \u00f6nk\u00e9ntes seg\u00e9lyszervezet tov\u00e1bbi 21 db \u00e9lelmiszercsomagot is \u00f6ssze\u00e1ll\u00edtott, melyet a Szent Erzs\u00e9bet-napi templomi adom\u00e1nygy\u0171jt\u00e9s tett lehet\u0151v\u00e9 a h\u00edvek j\u00f3volt\u00e1b\u00f3l. S\u00e1voly Andrea, a Marcali Karit\u00e1sz Csoport vezet\u0151je elmondta, ezek az adom\u00e1nyok az&#8230;<\/p>\n<p class=\"read-more\"><a class=\"btn btn-default\" href=\"https:\/\/marcali.plebania.hu\/?p=2345\"> Read More<span class=\"screen-reader-text\">  Read More<\/span><\/a><\/p>\n","protected":false},"author":2,"featured_media":0,"comment_status":"closed","ping_status":"open","sticky":false,"template":"","format":"standard","meta":{"footnotes":""},"categories":[1],"tags":[],"class_list":["post-2345","post","type-post","status-publish","format-standard","hentry","category-egyeb"],"_links":{"self":[{"href":"https:\/\/marcali.plebania.hu\/index.php?rest_route=\/wp\/v2\/posts\/2345","targetHints":{"allow":["GET"]}}],"collection":[{"href":"https:\/\/marcali.plebania.hu\/index.php?rest_route=\/wp\/v2\/posts"}],"about":[{"href":"https:\/\/marcali.plebania.hu\/index.php?rest_route=\/wp\/v2\/types\/post"}],"author":[{"embeddable":true,"href":"https:\/\/marcali.plebania.hu\/index.php?rest_route=\/wp\/v2\/users\/2"}],"replies":[{"embeddable":true,"href":"https:\/\/marcali.plebania.hu\/index.php?rest_route=%2Fwp%2Fv2%2Fcomments&post=2345"}],"version-history":[{"count":1,"href":"https:\/\/marcali.plebania.hu\/index.php?rest_route=\/wp\/v2\/posts\/2345\/revisions"}],"predecessor-version":[{"id":2354,"href":"https:\/\/marcali.plebania.hu\/index.php?rest_route=\/wp\/v2\/posts\/2345\/revisions\/2354"}],"wp:attachment":[{"href":"https:\/\/marcali.plebania.hu\/index.php?rest_route=%2Fwp%2Fv2%2Fmedia&parent=2345"}],"wp:term":[{"taxonomy":"category","embeddable":true,"href":"https:\/\/marcali.plebania.hu\/index.php?rest_route=%2Fwp%2Fv2%2Fcategories&post=2345"},{"taxonomy":"post_tag","embeddable":true,"href":"https:\/\/marcali.plebania.hu\/index.php?rest_route=%2Fwp%2Fv2%2Ftags&post=2345"}],"curies":[{"name":"wp","href":"https:\/\/api.w.org\/{rel}","templated":true}]}}