{"id":235,"date":"2018-05-16T07:50:20","date_gmt":"2018-05-16T07:50:20","guid":{"rendered":"https:\/\/marcali.plebania.hu\/?p=235"},"modified":"2018-05-16T15:15:53","modified_gmt":"2018-05-16T15:15:53","slug":"bermalas-a-marcali-plebaniatemplomban","status":"publish","type":"post","link":"https:\/\/marcali.plebania.hu\/?p=235","title":{"rendered":"B\u00e9rm\u00e1l\u00e1s a Marcali pl\u00e9b\u00e1niatemplomban"},"content":{"rendered":"<p>2018. m\u00e1jus 13-\u00e1n, Urunk mennybemenetel\u00e9nek \u00fcnnep\u00e9n Varga L\u00e1szl\u00f3 kaposv\u00e1ri megy\u00e9sp\u00fcsp\u00f6k 34 fiatalnak szolg\u00e1ltatta ki a b\u00e9rm\u00e1l\u00e1s szents\u00e9g\u00e9t, k\u00f6zt\u00fck 31 nyolcadikos hittanosunknak, valamint 3 feln\u0151tt fiatalnak.<\/p>\n<p><img loading=\"lazy\" decoding=\"async\" class=\"aligncenter wp-image-236 size-full\" src=\"https:\/\/marcali.plebania.hu\/wp-content\/uploads\/2018\/05\/DSC_7157.jpg\" alt=\"\" width=\"1000\" height=\"668\" srcset=\"https:\/\/marcali.plebania.hu\/wp-content\/uploads\/2018\/05\/DSC_7157.jpg 1000w, https:\/\/marcali.plebania.hu\/wp-content\/uploads\/2018\/05\/DSC_7157-300x200.jpg 300w, https:\/\/marcali.plebania.hu\/wp-content\/uploads\/2018\/05\/DSC_7157-768x513.jpg 768w, https:\/\/marcali.plebania.hu\/wp-content\/uploads\/2018\/05\/DSC_7157-404x270.jpg 404w\" sizes=\"auto, (max-width: 1000px) 100vw, 1000px\" \/><\/p>\n<p>A megy\u00e9sp\u00fcsp\u00f6k arra b\u00edztatta a fiatalokat, hogy ez a mostani alkalom j\u00f3 indul\u00e1si alap az \u00e9lethez. \u00c9ppen abban a korban vannak, amikor a j\u00f6v\u0151j\u00fcket tervezik. A mai napon a Szentl\u00e9lekt\u0151l seg\u00edts\u00e9get kapnak az elindul\u00e1shoz.<\/p>\n","protected":false},"excerpt":{"rendered":"<p>2018. m\u00e1jus 13-\u00e1n, Urunk mennybemenetel\u00e9nek \u00fcnnep\u00e9n Varga L\u00e1szl\u00f3 kaposv\u00e1ri megy\u00e9sp\u00fcsp\u00f6k 34 fiatalnak szolg\u00e1ltatta ki a b\u00e9rm\u00e1l\u00e1s szents\u00e9g\u00e9t, k\u00f6zt\u00fck 31 nyolcadikos hittanosunknak, valamint 3 feln\u0151tt fiatalnak. A megy\u00e9sp\u00fcsp\u00f6k arra b\u00edztatta a fiatalokat, hogy ez a mostani alkalom j\u00f3 indul\u00e1si alap az \u00e9lethez. \u00c9ppen abban a korban vannak, amikor a j\u00f6v\u0151j\u00fcket tervezik. A mai napon a Szentl\u00e9lekt\u0151l seg\u00edts\u00e9get kapnak az elindul\u00e1shoz.<\/p>\n","protected":false},"author":2,"featured_media":0,"comment_status":"closed","ping_status":"open","sticky":false,"template":"","format":"standard","meta":{"footnotes":""},"categories":[1],"tags":[],"class_list":["post-235","post","type-post","status-publish","format-standard","hentry","category-egyeb"],"_links":{"self":[{"href":"https:\/\/marcali.plebania.hu\/index.php?rest_route=\/wp\/v2\/posts\/235","targetHints":{"allow":["GET"]}}],"collection":[{"href":"https:\/\/marcali.plebania.hu\/index.php?rest_route=\/wp\/v2\/posts"}],"about":[{"href":"https:\/\/marcali.plebania.hu\/index.php?rest_route=\/wp\/v2\/types\/post"}],"author":[{"embeddable":true,"href":"https:\/\/marcali.plebania.hu\/index.php?rest_route=\/wp\/v2\/users\/2"}],"replies":[{"embeddable":true,"href":"https:\/\/marcali.plebania.hu\/index.php?rest_route=%2Fwp%2Fv2%2Fcomments&post=235"}],"version-history":[{"count":2,"href":"https:\/\/marcali.plebania.hu\/index.php?rest_route=\/wp\/v2\/posts\/235\/revisions"}],"predecessor-version":[{"id":239,"href":"https:\/\/marcali.plebania.hu\/index.php?rest_route=\/wp\/v2\/posts\/235\/revisions\/239"}],"wp:attachment":[{"href":"https:\/\/marcali.plebania.hu\/index.php?rest_route=%2Fwp%2Fv2%2Fmedia&parent=235"}],"wp:term":[{"taxonomy":"category","embeddable":true,"href":"https:\/\/marcali.plebania.hu\/index.php?rest_route=%2Fwp%2Fv2%2Fcategories&post=235"},{"taxonomy":"post_tag","embeddable":true,"href":"https:\/\/marcali.plebania.hu\/index.php?rest_route=%2Fwp%2Fv2%2Ftags&post=235"}],"curies":[{"name":"wp","href":"https:\/\/api.w.org\/{rel}","templated":true}]}}