{"id":2356,"date":"2020-12-26T17:41:26","date_gmt":"2020-12-26T17:41:26","guid":{"rendered":"https:\/\/marcali.plebania.hu\/?p=2356"},"modified":"2020-12-26T17:41:26","modified_gmt":"2020-12-26T17:41:26","slug":"elorehozott-karacsony","status":"publish","type":"post","link":"https:\/\/marcali.plebania.hu\/?p=2356","title":{"rendered":"El\u0151rehozott Kar\u00e1csony"},"content":{"rendered":"\n<p>Mivel az Egyh\u00e1zmegye f\u0151p\u00e1sztora azt tan\u00e1csolta, hogy a h\u00edveket ne hagyjuk bizonytalans\u00e1gban a kar\u00e1csonyi szentmis\u00e9k id\u0151pontj\u00e1ban \u00e9s lehet\u0151leg ne tartsunk \u00e9jf\u00e9li szentmis\u00e9t, helyette ink\u00e1bb egy m\u00e1s id\u0151pontot v\u00e1lasszunk.<\/p>\n\n\n\n<figure class=\"wp-block-gallery columns-3 is-cropped wp-block-gallery-1 is-layout-flex wp-block-gallery-is-layout-flex\"><ul class=\"blocks-gallery-grid\"><li class=\"blocks-gallery-item\"><figure><img loading=\"lazy\" decoding=\"async\" width=\"1024\" height=\"678\" src=\"https:\/\/marcali.plebania.hu\/wp-content\/uploads\/2020\/12\/2020-kar-el\u0151esti-002.jpg\" alt=\"\" data-id=\"2357\" data-link=\"https:\/\/marcali.plebania.hu\/?attachment_id=2357\" class=\"wp-image-2357\" srcset=\"https:\/\/marcali.plebania.hu\/wp-content\/uploads\/2020\/12\/2020-kar-el\u0151esti-002.jpg 1024w, https:\/\/marcali.plebania.hu\/wp-content\/uploads\/2020\/12\/2020-kar-el\u0151esti-002-300x199.jpg 300w, https:\/\/marcali.plebania.hu\/wp-content\/uploads\/2020\/12\/2020-kar-el\u0151esti-002-768x509.jpg 768w, https:\/\/marcali.plebania.hu\/wp-content\/uploads\/2020\/12\/2020-kar-el\u0151esti-002-408x270.jpg 408w\" sizes=\"auto, (max-width: 1024px) 100vw, 1024px\" \/><\/figure><\/li><li class=\"blocks-gallery-item\"><figure><img loading=\"lazy\" decoding=\"async\" width=\"1024\" height=\"678\" src=\"https:\/\/marcali.plebania.hu\/wp-content\/uploads\/2020\/12\/2020-kar-el\u0151esti-004.jpg\" alt=\"\" data-id=\"2358\" data-link=\"https:\/\/marcali.plebania.hu\/?attachment_id=2358\" class=\"wp-image-2358\" srcset=\"https:\/\/marcali.plebania.hu\/wp-content\/uploads\/2020\/12\/2020-kar-el\u0151esti-004.jpg 1024w, https:\/\/marcali.plebania.hu\/wp-content\/uploads\/2020\/12\/2020-kar-el\u0151esti-004-300x199.jpg 300w, https:\/\/marcali.plebania.hu\/wp-content\/uploads\/2020\/12\/2020-kar-el\u0151esti-004-768x509.jpg 768w, https:\/\/marcali.plebania.hu\/wp-content\/uploads\/2020\/12\/2020-kar-el\u0151esti-004-408x270.jpg 408w\" sizes=\"auto, (max-width: 1024px) 100vw, 1024px\" \/><\/figure><\/li><li class=\"blocks-gallery-item\"><figure><img loading=\"lazy\" decoding=\"async\" width=\"1024\" height=\"678\" src=\"https:\/\/marcali.plebania.hu\/wp-content\/uploads\/2020\/12\/2020-kar-el\u0151esti-009.jpg\" alt=\"\" data-id=\"2359\" data-link=\"https:\/\/marcali.plebania.hu\/?attachment_id=2359\" class=\"wp-image-2359\" srcset=\"https:\/\/marcali.plebania.hu\/wp-content\/uploads\/2020\/12\/2020-kar-el\u0151esti-009.jpg 1024w, https:\/\/marcali.plebania.hu\/wp-content\/uploads\/2020\/12\/2020-kar-el\u0151esti-009-300x199.jpg 300w, https:\/\/marcali.plebania.hu\/wp-content\/uploads\/2020\/12\/2020-kar-el\u0151esti-009-768x509.jpg 768w, https:\/\/marcali.plebania.hu\/wp-content\/uploads\/2020\/12\/2020-kar-el\u0151esti-009-408x270.jpg 408w\" sizes=\"auto, (max-width: 1024px) 100vw, 1024px\" \/><\/figure><\/li><li class=\"blocks-gallery-item\"><figure><img loading=\"lazy\" decoding=\"async\" width=\"1024\" height=\"678\" src=\"https:\/\/marcali.plebania.hu\/wp-content\/uploads\/2020\/12\/2020-kar-el\u0151esti-018.jpg\" alt=\"\" data-id=\"2361\" data-full-url=\"https:\/\/marcali.plebania.hu\/wp-content\/uploads\/2020\/12\/2020-kar-el\u0151esti-018.jpg\" data-link=\"https:\/\/marcali.plebania.hu\/?attachment_id=2361\" class=\"wp-image-2361\" srcset=\"https:\/\/marcali.plebania.hu\/wp-content\/uploads\/2020\/12\/2020-kar-el\u0151esti-018.jpg 1024w, https:\/\/marcali.plebania.hu\/wp-content\/uploads\/2020\/12\/2020-kar-el\u0151esti-018-300x199.jpg 300w, https:\/\/marcali.plebania.hu\/wp-content\/uploads\/2020\/12\/2020-kar-el\u0151esti-018-768x509.jpg 768w, https:\/\/marcali.plebania.hu\/wp-content\/uploads\/2020\/12\/2020-kar-el\u0151esti-018-408x270.jpg 408w\" sizes=\"auto, (max-width: 1024px) 100vw, 1024px\" \/><\/figure><\/li><\/ul><\/figure>\n\n\n\n<p>Marcaliban is ezt a megold\u00e1st v\u00e1lasztottuk megel\u0151legezt\u00fck a kar\u00e1csonyi \u00f6r\u00f6mh\u00edrt, el\u0151tte nap az esti \u00f3r\u00e1kban tartottuk meg az \u00e9jf\u00e9li szentmis\u00e9t, a j\u00e1rv\u00e1ny\u00fcgyi szab\u00e1lyok betart\u00e1s\u00e1val.<\/p>\n\n\n\n<figure class=\"wp-block-gallery columns-3 is-cropped wp-block-gallery-2 is-layout-flex wp-block-gallery-is-layout-flex\"><ul class=\"blocks-gallery-grid\"><li class=\"blocks-gallery-item\"><figure><img loading=\"lazy\" decoding=\"async\" width=\"1024\" height=\"678\" src=\"https:\/\/marcali.plebania.hu\/wp-content\/uploads\/2020\/12\/2020-kar-el\u0151esti-015.jpg\" alt=\"\" data-id=\"2362\" data-link=\"https:\/\/marcali.plebania.hu\/?attachment_id=2362\" class=\"wp-image-2362\" srcset=\"https:\/\/marcali.plebania.hu\/wp-content\/uploads\/2020\/12\/2020-kar-el\u0151esti-015.jpg 1024w, https:\/\/marcali.plebania.hu\/wp-content\/uploads\/2020\/12\/2020-kar-el\u0151esti-015-300x199.jpg 300w, https:\/\/marcali.plebania.hu\/wp-content\/uploads\/2020\/12\/2020-kar-el\u0151esti-015-768x509.jpg 768w, https:\/\/marcali.plebania.hu\/wp-content\/uploads\/2020\/12\/2020-kar-el\u0151esti-015-408x270.jpg 408w\" sizes=\"auto, (max-width: 1024px) 100vw, 1024px\" \/><\/figure><\/li><li class=\"blocks-gallery-item\"><figure><img loading=\"lazy\" decoding=\"async\" width=\"1024\" height=\"678\" src=\"https:\/\/marcali.plebania.hu\/wp-content\/uploads\/2020\/12\/2020-kar-el\u0151esti-019.jpg\" alt=\"\" data-id=\"2363\" data-link=\"https:\/\/marcali.plebania.hu\/?attachment_id=2363\" class=\"wp-image-2363\" srcset=\"https:\/\/marcali.plebania.hu\/wp-content\/uploads\/2020\/12\/2020-kar-el\u0151esti-019.jpg 1024w, https:\/\/marcali.plebania.hu\/wp-content\/uploads\/2020\/12\/2020-kar-el\u0151esti-019-300x199.jpg 300w, https:\/\/marcali.plebania.hu\/wp-content\/uploads\/2020\/12\/2020-kar-el\u0151esti-019-768x509.jpg 768w, https:\/\/marcali.plebania.hu\/wp-content\/uploads\/2020\/12\/2020-kar-el\u0151esti-019-408x270.jpg 408w\" sizes=\"auto, (max-width: 1024px) 100vw, 1024px\" \/><\/figure><\/li><li class=\"blocks-gallery-item\"><figure><img loading=\"lazy\" decoding=\"async\" width=\"1024\" height=\"678\" src=\"https:\/\/marcali.plebania.hu\/wp-content\/uploads\/2020\/12\/2020-kar-el\u0151esti-023.jpg\" alt=\"\" data-id=\"2364\" data-full-url=\"https:\/\/marcali.plebania.hu\/wp-content\/uploads\/2020\/12\/2020-kar-el\u0151esti-023.jpg\" data-link=\"https:\/\/marcali.plebania.hu\/?attachment_id=2364\" class=\"wp-image-2364\" srcset=\"https:\/\/marcali.plebania.hu\/wp-content\/uploads\/2020\/12\/2020-kar-el\u0151esti-023.jpg 1024w, https:\/\/marcali.plebania.hu\/wp-content\/uploads\/2020\/12\/2020-kar-el\u0151esti-023-300x199.jpg 300w, https:\/\/marcali.plebania.hu\/wp-content\/uploads\/2020\/12\/2020-kar-el\u0151esti-023-768x509.jpg 768w, https:\/\/marcali.plebania.hu\/wp-content\/uploads\/2020\/12\/2020-kar-el\u0151esti-023-408x270.jpg 408w\" sizes=\"auto, (max-width: 1024px) 100vw, 1024px\" \/><\/figure><\/li><li class=\"blocks-gallery-item\"><figure><img loading=\"lazy\" decoding=\"async\" width=\"1024\" height=\"678\" src=\"https:\/\/marcali.plebania.hu\/wp-content\/uploads\/2020\/12\/2020-kar-el\u0151esti-024.jpg\" alt=\"\" data-id=\"2365\" data-full-url=\"https:\/\/marcali.plebania.hu\/wp-content\/uploads\/2020\/12\/2020-kar-el\u0151esti-024.jpg\" data-link=\"https:\/\/marcali.plebania.hu\/?attachment_id=2365\" class=\"wp-image-2365\" srcset=\"https:\/\/marcali.plebania.hu\/wp-content\/uploads\/2020\/12\/2020-kar-el\u0151esti-024.jpg 1024w, https:\/\/marcali.plebania.hu\/wp-content\/uploads\/2020\/12\/2020-kar-el\u0151esti-024-300x199.jpg 300w, https:\/\/marcali.plebania.hu\/wp-content\/uploads\/2020\/12\/2020-kar-el\u0151esti-024-768x509.jpg 768w, https:\/\/marcali.plebania.hu\/wp-content\/uploads\/2020\/12\/2020-kar-el\u0151esti-024-408x270.jpg 408w\" sizes=\"auto, (max-width: 1024px) 100vw, 1024px\" \/><\/figure><\/li><\/ul><\/figure>\n\n\n\n<p>A szentmise elej\u00e9n megt\u00f6rt\u00e9nt a j\u00e1szolba helyez\u00e9s, majd felhangzott a legt\u00f6bbet \u00e9nekelt kar\u00e1csonyi dal a Mennyb\u0151l az angyal. A szentmis\u00e9n elhangzott Ady Endre kar\u00e1csonyi verse Kozma Kriszti\u00e1n el\u0151ad\u00e1s\u00e1ban. A szentmis\u00e9n k\u00f6zrem\u0171k\u00f6d\u00f6tt a F\u00e9ny Gyermekei Zenekar \u00e9s Balog B\u00e1lint k\u00e1ntor.<\/p>\n\n\n\n<figure class=\"wp-block-gallery columns-3 is-cropped wp-block-gallery-3 is-layout-flex wp-block-gallery-is-layout-flex\"><ul class=\"blocks-gallery-grid\"><li class=\"blocks-gallery-item\"><figure><img loading=\"lazy\" decoding=\"async\" width=\"1024\" height=\"678\" src=\"https:\/\/marcali.plebania.hu\/wp-content\/uploads\/2020\/12\/2020-kar-el\u0151esti-027.jpg\" alt=\"\" data-id=\"2366\" data-link=\"https:\/\/marcali.plebania.hu\/?attachment_id=2366\" class=\"wp-image-2366\" srcset=\"https:\/\/marcali.plebania.hu\/wp-content\/uploads\/2020\/12\/2020-kar-el\u0151esti-027.jpg 1024w, https:\/\/marcali.plebania.hu\/wp-content\/uploads\/2020\/12\/2020-kar-el\u0151esti-027-300x199.jpg 300w, https:\/\/marcali.plebania.hu\/wp-content\/uploads\/2020\/12\/2020-kar-el\u0151esti-027-768x509.jpg 768w, https:\/\/marcali.plebania.hu\/wp-content\/uploads\/2020\/12\/2020-kar-el\u0151esti-027-408x270.jpg 408w\" sizes=\"auto, (max-width: 1024px) 100vw, 1024px\" \/><\/figure><\/li><li class=\"blocks-gallery-item\"><figure><img loading=\"lazy\" decoding=\"async\" width=\"1024\" height=\"678\" src=\"https:\/\/marcali.plebania.hu\/wp-content\/uploads\/2020\/12\/2020-kar-el\u0151esti-044.jpg\" alt=\"\" data-id=\"2367\" data-link=\"https:\/\/marcali.plebania.hu\/?attachment_id=2367\" class=\"wp-image-2367\" srcset=\"https:\/\/marcali.plebania.hu\/wp-content\/uploads\/2020\/12\/2020-kar-el\u0151esti-044.jpg 1024w, https:\/\/marcali.plebania.hu\/wp-content\/uploads\/2020\/12\/2020-kar-el\u0151esti-044-300x199.jpg 300w, https:\/\/marcali.plebania.hu\/wp-content\/uploads\/2020\/12\/2020-kar-el\u0151esti-044-768x509.jpg 768w, https:\/\/marcali.plebania.hu\/wp-content\/uploads\/2020\/12\/2020-kar-el\u0151esti-044-408x270.jpg 408w\" sizes=\"auto, (max-width: 1024px) 100vw, 1024px\" \/><\/figure><\/li><li class=\"blocks-gallery-item\"><figure><img loading=\"lazy\" decoding=\"async\" width=\"1024\" height=\"678\" src=\"https:\/\/marcali.plebania.hu\/wp-content\/uploads\/2020\/12\/2020-kar-el\u0151esti-048.jpg\" alt=\"\" data-id=\"2368\" data-link=\"https:\/\/marcali.plebania.hu\/?attachment_id=2368\" class=\"wp-image-2368\" srcset=\"https:\/\/marcali.plebania.hu\/wp-content\/uploads\/2020\/12\/2020-kar-el\u0151esti-048.jpg 1024w, https:\/\/marcali.plebania.hu\/wp-content\/uploads\/2020\/12\/2020-kar-el\u0151esti-048-300x199.jpg 300w, https:\/\/marcali.plebania.hu\/wp-content\/uploads\/2020\/12\/2020-kar-el\u0151esti-048-768x509.jpg 768w, https:\/\/marcali.plebania.hu\/wp-content\/uploads\/2020\/12\/2020-kar-el\u0151esti-048-408x270.jpg 408w\" sizes=\"auto, (max-width: 1024px) 100vw, 1024px\" \/><\/figure><\/li><li class=\"blocks-gallery-item\"><figure><img loading=\"lazy\" decoding=\"async\" width=\"1024\" height=\"678\" src=\"https:\/\/marcali.plebania.hu\/wp-content\/uploads\/2020\/12\/2020-kar-el\u0151esti-046.jpg\" alt=\"\" data-id=\"2369\" data-full-url=\"https:\/\/marcali.plebania.hu\/wp-content\/uploads\/2020\/12\/2020-kar-el\u0151esti-046.jpg\" data-link=\"https:\/\/marcali.plebania.hu\/?attachment_id=2369\" class=\"wp-image-2369\" srcset=\"https:\/\/marcali.plebania.hu\/wp-content\/uploads\/2020\/12\/2020-kar-el\u0151esti-046.jpg 1024w, https:\/\/marcali.plebania.hu\/wp-content\/uploads\/2020\/12\/2020-kar-el\u0151esti-046-300x199.jpg 300w, https:\/\/marcali.plebania.hu\/wp-content\/uploads\/2020\/12\/2020-kar-el\u0151esti-046-768x509.jpg 768w, https:\/\/marcali.plebania.hu\/wp-content\/uploads\/2020\/12\/2020-kar-el\u0151esti-046-408x270.jpg 408w\" sizes=\"auto, (max-width: 1024px) 100vw, 1024px\" \/><\/figure><\/li><\/ul><\/figure>\n\n\n\n<p>A szentmis\u00e9r\u0151l felv\u00e9telt k\u00e9sz\u00edtett a Tavi tv, melyet kar\u00e1csony napj\u00e1n \u00e9s m\u00e1snapj\u00e1n is 9 \u00f3rakor leanak. Az \u00fcnnepek alatt kar\u00e1csonyi miserend lesz marcali templomaiban. Vas\u00e1rnap 9 \u00f3rakor borszentel\u00e9si szentmis\u00e9re ker\u00fcl sor.<\/p>\n\n\n\n<figure class=\"wp-block-gallery columns-3 is-cropped wp-block-gallery-4 is-layout-flex wp-block-gallery-is-layout-flex\"><ul class=\"blocks-gallery-grid\"><li class=\"blocks-gallery-item\"><figure><img loading=\"lazy\" decoding=\"async\" width=\"1024\" height=\"678\" src=\"https:\/\/marcali.plebania.hu\/wp-content\/uploads\/2020\/12\/2020-kar-el\u0151esti-034.jpg\" alt=\"\" data-id=\"2370\" data-link=\"https:\/\/marcali.plebania.hu\/?attachment_id=2370\" class=\"wp-image-2370\" srcset=\"https:\/\/marcali.plebania.hu\/wp-content\/uploads\/2020\/12\/2020-kar-el\u0151esti-034.jpg 1024w, https:\/\/marcali.plebania.hu\/wp-content\/uploads\/2020\/12\/2020-kar-el\u0151esti-034-300x199.jpg 300w, https:\/\/marcali.plebania.hu\/wp-content\/uploads\/2020\/12\/2020-kar-el\u0151esti-034-768x509.jpg 768w, https:\/\/marcali.plebania.hu\/wp-content\/uploads\/2020\/12\/2020-kar-el\u0151esti-034-408x270.jpg 408w\" sizes=\"auto, (max-width: 1024px) 100vw, 1024px\" \/><\/figure><\/li><li class=\"blocks-gallery-item\"><figure><img loading=\"lazy\" decoding=\"async\" width=\"1024\" height=\"678\" src=\"https:\/\/marcali.plebania.hu\/wp-content\/uploads\/2020\/12\/2020-kar-el\u0151esti-037.jpg\" alt=\"\" data-id=\"2371\" data-link=\"https:\/\/marcali.plebania.hu\/?attachment_id=2371\" class=\"wp-image-2371\" srcset=\"https:\/\/marcali.plebania.hu\/wp-content\/uploads\/2020\/12\/2020-kar-el\u0151esti-037.jpg 1024w, https:\/\/marcali.plebania.hu\/wp-content\/uploads\/2020\/12\/2020-kar-el\u0151esti-037-300x199.jpg 300w, https:\/\/marcali.plebania.hu\/wp-content\/uploads\/2020\/12\/2020-kar-el\u0151esti-037-768x509.jpg 768w, https:\/\/marcali.plebania.hu\/wp-content\/uploads\/2020\/12\/2020-kar-el\u0151esti-037-408x270.jpg 408w\" sizes=\"auto, (max-width: 1024px) 100vw, 1024px\" \/><\/figure><\/li><li class=\"blocks-gallery-item\"><figure><img loading=\"lazy\" decoding=\"async\" width=\"1024\" height=\"678\" src=\"https:\/\/marcali.plebania.hu\/wp-content\/uploads\/2020\/12\/2020-kar-el\u0151esti-039.jpg\" alt=\"\" data-id=\"2372\" data-link=\"https:\/\/marcali.plebania.hu\/?attachment_id=2372\" class=\"wp-image-2372\" srcset=\"https:\/\/marcali.plebania.hu\/wp-content\/uploads\/2020\/12\/2020-kar-el\u0151esti-039.jpg 1024w, https:\/\/marcali.plebania.hu\/wp-content\/uploads\/2020\/12\/2020-kar-el\u0151esti-039-300x199.jpg 300w, https:\/\/marcali.plebania.hu\/wp-content\/uploads\/2020\/12\/2020-kar-el\u0151esti-039-768x509.jpg 768w, https:\/\/marcali.plebania.hu\/wp-content\/uploads\/2020\/12\/2020-kar-el\u0151esti-039-408x270.jpg 408w\" sizes=\"auto, (max-width: 1024px) 100vw, 1024px\" \/><\/figure><\/li><li class=\"blocks-gallery-item\"><figure><img loading=\"lazy\" decoding=\"async\" width=\"1024\" height=\"678\" src=\"https:\/\/marcali.plebania.hu\/wp-content\/uploads\/2020\/12\/2020-kar-el\u0151esti-043.jpg\" alt=\"\" data-id=\"2373\" data-full-url=\"https:\/\/marcali.plebania.hu\/wp-content\/uploads\/2020\/12\/2020-kar-el\u0151esti-043.jpg\" data-link=\"https:\/\/marcali.plebania.hu\/?attachment_id=2373\" class=\"wp-image-2373\" srcset=\"https:\/\/marcali.plebania.hu\/wp-content\/uploads\/2020\/12\/2020-kar-el\u0151esti-043.jpg 1024w, https:\/\/marcali.plebania.hu\/wp-content\/uploads\/2020\/12\/2020-kar-el\u0151esti-043-300x199.jpg 300w, https:\/\/marcali.plebania.hu\/wp-content\/uploads\/2020\/12\/2020-kar-el\u0151esti-043-768x509.jpg 768w, https:\/\/marcali.plebania.hu\/wp-content\/uploads\/2020\/12\/2020-kar-el\u0151esti-043-408x270.jpg 408w\" sizes=\"auto, (max-width: 1024px) 100vw, 1024px\" \/><\/figure><\/li><\/ul><\/figure>\n","protected":false},"excerpt":{"rendered":"<p>Mivel az Egyh\u00e1zmegye f\u0151p\u00e1sztora azt tan\u00e1csolta, hogy a h\u00edveket ne hagyjuk bizonytalans\u00e1gban a kar\u00e1csonyi szentmis\u00e9k id\u0151pontj\u00e1ban \u00e9s lehet\u0151leg ne tartsunk \u00e9jf\u00e9li szentmis\u00e9t, helyette ink\u00e1bb egy m\u00e1s id\u0151pontot v\u00e1lasszunk. Marcaliban is ezt a megold\u00e1st v\u00e1lasztottuk megel\u0151legezt\u00fck a kar\u00e1csonyi \u00f6r\u00f6mh\u00edrt, el\u0151tte nap az esti \u00f3r\u00e1kban tartottuk meg az \u00e9jf\u00e9li szentmis\u00e9t, a j\u00e1rv\u00e1ny\u00fcgyi szab\u00e1lyok betart\u00e1s\u00e1val. A szentmise elej\u00e9n megt\u00f6rt\u00e9nt a j\u00e1szolba helyez\u00e9s, majd felhangzott a legt\u00f6bbet \u00e9nekelt kar\u00e1csonyi dal a Mennyb\u0151l az angyal. A szentmis\u00e9n elhangzott Ady Endre kar\u00e1csonyi verse Kozma Kriszti\u00e1n el\u0151ad\u00e1s\u00e1ban&#8230;.<\/p>\n<p class=\"read-more\"><a class=\"btn btn-default\" href=\"https:\/\/marcali.plebania.hu\/?p=2356\"> Read More<span class=\"screen-reader-text\">  Read More<\/span><\/a><\/p>\n","protected":false},"author":2,"featured_media":0,"comment_status":"closed","ping_status":"open","sticky":false,"template":"","format":"standard","meta":{"footnotes":""},"categories":[1],"tags":[],"class_list":["post-2356","post","type-post","status-publish","format-standard","hentry","category-egyeb"],"_links":{"self":[{"href":"https:\/\/marcali.plebania.hu\/index.php?rest_route=\/wp\/v2\/posts\/2356","targetHints":{"allow":["GET"]}}],"collection":[{"href":"https:\/\/marcali.plebania.hu\/index.php?rest_route=\/wp\/v2\/posts"}],"about":[{"href":"https:\/\/marcali.plebania.hu\/index.php?rest_route=\/wp\/v2\/types\/post"}],"author":[{"embeddable":true,"href":"https:\/\/marcali.plebania.hu\/index.php?rest_route=\/wp\/v2\/users\/2"}],"replies":[{"embeddable":true,"href":"https:\/\/marcali.plebania.hu\/index.php?rest_route=%2Fwp%2Fv2%2Fcomments&post=2356"}],"version-history":[{"count":1,"href":"https:\/\/marcali.plebania.hu\/index.php?rest_route=\/wp\/v2\/posts\/2356\/revisions"}],"predecessor-version":[{"id":2374,"href":"https:\/\/marcali.plebania.hu\/index.php?rest_route=\/wp\/v2\/posts\/2356\/revisions\/2374"}],"wp:attachment":[{"href":"https:\/\/marcali.plebania.hu\/index.php?rest_route=%2Fwp%2Fv2%2Fmedia&parent=2356"}],"wp:term":[{"taxonomy":"category","embeddable":true,"href":"https:\/\/marcali.plebania.hu\/index.php?rest_route=%2Fwp%2Fv2%2Fcategories&post=2356"},{"taxonomy":"post_tag","embeddable":true,"href":"https:\/\/marcali.plebania.hu\/index.php?rest_route=%2Fwp%2Fv2%2Ftags&post=2356"}],"curies":[{"name":"wp","href":"https:\/\/api.w.org\/{rel}","templated":true}]}}