{"id":2375,"date":"2020-12-26T17:43:26","date_gmt":"2020-12-26T17:43:26","guid":{"rendered":"https:\/\/marcali.plebania.hu\/?p=2375"},"modified":"2020-12-26T17:43:26","modified_gmt":"2020-12-26T17:43:26","slug":"hirdetesek-2020-12-27","status":"publish","type":"post","link":"https:\/\/marcali.plebania.hu\/?p=2375","title":{"rendered":"Hirdet\u00e9sek, 2020. 12. 27."},"content":{"rendered":"\n<ol class=\"wp-block-list\"><li>Ma\nSzent Csal\u00e1d vas\u00e1rnapja van.<\/li><li>December\n31-\u00e9n, cs\u00fct\u00f6rt\u00f6k\u00f6n, (Szilveszter napj\u00e1n) 16.30-kor h\u00e1laad\u00f3 szents\u00e9gim\u00e1d\u00e1s, 17\n\u00f3rakor szentmise lelkip\u00e1sztori besz\u00e1mol\u00f3val.<\/li><li>Janu\u00e1r\n1-\u00e9n, p\u00e9nteken \u00daj \u00c9v napj\u00e1n szentmis\u00e9k: 10 \u00f3ra pl\u00e9b\u00e1niatemplom, 17 \u00f3ra B.\nGizella templom.<\/li><\/ol>\n","protected":false},"excerpt":{"rendered":"<p>Ma Szent Csal\u00e1d vas\u00e1rnapja van. December 31-\u00e9n, cs\u00fct\u00f6rt\u00f6k\u00f6n, (Szilveszter napj\u00e1n) 16.30-kor h\u00e1laad\u00f3 szents\u00e9gim\u00e1d\u00e1s, 17 \u00f3rakor szentmise lelkip\u00e1sztori besz\u00e1mol\u00f3val. Janu\u00e1r 1-\u00e9n, p\u00e9nteken \u00daj \u00c9v napj\u00e1n szentmis\u00e9k: 10 \u00f3ra pl\u00e9b\u00e1niatemplom, 17 \u00f3ra B. Gizella templom.<\/p>\n","protected":false},"author":2,"featured_media":0,"comment_status":"closed","ping_status":"open","sticky":false,"template":"","format":"standard","meta":{"footnotes":""},"categories":[1],"tags":[],"class_list":["post-2375","post","type-post","status-publish","format-standard","hentry","category-egyeb"],"_links":{"self":[{"href":"https:\/\/marcali.plebania.hu\/index.php?rest_route=\/wp\/v2\/posts\/2375","targetHints":{"allow":["GET"]}}],"collection":[{"href":"https:\/\/marcali.plebania.hu\/index.php?rest_route=\/wp\/v2\/posts"}],"about":[{"href":"https:\/\/marcali.plebania.hu\/index.php?rest_route=\/wp\/v2\/types\/post"}],"author":[{"embeddable":true,"href":"https:\/\/marcali.plebania.hu\/index.php?rest_route=\/wp\/v2\/users\/2"}],"replies":[{"embeddable":true,"href":"https:\/\/marcali.plebania.hu\/index.php?rest_route=%2Fwp%2Fv2%2Fcomments&post=2375"}],"version-history":[{"count":1,"href":"https:\/\/marcali.plebania.hu\/index.php?rest_route=\/wp\/v2\/posts\/2375\/revisions"}],"predecessor-version":[{"id":2376,"href":"https:\/\/marcali.plebania.hu\/index.php?rest_route=\/wp\/v2\/posts\/2375\/revisions\/2376"}],"wp:attachment":[{"href":"https:\/\/marcali.plebania.hu\/index.php?rest_route=%2Fwp%2Fv2%2Fmedia&parent=2375"}],"wp:term":[{"taxonomy":"category","embeddable":true,"href":"https:\/\/marcali.plebania.hu\/index.php?rest_route=%2Fwp%2Fv2%2Fcategories&post=2375"},{"taxonomy":"post_tag","embeddable":true,"href":"https:\/\/marcali.plebania.hu\/index.php?rest_route=%2Fwp%2Fv2%2Ftags&post=2375"}],"curies":[{"name":"wp","href":"https:\/\/api.w.org\/{rel}","templated":true}]}}