{"id":2377,"date":"2020-12-30T16:13:31","date_gmt":"2020-12-30T16:13:31","guid":{"rendered":"https:\/\/marcali.plebania.hu\/?p=2377"},"modified":"2020-12-30T16:13:31","modified_gmt":"2020-12-30T16:13:31","slug":"a-szent-csalad-es-szent-janos-apostol-unnepen-a-hazasparokat-es-az-uj-borokat-is-megaldottak","status":"publish","type":"post","link":"https:\/\/marcali.plebania.hu\/?p=2377","title":{"rendered":"A Szent Csal\u00e1d \u00e9s Szent J\u00e1nos apostol \u00fcnnep\u00e9n a h\u00e1zasp\u00e1rokat \u00e9s az \u00faj borokat is meg\u00e1ldott\u00e1k"},"content":{"rendered":"\n<p>2020. december 27-\u00e9n, a Szent Csal\u00e1d vas\u00e1rnapj\u00e1n, a 9 \u00f3r\u00e1s szentmis\u00e9n a Marcali Gy\u00fcm\u00f6lcsolt\u00f3 Boldogasszony pl\u00e9b\u00e1niatemplomban \u2013 a koronav\u00edrus j\u00e1rv\u00e1ny\u00fcgyi int\u00e9zked\u00e9seinek betart\u00e1s\u00e1val \u2013 Kiss Iv\u00e1n c. pr\u00e9post, esperes-pl\u00e9b\u00e1nos az id\u00e9n is meg\u00e1ldotta az \u00faj borokat.<\/p>\n\n\n\n<figure class=\"wp-block-gallery columns-3 is-cropped wp-block-gallery-1 is-layout-flex wp-block-gallery-is-layout-flex\"><ul class=\"blocks-gallery-grid\"><li class=\"blocks-gallery-item\"><figure><img loading=\"lazy\" decoding=\"async\" width=\"1024\" height=\"683\" src=\"https:\/\/marcali.plebania.hu\/wp-content\/uploads\/2020\/12\/04-1-1024x683.jpg\" alt=\"\" data-id=\"2379\" data-link=\"https:\/\/marcali.plebania.hu\/?attachment_id=2379\" class=\"wp-image-2379\" srcset=\"https:\/\/marcali.plebania.hu\/wp-content\/uploads\/2020\/12\/04-1-1024x683.jpg 1024w, https:\/\/marcali.plebania.hu\/wp-content\/uploads\/2020\/12\/04-1-300x200.jpg 300w, https:\/\/marcali.plebania.hu\/wp-content\/uploads\/2020\/12\/04-1-768x512.jpg 768w, https:\/\/marcali.plebania.hu\/wp-content\/uploads\/2020\/12\/04-1-1536x1024.jpg 1536w, https:\/\/marcali.plebania.hu\/wp-content\/uploads\/2020\/12\/04-1-2048x1365.jpg 2048w, https:\/\/marcali.plebania.hu\/wp-content\/uploads\/2020\/12\/04-1-405x270.jpg 405w\" sizes=\"auto, (max-width: 1024px) 100vw, 1024px\" \/><\/figure><\/li><li class=\"blocks-gallery-item\"><figure><img loading=\"lazy\" decoding=\"async\" width=\"1024\" height=\"683\" src=\"https:\/\/marcali.plebania.hu\/wp-content\/uploads\/2020\/12\/05-1-1024x683.jpg\" alt=\"\" data-id=\"2380\" data-link=\"https:\/\/marcali.plebania.hu\/?attachment_id=2380\" class=\"wp-image-2380\" srcset=\"https:\/\/marcali.plebania.hu\/wp-content\/uploads\/2020\/12\/05-1-1024x683.jpg 1024w, https:\/\/marcali.plebania.hu\/wp-content\/uploads\/2020\/12\/05-1-300x200.jpg 300w, https:\/\/marcali.plebania.hu\/wp-content\/uploads\/2020\/12\/05-1-768x512.jpg 768w, https:\/\/marcali.plebania.hu\/wp-content\/uploads\/2020\/12\/05-1-1536x1024.jpg 1536w, https:\/\/marcali.plebania.hu\/wp-content\/uploads\/2020\/12\/05-1-2048x1365.jpg 2048w, https:\/\/marcali.plebania.hu\/wp-content\/uploads\/2020\/12\/05-1-405x270.jpg 405w\" sizes=\"auto, (max-width: 1024px) 100vw, 1024px\" \/><\/figure><\/li><li class=\"blocks-gallery-item\"><figure><img loading=\"lazy\" decoding=\"async\" width=\"1024\" height=\"683\" src=\"https:\/\/marcali.plebania.hu\/wp-content\/uploads\/2020\/12\/02-1-1024x683.jpg\" alt=\"\" data-id=\"2381\" data-link=\"https:\/\/marcali.plebania.hu\/?attachment_id=2381\" class=\"wp-image-2381\" srcset=\"https:\/\/marcali.plebania.hu\/wp-content\/uploads\/2020\/12\/02-1-1024x683.jpg 1024w, https:\/\/marcali.plebania.hu\/wp-content\/uploads\/2020\/12\/02-1-300x200.jpg 300w, https:\/\/marcali.plebania.hu\/wp-content\/uploads\/2020\/12\/02-1-768x512.jpg 768w, https:\/\/marcali.plebania.hu\/wp-content\/uploads\/2020\/12\/02-1-1536x1024.jpg 1536w, https:\/\/marcali.plebania.hu\/wp-content\/uploads\/2020\/12\/02-1-2048x1365.jpg 2048w, https:\/\/marcali.plebania.hu\/wp-content\/uploads\/2020\/12\/02-1-405x270.jpg 405w\" sizes=\"auto, (max-width: 1024px) 100vw, 1024px\" \/><\/figure><\/li><li class=\"blocks-gallery-item\"><figure><img loading=\"lazy\" decoding=\"async\" width=\"1024\" height=\"683\" src=\"https:\/\/marcali.plebania.hu\/wp-content\/uploads\/2020\/12\/09-1024x683.jpg\" alt=\"\" data-id=\"2382\" data-full-url=\"https:\/\/marcali.plebania.hu\/wp-content\/uploads\/2020\/12\/09-scaled.jpg\" data-link=\"https:\/\/marcali.plebania.hu\/?attachment_id=2382\" class=\"wp-image-2382\" srcset=\"https:\/\/marcali.plebania.hu\/wp-content\/uploads\/2020\/12\/09-1024x683.jpg 1024w, https:\/\/marcali.plebania.hu\/wp-content\/uploads\/2020\/12\/09-300x200.jpg 300w, https:\/\/marcali.plebania.hu\/wp-content\/uploads\/2020\/12\/09-768x512.jpg 768w, https:\/\/marcali.plebania.hu\/wp-content\/uploads\/2020\/12\/09-1536x1024.jpg 1536w, https:\/\/marcali.plebania.hu\/wp-content\/uploads\/2020\/12\/09-2048x1365.jpg 2048w, https:\/\/marcali.plebania.hu\/wp-content\/uploads\/2020\/12\/09-405x270.jpg 405w\" sizes=\"auto, (max-width: 1024px) 100vw, 1024px\" \/><\/figure><\/li><\/ul><\/figure>\n\n\n\n<p>A sz\u0151l\u0151sgazd\u00e1k a kar\u00e1csonyi \u00fcnnepk\u00f6rben \u2013 hossz\u00fa \u00e9vek \u00f3ta \u2013 minden esztend\u0151ben, magukkal hoznak az idei term\u00e9sb\u0151l, fajt\u00e1nk\u00e9nt egy-egy palack bort, hogy egyh\u00e1zi \u00e1ld\u00e1st k\u00e9rjenek az \u00e9ves munk\u00e1juk lez\u00e1r\u00e1sak\u00e9nt az \u00e1ltaluk megtermelt k\u00fcl\u00f6nf\u00e9le ned\u0171ikre.<\/p>\n\n\n\n<figure class=\"wp-block-gallery columns-3 is-cropped wp-block-gallery-2 is-layout-flex wp-block-gallery-is-layout-flex\"><ul class=\"blocks-gallery-grid\"><li class=\"blocks-gallery-item\"><figure><img loading=\"lazy\" decoding=\"async\" width=\"1024\" height=\"683\" src=\"https:\/\/marcali.plebania.hu\/wp-content\/uploads\/2020\/12\/08-1-1024x683.jpg\" alt=\"\" data-id=\"2383\" data-link=\"https:\/\/marcali.plebania.hu\/?attachment_id=2383\" class=\"wp-image-2383\" srcset=\"https:\/\/marcali.plebania.hu\/wp-content\/uploads\/2020\/12\/08-1-1024x683.jpg 1024w, https:\/\/marcali.plebania.hu\/wp-content\/uploads\/2020\/12\/08-1-300x200.jpg 300w, https:\/\/marcali.plebania.hu\/wp-content\/uploads\/2020\/12\/08-1-768x512.jpg 768w, https:\/\/marcali.plebania.hu\/wp-content\/uploads\/2020\/12\/08-1-1536x1024.jpg 1536w, https:\/\/marcali.plebania.hu\/wp-content\/uploads\/2020\/12\/08-1-2048x1365.jpg 2048w, https:\/\/marcali.plebania.hu\/wp-content\/uploads\/2020\/12\/08-1-405x270.jpg 405w\" sizes=\"auto, (max-width: 1024px) 100vw, 1024px\" \/><\/figure><\/li><li class=\"blocks-gallery-item\"><figure><img loading=\"lazy\" decoding=\"async\" width=\"1024\" height=\"683\" src=\"https:\/\/marcali.plebania.hu\/wp-content\/uploads\/2020\/12\/10-2-1024x683.jpg\" alt=\"\" data-id=\"2384\" data-link=\"https:\/\/marcali.plebania.hu\/?attachment_id=2384\" class=\"wp-image-2384\" srcset=\"https:\/\/marcali.plebania.hu\/wp-content\/uploads\/2020\/12\/10-2-1024x683.jpg 1024w, https:\/\/marcali.plebania.hu\/wp-content\/uploads\/2020\/12\/10-2-300x200.jpg 300w, https:\/\/marcali.plebania.hu\/wp-content\/uploads\/2020\/12\/10-2-768x512.jpg 768w, https:\/\/marcali.plebania.hu\/wp-content\/uploads\/2020\/12\/10-2-1536x1024.jpg 1536w, https:\/\/marcali.plebania.hu\/wp-content\/uploads\/2020\/12\/10-2-2048x1365.jpg 2048w, https:\/\/marcali.plebania.hu\/wp-content\/uploads\/2020\/12\/10-2-405x270.jpg 405w\" sizes=\"auto, (max-width: 1024px) 100vw, 1024px\" \/><\/figure><\/li><li class=\"blocks-gallery-item\"><figure><img loading=\"lazy\" decoding=\"async\" width=\"1024\" height=\"683\" src=\"https:\/\/marcali.plebania.hu\/wp-content\/uploads\/2020\/12\/12-1-1024x683.jpg\" alt=\"\" data-id=\"2385\" data-link=\"https:\/\/marcali.plebania.hu\/?attachment_id=2385\" class=\"wp-image-2385\" srcset=\"https:\/\/marcali.plebania.hu\/wp-content\/uploads\/2020\/12\/12-1-1024x683.jpg 1024w, https:\/\/marcali.plebania.hu\/wp-content\/uploads\/2020\/12\/12-1-300x200.jpg 300w, https:\/\/marcali.plebania.hu\/wp-content\/uploads\/2020\/12\/12-1-768x512.jpg 768w, https:\/\/marcali.plebania.hu\/wp-content\/uploads\/2020\/12\/12-1-1536x1024.jpg 1536w, https:\/\/marcali.plebania.hu\/wp-content\/uploads\/2020\/12\/12-1-2048x1365.jpg 2048w, https:\/\/marcali.plebania.hu\/wp-content\/uploads\/2020\/12\/12-1-405x270.jpg 405w\" sizes=\"auto, (max-width: 1024px) 100vw, 1024px\" \/><\/figure><\/li><li class=\"blocks-gallery-item\"><figure><img loading=\"lazy\" decoding=\"async\" width=\"1024\" height=\"683\" src=\"https:\/\/marcali.plebania.hu\/wp-content\/uploads\/2020\/12\/11-1024x683.jpg\" alt=\"\" data-id=\"2386\" data-full-url=\"https:\/\/marcali.plebania.hu\/wp-content\/uploads\/2020\/12\/11-scaled.jpg\" data-link=\"https:\/\/marcali.plebania.hu\/?attachment_id=2386\" class=\"wp-image-2386\" srcset=\"https:\/\/marcali.plebania.hu\/wp-content\/uploads\/2020\/12\/11-1024x683.jpg 1024w, https:\/\/marcali.plebania.hu\/wp-content\/uploads\/2020\/12\/11-300x200.jpg 300w, https:\/\/marcali.plebania.hu\/wp-content\/uploads\/2020\/12\/11-768x512.jpg 768w, https:\/\/marcali.plebania.hu\/wp-content\/uploads\/2020\/12\/11-1536x1024.jpg 1536w, https:\/\/marcali.plebania.hu\/wp-content\/uploads\/2020\/12\/11-2048x1365.jpg 2048w, https:\/\/marcali.plebania.hu\/wp-content\/uploads\/2020\/12\/11-405x270.jpg 405w\" sizes=\"auto, (max-width: 1024px) 100vw, 1024px\" \/><\/figure><\/li><\/ul><\/figure>\n\n\n\n<p>Mivel ebben az \u00e9vben Szent Csal\u00e1d vas\u00e1rnapja \u00e9s Szent J\u00e1nos apostol \u00fcnnepe \u00e9ppen egy napra esik, ez\u00e9rt az istentiszteleten Iv\u00e1n atya meg\u00e1ldotta azokat a h\u00e1zasp\u00e1rokat is, akik sz\u00e9p sz\u00e1mmal elj\u00f6ttek erre az alkalomra, hogy J\u00e9zus, M\u00e1ria, \u00e9s J\u00f3zsef k\u00f6zbenj\u00e1r\u00e1s\u00e1t, oltalm\u00e1t k\u00e9rj\u00e9k tov\u00e1bbi k\u00f6z\u00f6s \u00e9let\u00fckre.<\/p>\n\n\n\n<figure class=\"wp-block-gallery columns-3 is-cropped wp-block-gallery-3 is-layout-flex wp-block-gallery-is-layout-flex\"><ul class=\"blocks-gallery-grid\"><li class=\"blocks-gallery-item\"><figure><img loading=\"lazy\" decoding=\"async\" width=\"1024\" height=\"683\" src=\"https:\/\/marcali.plebania.hu\/wp-content\/uploads\/2020\/12\/13-1024x683.jpg\" alt=\"\" data-id=\"2387\" data-link=\"https:\/\/marcali.plebania.hu\/?attachment_id=2387\" class=\"wp-image-2387\" srcset=\"https:\/\/marcali.plebania.hu\/wp-content\/uploads\/2020\/12\/13-1024x683.jpg 1024w, https:\/\/marcali.plebania.hu\/wp-content\/uploads\/2020\/12\/13-300x200.jpg 300w, https:\/\/marcali.plebania.hu\/wp-content\/uploads\/2020\/12\/13-768x512.jpg 768w, https:\/\/marcali.plebania.hu\/wp-content\/uploads\/2020\/12\/13-1536x1024.jpg 1536w, https:\/\/marcali.plebania.hu\/wp-content\/uploads\/2020\/12\/13-2048x1365.jpg 2048w, https:\/\/marcali.plebania.hu\/wp-content\/uploads\/2020\/12\/13-405x270.jpg 405w\" sizes=\"auto, (max-width: 1024px) 100vw, 1024px\" \/><\/figure><\/li><li class=\"blocks-gallery-item\"><figure><img loading=\"lazy\" decoding=\"async\" width=\"1024\" height=\"683\" src=\"https:\/\/marcali.plebania.hu\/wp-content\/uploads\/2020\/12\/18-1-1024x683.jpg\" alt=\"\" data-id=\"2388\" data-link=\"https:\/\/marcali.plebania.hu\/?attachment_id=2388\" class=\"wp-image-2388\" srcset=\"https:\/\/marcali.plebania.hu\/wp-content\/uploads\/2020\/12\/18-1-1024x683.jpg 1024w, https:\/\/marcali.plebania.hu\/wp-content\/uploads\/2020\/12\/18-1-300x200.jpg 300w, https:\/\/marcali.plebania.hu\/wp-content\/uploads\/2020\/12\/18-1-768x512.jpg 768w, https:\/\/marcali.plebania.hu\/wp-content\/uploads\/2020\/12\/18-1-1536x1024.jpg 1536w, https:\/\/marcali.plebania.hu\/wp-content\/uploads\/2020\/12\/18-1-2048x1365.jpg 2048w, https:\/\/marcali.plebania.hu\/wp-content\/uploads\/2020\/12\/18-1-405x270.jpg 405w\" sizes=\"auto, (max-width: 1024px) 100vw, 1024px\" \/><\/figure><\/li><li class=\"blocks-gallery-item\"><figure><img loading=\"lazy\" decoding=\"async\" width=\"1024\" height=\"683\" src=\"https:\/\/marcali.plebania.hu\/wp-content\/uploads\/2020\/12\/19-1-1024x683.jpg\" alt=\"\" data-id=\"2389\" data-link=\"https:\/\/marcali.plebania.hu\/?attachment_id=2389\" class=\"wp-image-2389\" srcset=\"https:\/\/marcali.plebania.hu\/wp-content\/uploads\/2020\/12\/19-1-1024x683.jpg 1024w, https:\/\/marcali.plebania.hu\/wp-content\/uploads\/2020\/12\/19-1-300x200.jpg 300w, https:\/\/marcali.plebania.hu\/wp-content\/uploads\/2020\/12\/19-1-768x512.jpg 768w, https:\/\/marcali.plebania.hu\/wp-content\/uploads\/2020\/12\/19-1-1536x1024.jpg 1536w, https:\/\/marcali.plebania.hu\/wp-content\/uploads\/2020\/12\/19-1-2048x1365.jpg 2048w, https:\/\/marcali.plebania.hu\/wp-content\/uploads\/2020\/12\/19-1-405x270.jpg 405w\" sizes=\"auto, (max-width: 1024px) 100vw, 1024px\" \/><\/figure><\/li><li class=\"blocks-gallery-item\"><figure><img loading=\"lazy\" decoding=\"async\" width=\"1024\" height=\"683\" src=\"https:\/\/marcali.plebania.hu\/wp-content\/uploads\/2020\/12\/22-1024x683.jpg\" alt=\"\" data-id=\"2390\" data-full-url=\"https:\/\/marcali.plebania.hu\/wp-content\/uploads\/2020\/12\/22-scaled.jpg\" data-link=\"https:\/\/marcali.plebania.hu\/?attachment_id=2390\" class=\"wp-image-2390\" srcset=\"https:\/\/marcali.plebania.hu\/wp-content\/uploads\/2020\/12\/22-1024x683.jpg 1024w, https:\/\/marcali.plebania.hu\/wp-content\/uploads\/2020\/12\/22-300x200.jpg 300w, https:\/\/marcali.plebania.hu\/wp-content\/uploads\/2020\/12\/22-768x512.jpg 768w, https:\/\/marcali.plebania.hu\/wp-content\/uploads\/2020\/12\/22-1536x1024.jpg 1536w, https:\/\/marcali.plebania.hu\/wp-content\/uploads\/2020\/12\/22-2048x1365.jpg 2048w, https:\/\/marcali.plebania.hu\/wp-content\/uploads\/2020\/12\/22-405x270.jpg 405w\" sizes=\"auto, (max-width: 1024px) 100vw, 1024px\" \/><\/figure><\/li><\/ul><\/figure>\n\n\n\n<p>Az eddigi hagyom\u00e1nyokhoz tartozott, hogy a szentmise ut\u00e1n a templom el\u0151tt, a Boldog II. J\u00e1nos P\u00e1l p\u00e1pa t\u00e9ren a forralt bort is mindig meg\u00e1ldotta Iv\u00e1n atya, melyet \u00e1ltal\u00e1ban Gelencs\u00e9r R\u00f3bert vil\u00e1gi eln\u00f6k \u00e9s csal\u00e1dja szokott k\u00edn\u00e1lni a jelenl\u00e9v\u0151 h\u00edveknek. Sajnos az id\u00e9n a v\u00edrushelyzet miatt ett\u0151l a trad\u00edci\u00f3t\u00f3l el kellett tekinteni.<\/p>\n\n\n\n<figure class=\"wp-block-gallery columns-3 is-cropped wp-block-gallery-4 is-layout-flex wp-block-gallery-is-layout-flex\"><ul class=\"blocks-gallery-grid\"><li class=\"blocks-gallery-item\"><figure><img loading=\"lazy\" decoding=\"async\" width=\"1024\" height=\"683\" src=\"https:\/\/marcali.plebania.hu\/wp-content\/uploads\/2020\/12\/29-1024x683.jpg\" alt=\"\" data-id=\"2392\" data-link=\"https:\/\/marcali.plebania.hu\/?attachment_id=2392\" class=\"wp-image-2392\" srcset=\"https:\/\/marcali.plebania.hu\/wp-content\/uploads\/2020\/12\/29-1024x683.jpg 1024w, https:\/\/marcali.plebania.hu\/wp-content\/uploads\/2020\/12\/29-300x200.jpg 300w, https:\/\/marcali.plebania.hu\/wp-content\/uploads\/2020\/12\/29-768x512.jpg 768w, https:\/\/marcali.plebania.hu\/wp-content\/uploads\/2020\/12\/29-1536x1024.jpg 1536w, https:\/\/marcali.plebania.hu\/wp-content\/uploads\/2020\/12\/29-2048x1365.jpg 2048w, https:\/\/marcali.plebania.hu\/wp-content\/uploads\/2020\/12\/29-405x270.jpg 405w\" sizes=\"auto, (max-width: 1024px) 100vw, 1024px\" \/><\/figure><\/li><li class=\"blocks-gallery-item\"><figure><img loading=\"lazy\" decoding=\"async\" width=\"1024\" height=\"683\" src=\"https:\/\/marcali.plebania.hu\/wp-content\/uploads\/2020\/12\/30-1024x683.jpg\" alt=\"\" data-id=\"2393\" data-link=\"https:\/\/marcali.plebania.hu\/?attachment_id=2393\" class=\"wp-image-2393\" srcset=\"https:\/\/marcali.plebania.hu\/wp-content\/uploads\/2020\/12\/30-1024x683.jpg 1024w, https:\/\/marcali.plebania.hu\/wp-content\/uploads\/2020\/12\/30-300x200.jpg 300w, https:\/\/marcali.plebania.hu\/wp-content\/uploads\/2020\/12\/30-768x512.jpg 768w, https:\/\/marcali.plebania.hu\/wp-content\/uploads\/2020\/12\/30-1536x1024.jpg 1536w, https:\/\/marcali.plebania.hu\/wp-content\/uploads\/2020\/12\/30-2048x1365.jpg 2048w, https:\/\/marcali.plebania.hu\/wp-content\/uploads\/2020\/12\/30-405x270.jpg 405w\" sizes=\"auto, (max-width: 1024px) 100vw, 1024px\" \/><\/figure><\/li><li class=\"blocks-gallery-item\"><figure><img loading=\"lazy\" decoding=\"async\" width=\"1024\" height=\"683\" src=\"https:\/\/marcali.plebania.hu\/wp-content\/uploads\/2020\/12\/33-1024x683.jpg\" alt=\"\" data-id=\"2394\" data-link=\"https:\/\/marcali.plebania.hu\/?attachment_id=2394\" class=\"wp-image-2394\" srcset=\"https:\/\/marcali.plebania.hu\/wp-content\/uploads\/2020\/12\/33-1024x683.jpg 1024w, https:\/\/marcali.plebania.hu\/wp-content\/uploads\/2020\/12\/33-300x200.jpg 300w, https:\/\/marcali.plebania.hu\/wp-content\/uploads\/2020\/12\/33-768x512.jpg 768w, https:\/\/marcali.plebania.hu\/wp-content\/uploads\/2020\/12\/33-1536x1024.jpg 1536w, https:\/\/marcali.plebania.hu\/wp-content\/uploads\/2020\/12\/33-2048x1365.jpg 2048w, https:\/\/marcali.plebania.hu\/wp-content\/uploads\/2020\/12\/33-405x270.jpg 405w\" sizes=\"auto, (max-width: 1024px) 100vw, 1024px\" \/><\/figure><\/li><li class=\"blocks-gallery-item\"><figure><img loading=\"lazy\" decoding=\"async\" width=\"1024\" height=\"683\" src=\"https:\/\/marcali.plebania.hu\/wp-content\/uploads\/2020\/12\/28-1-1024x683.jpg\" alt=\"\" data-id=\"2395\" data-full-url=\"https:\/\/marcali.plebania.hu\/wp-content\/uploads\/2020\/12\/28-1-scaled.jpg\" data-link=\"https:\/\/marcali.plebania.hu\/?attachment_id=2395\" class=\"wp-image-2395\" srcset=\"https:\/\/marcali.plebania.hu\/wp-content\/uploads\/2020\/12\/28-1-1024x683.jpg 1024w, https:\/\/marcali.plebania.hu\/wp-content\/uploads\/2020\/12\/28-1-300x200.jpg 300w, https:\/\/marcali.plebania.hu\/wp-content\/uploads\/2020\/12\/28-1-768x512.jpg 768w, https:\/\/marcali.plebania.hu\/wp-content\/uploads\/2020\/12\/28-1-1536x1024.jpg 1536w, https:\/\/marcali.plebania.hu\/wp-content\/uploads\/2020\/12\/28-1-2048x1365.jpg 2048w, https:\/\/marcali.plebania.hu\/wp-content\/uploads\/2020\/12\/28-1-405x270.jpg 405w\" sizes=\"auto, (max-width: 1024px) 100vw, 1024px\" \/><\/figure><\/li><\/ul><\/figure>\n\n\n\n<p>Az istentiszteleten Kozma\nKriszti\u00e1n, Kazinczy-d\u00edjas el\u0151ad\u00f3 Rem\u00e9nyik S\u00e1ndor: J\u00f3zsef, az \u00e1cs, az Istennel\nbesz\u00e9l c\u00edm\u0171 vers\u00e9t mondta el; valamint k\u00f6zrem\u0171k\u00f6d\u00f6tt Balogh B\u00e1lint k\u00e1ntor.<\/p>\n","protected":false},"excerpt":{"rendered":"<p>2020. december 27-\u00e9n, a Szent Csal\u00e1d vas\u00e1rnapj\u00e1n, a 9 \u00f3r\u00e1s szentmis\u00e9n a Marcali Gy\u00fcm\u00f6lcsolt\u00f3 Boldogasszony pl\u00e9b\u00e1niatemplomban \u2013 a koronav\u00edrus j\u00e1rv\u00e1ny\u00fcgyi int\u00e9zked\u00e9seinek betart\u00e1s\u00e1val \u2013 Kiss Iv\u00e1n c. pr\u00e9post, esperes-pl\u00e9b\u00e1nos az id\u00e9n is meg\u00e1ldotta az \u00faj borokat. A sz\u0151l\u0151sgazd\u00e1k a kar\u00e1csonyi \u00fcnnepk\u00f6rben \u2013 hossz\u00fa \u00e9vek \u00f3ta \u2013 minden esztend\u0151ben, magukkal hoznak az idei term\u00e9sb\u0151l, fajt\u00e1nk\u00e9nt egy-egy palack bort, hogy egyh\u00e1zi \u00e1ld\u00e1st k\u00e9rjenek az \u00e9ves munk\u00e1juk lez\u00e1r\u00e1sak\u00e9nt az \u00e1ltaluk megtermelt k\u00fcl\u00f6nf\u00e9le ned\u0171ikre. Mivel ebben az \u00e9vben Szent Csal\u00e1d vas\u00e1rnapja \u00e9s Szent J\u00e1nos apostol&#8230;<\/p>\n<p class=\"read-more\"><a class=\"btn btn-default\" href=\"https:\/\/marcali.plebania.hu\/?p=2377\"> Read More<span class=\"screen-reader-text\">  Read More<\/span><\/a><\/p>\n","protected":false},"author":2,"featured_media":0,"comment_status":"closed","ping_status":"open","sticky":false,"template":"","format":"standard","meta":{"footnotes":""},"categories":[1],"tags":[],"class_list":["post-2377","post","type-post","status-publish","format-standard","hentry","category-egyeb"],"_links":{"self":[{"href":"https:\/\/marcali.plebania.hu\/index.php?rest_route=\/wp\/v2\/posts\/2377","targetHints":{"allow":["GET"]}}],"collection":[{"href":"https:\/\/marcali.plebania.hu\/index.php?rest_route=\/wp\/v2\/posts"}],"about":[{"href":"https:\/\/marcali.plebania.hu\/index.php?rest_route=\/wp\/v2\/types\/post"}],"author":[{"embeddable":true,"href":"https:\/\/marcali.plebania.hu\/index.php?rest_route=\/wp\/v2\/users\/2"}],"replies":[{"embeddable":true,"href":"https:\/\/marcali.plebania.hu\/index.php?rest_route=%2Fwp%2Fv2%2Fcomments&post=2377"}],"version-history":[{"count":1,"href":"https:\/\/marcali.plebania.hu\/index.php?rest_route=\/wp\/v2\/posts\/2377\/revisions"}],"predecessor-version":[{"id":2396,"href":"https:\/\/marcali.plebania.hu\/index.php?rest_route=\/wp\/v2\/posts\/2377\/revisions\/2396"}],"wp:attachment":[{"href":"https:\/\/marcali.plebania.hu\/index.php?rest_route=%2Fwp%2Fv2%2Fmedia&parent=2377"}],"wp:term":[{"taxonomy":"category","embeddable":true,"href":"https:\/\/marcali.plebania.hu\/index.php?rest_route=%2Fwp%2Fv2%2Fcategories&post=2377"},{"taxonomy":"post_tag","embeddable":true,"href":"https:\/\/marcali.plebania.hu\/index.php?rest_route=%2Fwp%2Fv2%2Ftags&post=2377"}],"curies":[{"name":"wp","href":"https:\/\/api.w.org\/{rel}","templated":true}]}}