{"id":2397,"date":"2021-01-02T20:02:01","date_gmt":"2021-01-02T20:02:01","guid":{"rendered":"https:\/\/marcali.plebania.hu\/?p=2397"},"modified":"2021-01-02T20:02:01","modified_gmt":"2021-01-02T20:02:01","slug":"hirdetesek-2021-01-03","status":"publish","type":"post","link":"https:\/\/marcali.plebania.hu\/?p=2397","title":{"rendered":"Hirdet\u00e9sek, 2021. 01. 03."},"content":{"rendered":"\n<p>1.&nbsp;&nbsp;&nbsp;&nbsp;Ma Kar\u00e1csony m\u00e1sodik vas\u00e1rnapja van<\/p>\n\n\n\n<p>2.\u00a0\u00a0\u00a0\u00a0A h\u00e9ten janu\u00e1r 6-\u00e1n (szerd\u00e1n) V\u00edzkereszt \u00fcnnepe. Szentmise este 17 \u00f3rakor. Parancsolt \u00fcnnep!<\/p>\n\n\n\n<p>3.&nbsp;&nbsp;&nbsp;&nbsp;P\u00e9nteken \u00fajrakezdj\u00fck 19.30-kor a szents\u00e9gim\u00e1d\u00e1st a pl\u00e9b\u00e1niatemplomban. Im\u00e1dkozzunk egy\u00fctt a v\u00e1ros\u00e9rt, a j\u00e1rv\u00e1ny megsz\u0171n\u00e9s\u00e9\u00e9rt \u00e9s adjunk h\u00e1l\u00e1t az Istennek j\u00f3s\u00e1g\u00e1\u00e9rt<\/p>\n\n\n\n<p>4.&nbsp;&nbsp;&nbsp;&nbsp;Szombaton este 17 \u00f3rakor szentmise.<\/p>\n\n\n\n<p>5.&nbsp;&nbsp;&nbsp;&nbsp;K\u00fcls\u0151 betlehem\u00fcnk lebont\u00e1sa szombaton, janu\u00e1r 9-\u00e9n, 9 \u00f3rakor kezd\u0151dik. Er\u0151s f\u00e9rfiakat \u00e9s fiatalokat v\u00e1runk a munk\u00e1ra<\/p>\n\n\n\n<p>6.&nbsp;&nbsp;&nbsp;&nbsp;Alapvet\u0151 j\u00e1rv\u00e1ny\u00fcgyi el\u0151\u00edr\u00e1s, hogy, aki beteg, az ne j\u00f6jj\u00f6n szentmis\u00e9re. K\u00e9rj\u00fck, hogy ezt nagyon szigor\u00faan tartsuk be.<\/p>\n","protected":false},"excerpt":{"rendered":"<p>1.&nbsp;&nbsp;&nbsp;&nbsp;Ma Kar\u00e1csony m\u00e1sodik vas\u00e1rnapja van 2.\u00a0\u00a0\u00a0\u00a0A h\u00e9ten janu\u00e1r 6-\u00e1n (szerd\u00e1n) V\u00edzkereszt \u00fcnnepe. Szentmise este 17 \u00f3rakor. Parancsolt \u00fcnnep! 3.&nbsp;&nbsp;&nbsp;&nbsp;P\u00e9nteken \u00fajrakezdj\u00fck 19.30-kor a szents\u00e9gim\u00e1d\u00e1st a pl\u00e9b\u00e1niatemplomban. Im\u00e1dkozzunk egy\u00fctt a v\u00e1ros\u00e9rt, a j\u00e1rv\u00e1ny megsz\u0171n\u00e9s\u00e9\u00e9rt \u00e9s adjunk h\u00e1l\u00e1t az Istennek j\u00f3s\u00e1g\u00e1\u00e9rt 4.&nbsp;&nbsp;&nbsp;&nbsp;Szombaton este 17 \u00f3rakor szentmise. 5.&nbsp;&nbsp;&nbsp;&nbsp;K\u00fcls\u0151 betlehem\u00fcnk lebont\u00e1sa szombaton, janu\u00e1r 9-\u00e9n, 9 \u00f3rakor kezd\u0151dik. Er\u0151s f\u00e9rfiakat \u00e9s fiatalokat v\u00e1runk a munk\u00e1ra 6.&nbsp;&nbsp;&nbsp;&nbsp;Alapvet\u0151 j\u00e1rv\u00e1ny\u00fcgyi el\u0151\u00edr\u00e1s, hogy, aki beteg, az ne j\u00f6jj\u00f6n szentmis\u00e9re. K\u00e9rj\u00fck, hogy ezt nagyon szigor\u00faan tartsuk be.<\/p>\n","protected":false},"author":2,"featured_media":0,"comment_status":"closed","ping_status":"open","sticky":false,"template":"","format":"standard","meta":{"footnotes":""},"categories":[1],"tags":[],"class_list":["post-2397","post","type-post","status-publish","format-standard","hentry","category-egyeb"],"_links":{"self":[{"href":"https:\/\/marcali.plebania.hu\/index.php?rest_route=\/wp\/v2\/posts\/2397","targetHints":{"allow":["GET"]}}],"collection":[{"href":"https:\/\/marcali.plebania.hu\/index.php?rest_route=\/wp\/v2\/posts"}],"about":[{"href":"https:\/\/marcali.plebania.hu\/index.php?rest_route=\/wp\/v2\/types\/post"}],"author":[{"embeddable":true,"href":"https:\/\/marcali.plebania.hu\/index.php?rest_route=\/wp\/v2\/users\/2"}],"replies":[{"embeddable":true,"href":"https:\/\/marcali.plebania.hu\/index.php?rest_route=%2Fwp%2Fv2%2Fcomments&post=2397"}],"version-history":[{"count":1,"href":"https:\/\/marcali.plebania.hu\/index.php?rest_route=\/wp\/v2\/posts\/2397\/revisions"}],"predecessor-version":[{"id":2398,"href":"https:\/\/marcali.plebania.hu\/index.php?rest_route=\/wp\/v2\/posts\/2397\/revisions\/2398"}],"wp:attachment":[{"href":"https:\/\/marcali.plebania.hu\/index.php?rest_route=%2Fwp%2Fv2%2Fmedia&parent=2397"}],"wp:term":[{"taxonomy":"category","embeddable":true,"href":"https:\/\/marcali.plebania.hu\/index.php?rest_route=%2Fwp%2Fv2%2Fcategories&post=2397"},{"taxonomy":"post_tag","embeddable":true,"href":"https:\/\/marcali.plebania.hu\/index.php?rest_route=%2Fwp%2Fv2%2Ftags&post=2397"}],"curies":[{"name":"wp","href":"https:\/\/api.w.org\/{rel}","templated":true}]}}