{"id":2399,"date":"2021-01-07T16:12:42","date_gmt":"2021-01-07T16:12:42","guid":{"rendered":"https:\/\/marcali.plebania.hu\/?p=2399"},"modified":"2021-01-07T16:12:42","modified_gmt":"2021-01-07T16:12:42","slug":"oroksegunk-somogyorszag-kincse-kitunteto-cimet-kapott-a-marcali-gyumolcsolto-boldogasszony-plebaniatemplom","status":"publish","type":"post","link":"https:\/\/marcali.plebania.hu\/?p=2399","title":{"rendered":"\u00d6r\u00f6ks\u00e9g\u00fcnk \u2013 Somogyorsz\u00e1g Kincse kit\u00fcntet\u0151 c\u00edmet kapott a marcali Gy\u00fcm\u00f6lcsolt\u00f3 Boldogasszony Pl\u00e9b\u00e1niatemplom"},"content":{"rendered":"\n<figure class=\"wp-block-image size-large\"><img loading=\"lazy\" decoding=\"async\" width=\"1024\" height=\"678\" src=\"https:\/\/marcali.plebania.hu\/wp-content\/uploads\/2021\/01\/DSC_0015-1024x678.jpg\" alt=\"\" class=\"wp-image-2400\" srcset=\"https:\/\/marcali.plebania.hu\/wp-content\/uploads\/2021\/01\/DSC_0015-1024x678.jpg 1024w, https:\/\/marcali.plebania.hu\/wp-content\/uploads\/2021\/01\/DSC_0015-300x199.jpg 300w, https:\/\/marcali.plebania.hu\/wp-content\/uploads\/2021\/01\/DSC_0015-768x509.jpg 768w, https:\/\/marcali.plebania.hu\/wp-content\/uploads\/2021\/01\/DSC_0015-1536x1017.jpg 1536w, https:\/\/marcali.plebania.hu\/wp-content\/uploads\/2021\/01\/DSC_0015-2048x1356.jpg 2048w, https:\/\/marcali.plebania.hu\/wp-content\/uploads\/2021\/01\/DSC_0015-408x270.jpg 408w\" sizes=\"auto, (max-width: 1024px) 100vw, 1024px\" \/><\/figure>\n\n\n\n<p>Csendben \u00fcnnepel ma Somogyorsz\u00e1g<\/p>\n\n\n\n<p><strong>2021.\nJanu\u00e1r 06. 09:30<\/strong><\/p>\n\n\n\n<p>Csendben \u00fcnnepel ma Somogyorsz\u00e1g. Az \u00e9vtizedeken\nkereszt\u00fcl sikeres, sz\u00ednes, mozgalmas Megyenap \u00e9s Megyeh\u00e9t esem\u00e9nyeit id\u00e9n\nk\u00e9nyszer\u0171en h\u00e1tt\u00e9rbe szor\u00edtotta a koronav\u00edrus j\u00e1rv\u00e1ny. Megy\u00e9nk legnagyobb\n\u00fcnnep\u00e9n azonban erk\u00f6lcsi k\u00f6teless\u00e9g\u00fcnk &#8211; ha csak \u00edrott form\u00e1ban is \u2013 megeml\u00e9kezni\narr\u00f3l a dics\u0151s\u00e9gr\u0151l, melynek k\u00f6sz\u00f6nhet\u0151en a magyar v\u00e1rmegy\u00e9k k\u00f6z\u00fcl els\u0151k\u00e9nt\nSomogy kapott c\u00edmert \u00e9s pecs\u00e9thaszn\u00e1lati jogot \u2013 kezdte \u00fcnnepi megeml\u00e9kez\u00e9s\u00e9t\nBir\u00f3 Norbert.<\/p>\n\n\n\n<p>A Somogy Megyei k\u00f6zgy\u0171l\u00e9s eln\u00f6ke kiemelte: 531 \u00e9vvel\nezel\u0151tt, M\u00e1ty\u00e1s kir\u00e1lyunk hal\u00e1la ut\u00e1n el\u0151deink bebizony\u00edtott\u00e1k, h\u0171 fiai e\nhonnak, p\u00e9ld\u00e1t mutattak hazaszeretetb\u0151l az eg\u00e9sz orsz\u00e1gnak. Az haza \u00e9s a korona\nmeg\u00f3v\u00e1sa harcba vezette a somogyiakat a tr\u00f3nk\u00f6vetel\u0151 I. Miksa n\u00e9met kir\u00e1ly,\nk\u00e9s\u0151bbi n\u00e9met-r\u00f3mai cs\u00e1sz\u00e1r hadai ellen. Nekik is k\u00f6sz\u00f6nhet\u0151, hogy akkor nem\nlett egy hatalmas birodalom r\u00e9sze haz\u00e1nk, nekik is k\u00f6sz\u00f6nhet\u0151, hogy meg tudtuk\n\u0151rizni f\u00fcggetlens\u00e9g\u00fcnket. Ezt a b\u00e1tor ki\u00e1ll\u00e1st ismerte el p\u00e1r \u00e9vvel k\u00e9s\u0151bb,\n1498. janu\u00e1r 6-\u00e1n II. Ul\u00e1szl\u00f3, aki h\u00e1l\u00e1ja jel\u00e9\u00fcl pecs\u00e9tet \u00e9s c\u00edmerhaszn\u00e1lati\njogot adom\u00e1nyozott Somogy v\u00e1rmegy\u00e9nek. Mai sz\u00f3haszn\u00e1lattal nyugodtan\nnevezhetj\u00fck ezt kimagasl\u00f3 sikernek is, hiszen 52 \u00e9vvel el\u0151zt\u00fck meg az ut\u00e1nunk\nk\u00f6vetkez\u0151 megy\u00e9t e tekintetben. Erre a somogyi els\u0151s\u00e9gre, el\u0151deink dics\u0151s\u00e9g\u00e9re\neml\u00e9kez\u00fcnk \u00fcnnepi k\u00f6zgy\u0171l\u00e9ssel \u00e9vtizedek \u00f3ta V\u00edzkeresztkor. Ez a nap azonban\nnem csak a megeml\u00e9kez\u00e9sr\u0151l sz\u00f3l, hanem az el\u0151z\u0151 esztend\u0151ben v\u00e9grehajtott\nfeladatokr\u00f3l is besz\u00e1molunk, valamint el\u0151revet\u00edtj\u00fck az el\u0151tt\u00fcnk \u00e1ll\u00f3\nlehet\u0151s\u00e9geket is a somogyi polg\u00e1rok sz\u00e1m\u00e1ra.<\/p>\n\n\n\n<p>Nyitott V\u00e1rmegyeh\u00e1za programunk keret\u00e9ben az elm\u00falt\n\u00e9vekben Csurg\u00f3n, Marcaliban, Si\u00f3fokon, majd Kaposv\u00e1ron \u00fcnnepelt\u00fcnk, idei \u00fcnnepi\nk\u00f6zgy\u0171l\u00e9s\u00fcnket pedig Barcsra tervezt\u00fck, mely sajnos ez\u00fattal elmaradt. A\nkor\u00e1bban kiv\u00e1lasztott \u00e9s a v\u00e1rossal egyeztetett helysz\u00ednr\u0151l term\u00e9szetesen nem mondtunk\nle, amennyiben j\u00f6v\u0151 \u00e9vben m\u00e1r gondtalanul \u00fcnnepelhetj\u00fck Megyenapunkat, akkor a\nDr\u00e1va partj\u00e1n tessz\u00fck meg azt. Az \u00fcnnep azonban nem csak a visszatekint\u00e9sr\u0151l, a\nmegeml\u00e9kez\u00e9sr\u0151l sz\u00f3l, a j\u00f6v\u0151r\u0151l is sz\u00f3t kell ejts\u00fcnk. Hamarosan lez\u00e1rul a\nTer\u00fclet- \u00e9s telep\u00fcl\u00e9sfejleszt\u00e9si Operat\u00edv Program (TOP), melynek\neredm\u00e9nyek\u00e9ppen t\u00f6bb mint 53 milli\u00e1rd forint \u00e9rkezett Somogyba a megyei\n\u00f6nkorm\u00e1nyzat k\u00f6zrem\u0171k\u00f6d\u00e9s\u00e9vel. A fejleszt\u00e9sek, \u00e9p\u00edtkez\u00e9sek sok esetben m\u00e1r\nlez\u00e1rultak, vagy \u00e9ppen folyamatban vannak. Az viszont mindegyikr\u0151l elmondhat\u00f3,\nhogy nem fel\u00fclr\u0151l vez\u00e9relt, vagy \u00f6n\u00f6s \u00e9rdekek alapj\u00e1n val\u00f3sultak \u00e9s val\u00f3sulnak\nmeg, hanem az itt \u00e9l\u0151k akarata szerint zajlott m\u00e1r a tervez\u00e9s is. Ez az akarat\npedig er\u0151s volt, hiszen az eredetileg megy\u00e9nkbe sz\u00e1nt 43,45 milli\u00e1rdos keretet\nsiker\u00fclt t\u00edzmilli\u00e1rd forinttal megemeltetn\u00fcnk. K\u00f6sz\u00f6net j\u00e1r ez\u00e9rt a\nsomogyiaknak, akik hisznek a j\u00f6v\u0151ben, hisznek telep\u00fcl\u00e9s\u00fckben, megy\u00e9j\u00fckben.<\/p>\n\n\n\n<p>A telep\u00fcl\u00e9sek \u00f6n\u00e1ll\u00f3 tervez\u00e9s\u00e9nek lehet\u0151s\u00e9ge nem\nszakad meg a j\u00f6v\u0151ben sem, amikor a k\u00f6vetkez\u0151 uni\u00f3s p\u00e9nz\u00fcgyi ciklus\nter\u00fcletfejleszt\u00e9si beruh\u00e1z\u00e1saira k\u00e9sz\u00fcl\u00fcnk. A TOP-ot felv\u00e1ltja a Versenyk\u00e9pes\nMagyarorsz\u00e1g Operat\u00edv Program, mely l\u00e9nyegesen nem v\u00e1ltoztatja meg az el\u0151z\u0151\n\u00e9vekben megszokott folyamatokat, tov\u00e1bbra is a ter\u00fcletfejleszt\u00e9sre\nkoncentr\u00e1lhatunk a megyei \u00f6nkorm\u00e1nyzat koordin\u00e1l\u00e1s\u00e1val. Megkezd\u0151d\u00f6tt az ig\u00e9nyek\nfelm\u00e9r\u00e9se, akt\u00edvak a somogyi telep\u00fcl\u00e9sek, v\u00e1ltozatlanul az \u00e9letmin\u0151s\u00e9g\njav\u00edt\u00e1s\u00e1t, a vonzer\u0151 \u00e9s megtart\u00f3 er\u0151 n\u00f6vel\u00e9s\u00e9t helyzet\u00e9k el\u0151t\u00e9rbe.<\/p>\n\n\n\n<p>A Somogy Megyei \u00d6nkorm\u00e1nyzat az elm\u00falt \u00e9vekben t\u00f6bb\nter\u00fcleten is seg\u00edtette fentiek mellett telep\u00fcl\u00e9seinket. B\u00e1r a megyeheti\nprogramokkal egy\u00fctt a j\u00f3t\u00e9konys\u00e1gi Megyeb\u00e1l is elmarad, nem mondtunk le\nkisdi\u00e1kjaink kir\u00e1ndul\u00e1s\u00e1nak t\u00e1mogat\u00e1s\u00e1r\u00f3l. Kor\u00e1bbi t\u00e1mogat\u00f3ink is v\u00e1ltozatlanul\nfontosnak \u00e9rzik, hogy a gyermekek ell\u00e1togathassanak egy-egy somogyi helysz\u00ednre,\n\u00edgy az m\u00e1r biztosnak l\u00e1tszik, hogy a Sz\u00fcl\u0151f\u00f6ldem Somogyorsz\u00e1g programnak\nk\u00f6sz\u00f6nhet\u0151en id\u00e9n is megismerhetik csod\u00e1latos megy\u00e9nk \u00e9rt\u00e9keit a jelentkez\u0151\noszt\u00e1lyok. Azt viszont m\u00e9g nem l\u00e1tjuk pontosan, hogy a szint\u00e9n sikeres SomFALU\nprogramunkat milyen form\u00e1ban tudjuk id\u00e9n megval\u00f3s\u00edtani. Tavaly a j\u00e1rv\u00e1ny miatt\nm\u00f3dos\u00edtottunk az eredeti ki\u00edr\u00e1son, \u00e9s kimondottan p\u00e1ly\u00e1zati \u00f6ner\u0151t\nbiztos\u00edtottunk neh\u00e9z helyzetbe ker\u00fclt telep\u00fcl\u00e9seinknek. C\u00e9lunk id\u00e9n sem lehet\nkisebb, mint az el\u0151z\u0151 \u00e9vekben. Versenyk\u00e9pes, \u00e9lhet\u0151 Somogy megye \u00e9p\u00edt\u00e9se, ez\u00e9rt\nlehet\u0151s\u00e9geink szerint ism\u00e9t seg\u00edt\u0151 kezet ny\u00fajtunk, ahogy tett\u00fck azt\nProjektirod\u00e1nkkal is tavaly. Olyan telep\u00fcl\u00e9sek p\u00e1ly\u00e1zataiban vett\u00fcnk tev\u00e9kenyen\nr\u00e9szt, melyek szakember h\u00edj\u00e1n nem tudtak volna p\u00e9ld\u00e1ul a Magyar Falu programban\nsikereket el\u00e9rni.<\/p>\n\n\n\n<p>A tavalyi \u00fcnnepi k\u00f6zgy\u0171l\u00e9sen hangs\u00falyoztam, hogy a\nfolytat\u00e1s, a b\u00e9k\u00e9s \u00e9p\u00edtkez\u00e9s lehet\u0151s\u00e9ge adatott meg sz\u00e1munkra, amikor 2019-ben\nmegalakult az \u00faj megyei k\u00f6zgy\u0171l\u00e9s, melynek abban van a legf\u0151bb ereje, az lehet\na legnagyobb sikere, hogy a somogyiakkal k\u00f6z\u00f6sen v\u00e9ghezviszi mindazt, amit\nelterveztek. \u00cdgy lehet k\u00f6z\u00f6s a boldogul\u00e1sunk, a fejl\u0151d\u00e9s\u00fcnk, az el\u0151rejut\u00e1sunk,\ns csak \u00edgy sz\u00e1m\u00edthatunk egym\u00e1sra. Nos, az \u00e9p\u00edtkez\u00e9s, az el\u0151rejut\u00e1s szerencs\u00e9re\nnem \u00e1llt le a j\u00e1rv\u00e1ny miatt, de mindannyiunknak maradt hi\u00e1ny\u00e9rzete. Sokkal\nt\u00f6bbet tehett\u00fcnk volna megy\u00e9nk\u00e9rt, ha a megszokott ker\u00e9kv\u00e1g\u00e1sban zajlott volna\naz \u00e9let, ha teljes m\u00e9rt\u00e9kben az el\u0151tt\u00fcnk \u00e1ll\u00f3 feladatokra koncentr\u00e1lhatott\nvolna mindenki, \u00e9s nem arra, mik\u00e9nt maradjunk eg\u00e9szs\u00e9gesek, mik\u00e9nt \u00f3vjuk meg\ncsal\u00e1dunkat, ismer\u0151seinket a v\u00edrust\u00f3l.<\/p>\n\n\n\n<p>A mai napon, ezen a csendes \u00fcnnepen azonban marad a\nrem\u00e9ny \u00e9s a hit, hogy nem fordulhat el\u0151 \u00fajra mindaz, amit \u00e1t kellett \u00e9ln\u00fcnk\ntavaly. Hogy ebben az \u00e9vben teljes er\u0151vel az \u00e9p\u00edtkez\u00e9sre, Somogy megye\nfejl\u0151d\u00e9s\u00e9re koncentr\u00e1lhatunk, nem pedig a v\u00edrus miatti v\u00e9dekez\u00e9st kell el\u0151nyben\nr\u00e9szes\u00edten\u00fcnk. Tudom, nem megy ez egyik napr\u00f3l a m\u00e1sikra, hiszen a koronav\u00edrus\nj\u00e1rv\u00e1ny m\u00e9g nem m\u00falt el, itt van k\u00f6z\u00f6tt\u00fcnk. Ez\u00e9rt arra k\u00e9rek mindenkit,\ntov\u00e1bbra is tartsa be a szab\u00e1lyokat, tegy\u00fcnk meg mindent az\u00e9rt, hogy min\u00e9l\nkevesebb megbeteged\u00e9ssel, min\u00e9l kevesebb \u00e1ldozattal kelljen szembes\u00fcln\u00fcnk\nmegy\u00e9nkben. A mai \u00fcnnepen pedig hajtsunk fejet h\u0151s el\u0151deink el\u0151tt, hajtsunk\nfejet minden somogyi el\u0151tt, aki valaha ez\u00e9rt az orsz\u00e1gnyi megy\u00e9\u00e9rt \u00e9lt \u00e9s\ndolgozott. H\u00e1la \u00e9s k\u00f6sz\u00f6net j\u00e1r nekik. Nekik is k\u00f6sz\u00f6nhetj\u00fck, hogy ma itt\n\u00e9lhet\u00fcnk a Dr\u00e1va \u00e9s a Balaton \u00f6lel\u00e9s\u00e9ben, hogy m\u00e9g mindig magyark\u00e9nt,\nsomogyik\u00e9nt gondolkodhatunk, magyark\u00e9nt \u00e9s somogyik\u00e9nt tervezhetj\u00fck a j\u00f6v\u0151t.<\/p>\n\n\n\n<p><strong>A Megyenap nem csak a megeml\u00e9kez\u00e9sr\u0151l \u00e9s a\nbesz\u00e1mol\u00e1sr\u00f3l, tervez\u00e9sr\u0151l sz\u00f3l, ezen a napon ismerj\u00fck el azon kiv\u00e1l\u00f3 somogyiak\nteljes\u00edtm\u00e9ny\u00e9t, akik sokat tettek sz\u0171kebb \u00e9s t\u00e1gabb k\u00f6z\u00f6ss\u00e9g\u00fck\u00e9rt,\ntelep\u00fcl\u00e9s\u00fck\u00e9rt, megy\u00e9nk\u00e9rt. A megyei k\u00f6zgy\u0171l\u00e9s hat\u00e1rozata ez\u00fattal is megsz\u00fcletett,\nde a jelenlegi v\u00edrushelyzet miatt az elismer\u00e9sek szem\u00e9lyes \u00e1tad\u00e1sa csak egy\nk\u00e9s\u0151bbi id\u0151pontban t\u00f6rt\u00e9nhet meg. A Somogy Megyei K\u00f6zgy\u0171l\u00e9s 2020 szeptemberi\nd\u00f6nt\u00e9se \u00e9rtelm\u00e9ben a megye legmagasabb szint\u0171 elismer\u00e9s\u00e9t, Pro Comitatu Somogy\nkit\u00fcntet\u00e9st adom\u00e1nyozott id. Tengerdi Gy\u0151z\u0151, balatonkereszt\u00fari nyugalmazott\npedag\u00f3gus, n\u00e9pzenekutat\u00f3, n\u00e9pzen\u00e9sz, karnagy sz\u00e1m\u00e1ra. Somogy Polg\u00e1rai\u00e9rt D\u00edjjal\nismerte el B\u00e1nt\u00f3 Zsuzsanna Magdolna, a fony\u00f3di M\u00e1ty\u00e1s Kir\u00e1ly Gimn\u00e1zium\nnyugalmazott igazgat\u00f3ja, Bod\u00f3 Imre J\u00f3zsef nyugd\u00edjas agr\u00e1rm\u00e9rn\u00f6k, helyt\u00f6rt\u00e9n\u00e9sz,\nG\u00f3z Mih\u00e1ly J\u00f3zsef, a Buzs\u00e1ki \u00c1ltal\u00e1nos Iskola nyugalmazott igazgat\u00f3ja, M\u00e1j\nP\u00e9ter kaposv\u00e1ri nyugd\u00edjas, a Marcali 3 Tenor, Mocz Andr\u00e1s, a somogyszobi Mocz\n\u00e9s T\u00e1rsa Mag\u00e1nerd\u00e9szet Kft. tulajdonosa, a Mag\u00e1n Erd\u0151tulajdonosok \u00e9s Gazd\u00e1lkod\u00f3k\nOrsz\u00e1gos Sz\u00f6vets\u00e9g\u00e9nek eln\u00f6ke, Rig\u00f3 L\u00e1szl\u00f3, a Somogy Megyei Kaposi M\u00f3r Oktat\u00f3\nK\u00f3rh\u00e1z M\u0171szaki \u00e9s \u00dczemeltet\u00e9si Oszt\u00e1ly\u00e1nak vezet\u0151je, Szab\u00f3 S\u00e1ndor, a csurg\u00f3i\nCsokonai Vit\u00e9z Mih\u00e1ly Reform\u00e1tus Gimn\u00e1zium, \u00c1ltal\u00e1nos Iskola \u00e9s Koll\u00e9gium\nnyugalmazott igazgat\u00f3ja, T\u00f3th Gergely, a si\u00f3foki CE Hotels &amp; Resorts\n\u00fcgyvezet\u0151je, \u00e9s a szentbal\u00e1zsi Zselici R\u00f3zsakert Id\u0151sek Otthon\u00e1nak Kollekt\u00edv\u00e1ja\ntev\u00e9kenys\u00e9g\u00e9t. Somogy elismert \u00e9rt\u00e9keir\u0151l is k\u00f6zgy\u0171l\u00e9si hat\u00e1rozat sz\u00fcletett. A\nd\u00f6nt\u00e9s \u00e9rtelm\u00e9ben a megye vonzerej\u00e9nek n\u00f6vel\u00e9s\u00e9hez, megy\u00e9nk n\u00e9pszer\u0171s\u00edt\u00e9s\u00e9hez\nnagym\u00e9rt\u00e9kben hozz\u00e1j\u00e1rult a Barcsi Malom, De\u00e1k Varga J\u00f3zsef \u00e9letm\u0171ve \u00e9s a\nmarcali Gy\u00fcm\u00f6lcsolt\u00f3 Boldogasszony Pl\u00e9b\u00e1niatemplom, ez\u00e9rt sz\u00e1mukra az\n\u00d6r\u00f6ks\u00e9g\u00fcnk &#8211; Somogyorsz\u00e1g Kincse kit\u00fcntet\u0151 c\u00edmet adom\u00e1nyozta a Somogy Megyei K\u00f6zgy\u0171l\u00e9s\n\u2013 t\u00e1j\u00e9koztatott a megyenapi elismer\u00e9sekr\u0151l Bir\u00f3 Norbert.<\/strong><\/p>\n\n\n\n<figure class=\"wp-block-embed\"><div class=\"wp-block-embed__wrapper\">\nhttp:\/\/www.som-onkorm.hu\/hirek\/csendben-unnepel-ma-somogyorszag-154.html\n<\/div><\/figure>\n","protected":false},"excerpt":{"rendered":"<p>Csendben \u00fcnnepel ma Somogyorsz\u00e1g 2021. Janu\u00e1r 06. 09:30 Csendben \u00fcnnepel ma Somogyorsz\u00e1g. Az \u00e9vtizedeken kereszt\u00fcl sikeres, sz\u00ednes, mozgalmas Megyenap \u00e9s Megyeh\u00e9t esem\u00e9nyeit id\u00e9n k\u00e9nyszer\u0171en h\u00e1tt\u00e9rbe szor\u00edtotta a koronav\u00edrus j\u00e1rv\u00e1ny. Megy\u00e9nk legnagyobb \u00fcnnep\u00e9n azonban erk\u00f6lcsi k\u00f6teless\u00e9g\u00fcnk &#8211; ha csak \u00edrott form\u00e1ban is \u2013 megeml\u00e9kezni arr\u00f3l a dics\u0151s\u00e9gr\u0151l, melynek k\u00f6sz\u00f6nhet\u0151en a magyar v\u00e1rmegy\u00e9k k\u00f6z\u00fcl els\u0151k\u00e9nt Somogy kapott c\u00edmert \u00e9s pecs\u00e9thaszn\u00e1lati jogot \u2013 kezdte \u00fcnnepi megeml\u00e9kez\u00e9s\u00e9t Bir\u00f3 Norbert. A Somogy Megyei k\u00f6zgy\u0171l\u00e9s eln\u00f6ke kiemelte: 531 \u00e9vvel ezel\u0151tt, M\u00e1ty\u00e1s kir\u00e1lyunk hal\u00e1la ut\u00e1n el\u0151deink bebizony\u00edtott\u00e1k,&#8230;<\/p>\n<p class=\"read-more\"><a class=\"btn btn-default\" href=\"https:\/\/marcali.plebania.hu\/?p=2399\"> Read More<span class=\"screen-reader-text\">  Read More<\/span><\/a><\/p>\n","protected":false},"author":2,"featured_media":0,"comment_status":"closed","ping_status":"open","sticky":false,"template":"","format":"standard","meta":{"footnotes":""},"categories":[1],"tags":[],"class_list":["post-2399","post","type-post","status-publish","format-standard","hentry","category-egyeb"],"_links":{"self":[{"href":"https:\/\/marcali.plebania.hu\/index.php?rest_route=\/wp\/v2\/posts\/2399","targetHints":{"allow":["GET"]}}],"collection":[{"href":"https:\/\/marcali.plebania.hu\/index.php?rest_route=\/wp\/v2\/posts"}],"about":[{"href":"https:\/\/marcali.plebania.hu\/index.php?rest_route=\/wp\/v2\/types\/post"}],"author":[{"embeddable":true,"href":"https:\/\/marcali.plebania.hu\/index.php?rest_route=\/wp\/v2\/users\/2"}],"replies":[{"embeddable":true,"href":"https:\/\/marcali.plebania.hu\/index.php?rest_route=%2Fwp%2Fv2%2Fcomments&post=2399"}],"version-history":[{"count":1,"href":"https:\/\/marcali.plebania.hu\/index.php?rest_route=\/wp\/v2\/posts\/2399\/revisions"}],"predecessor-version":[{"id":2401,"href":"https:\/\/marcali.plebania.hu\/index.php?rest_route=\/wp\/v2\/posts\/2399\/revisions\/2401"}],"wp:attachment":[{"href":"https:\/\/marcali.plebania.hu\/index.php?rest_route=%2Fwp%2Fv2%2Fmedia&parent=2399"}],"wp:term":[{"taxonomy":"category","embeddable":true,"href":"https:\/\/marcali.plebania.hu\/index.php?rest_route=%2Fwp%2Fv2%2Fcategories&post=2399"},{"taxonomy":"post_tag","embeddable":true,"href":"https:\/\/marcali.plebania.hu\/index.php?rest_route=%2Fwp%2Fv2%2Ftags&post=2399"}],"curies":[{"name":"wp","href":"https:\/\/api.w.org\/{rel}","templated":true}]}}