{"id":240,"date":"2018-05-16T15:19:22","date_gmt":"2018-05-16T15:19:22","guid":{"rendered":"https:\/\/marcali.plebania.hu\/?p=240"},"modified":"2018-05-16T15:19:22","modified_gmt":"2018-05-16T15:19:22","slug":"keresztenyuldozes-a-21-szazad-elejen-konyvbemutato-az-x-hazban","status":"publish","type":"post","link":"https:\/\/marcali.plebania.hu\/?p=240","title":{"rendered":"Kereszt\u00e9ny\u00fcld\u00f6z\u00e9s a 21. sz\u00e1zad elej\u00e9n \u2013 k\u00f6nyvbemutat\u00f3 az X-h\u00e1zban"},"content":{"rendered":"<p>2018. m\u00e1jus 15-\u00e9n, kedden 17.30 \u00f3r\u00e1t\u00f3l a Marcali Pl\u00e9b\u00e1nia \u00e9s a Kereszt\u00e9ny \u00c9rtelmis\u00e9giek Sz\u00f6vets\u00e9ge (K\u00c9SZ) Marcali Csoportja megh\u00edv\u00e1s\u00e1ra Gy\u0151rfi K\u00e1roly tartott k\u00f6nyvbemutat\u00f3t \u201eKereszt\u00e9ny\u00fcld\u00f6z\u00e9s a 21. sz\u00e1zad elej\u00e9n\u201d c\u00edmmel az X-h\u00e1z nagyterm\u00e9ben. A rendezv\u00e9nyen k\u00f6zrem\u0171k\u00f6d\u00f6tt P. Szab\u00f3 J\u00f3zsef \u00fajs\u00e1g\u00edr\u00f3. A megjelenteket a K\u00c9SZ Marcali Csoport titk\u00e1ra, Kiss K\u00e1lm\u00e1n k\u00f6sz\u00f6nt\u00f6tte, majd \u00e1tadta a sz\u00f3t a vend\u00e9g el\u0151ad\u00f3knak, akik k\u00e9rdezz-felelek form\u00e1ban j\u00e1rt\u00e1k k\u00f6r\u00fcl a t\u00e9m\u00e1t.<\/p>\n<p><img loading=\"lazy\" decoding=\"async\" class=\"aligncenter wp-image-241 size-large\" src=\"https:\/\/marcali.plebania.hu\/wp-content\/uploads\/2018\/05\/03-1024x683.jpg\" alt=\"\" width=\"640\" height=\"427\" srcset=\"https:\/\/marcali.plebania.hu\/wp-content\/uploads\/2018\/05\/03-1024x683.jpg 1024w, https:\/\/marcali.plebania.hu\/wp-content\/uploads\/2018\/05\/03-300x200.jpg 300w, https:\/\/marcali.plebania.hu\/wp-content\/uploads\/2018\/05\/03-768x512.jpg 768w, https:\/\/marcali.plebania.hu\/wp-content\/uploads\/2018\/05\/03-405x270.jpg 405w\" sizes=\"auto, (max-width: 640px) 100vw, 640px\" \/><\/p>\n<p>A Budapesti M\u0171szaki Egyetem Vegy\u00e9szm\u00e9rn\u00f6ki Kar\u00e1n v\u00e9gzett Szerz\u0151 napjaink egyik legfontosabb k\u00e9rd\u00e9s\u00e9t taglalja munk\u00e1j\u00e1ban, amely a muzulm\u00e1n vall\u00e1s t\u00e9rh\u00f3d\u00edt\u00e1s\u00e1val \u00e9s a migr\u00e1ci\u00f3s k\u00e9rd\u00e9ssel szoros \u00f6sszef\u00fcgg\u00e9sben van. A kiadv\u00e1ny napjainkban az\u00e9rt k\u00fcl\u00f6n\u00f6sen id\u0151szer\u0171 \u00e9s hi\u00e1nyp\u00f3tl\u00f3, mivel hasonl\u00f3 t\u00e9m\u00e1j\u00fa k\u00f6nyvet az ut\u00f3bbi \u00e9vekben nem adtak ki magyarul, de m\u00e9g idegen nyelven sem.<\/p>\n<p>A k\u00f6tet r\u00e1vil\u00e1g\u00edt arra, hogy a kereszt\u00e9nyeket nemcsak az iszl\u00e1m t\u00f6bbs\u00e9g\u0171, hanem a buddhista \u00e9s hindu orsz\u00e1gokban is \u00fcld\u00f6zik. Az egyh\u00e1zi vezet\u0151k \u2013 t\u00f6bbek k\u00f6z\u00f6tt p\u00e1p\u00e1k \u2013 nyilatkozatai szerint is manaps\u00e1g minden 5. percben meg\u00f6lnek egy kereszt\u00e9nyt a hite miatt&#8230; Gy\u0151rfi K\u00e1roly kutat\u00e1sai alapj\u00e1n az er\u0151sen \u00fcld\u00f6z\u00f6tt kereszt\u00e9nyek sz\u00e1ma mintegy 400 milli\u00f3ra tehet\u0151 a vil\u00e1gban. Munk\u00e1j\u00e1t dokument\u00e1lt esem\u00e9nyekkel \u00e9s adatokkal t\u00e1masztja al\u00e1, melyek j\u00f3r\u00e9szt az Open Doors \u00e9s a Kirche in Not nev\u0171 szervezetekt\u0151l sz\u00e1rmaznak.<\/p>\n<p>A Nyugat-Eur\u00f3p\u00e1ban zajl\u00f3 jelens\u00e9gek sajnos aggodalomra adnak okot, m\u00edg a Magyarorsz\u00e1gon tapasztaltakat a Szerz\u0151 nem \u00fcld\u00f6z\u00e9snek, hanem ink\u00e1bb kereszt\u00e9nyelleness\u00e9gnek tartja.<\/p>\n<p><img loading=\"lazy\" decoding=\"async\" class=\"aligncenter wp-image-242 size-large\" src=\"https:\/\/marcali.plebania.hu\/wp-content\/uploads\/2018\/05\/08-1024x683.jpg\" alt=\"\" width=\"640\" height=\"427\" srcset=\"https:\/\/marcali.plebania.hu\/wp-content\/uploads\/2018\/05\/08-1024x683.jpg 1024w, https:\/\/marcali.plebania.hu\/wp-content\/uploads\/2018\/05\/08-300x200.jpg 300w, https:\/\/marcali.plebania.hu\/wp-content\/uploads\/2018\/05\/08-768x512.jpg 768w, https:\/\/marcali.plebania.hu\/wp-content\/uploads\/2018\/05\/08-405x270.jpg 405w\" sizes=\"auto, (max-width: 640px) 100vw, 640px\" \/><\/p>\n<p>A k\u00f6nyv megfelel\u0151 fejezetei r\u00f6viden v\u00e1zolj\u00e1k az \u00fcld\u00f6ztet\u00e9s \u00e9s a tan\u00fabizonys\u00e1g-t\u00e9tel bibliai h\u00e1tter\u00e9t, \u00e9s v\u00e1logat\u00e1st adnak h\u00edres emberek tan\u00fas\u00e1gt\u00e9teleib\u0151l is. A szerz\u0151 c\u00e9lja, hogy figyelmeztesse az Olvas\u00f3kat, hogy hova vezet az az \u00fat, ha az emberek elhagyj\u00e1k a kereszt\u00e9ny gy\u00f6kereiket.<\/p>\n<p>A vet\u00edtett-k\u00e9pes el\u0151ad\u00e1s v\u00e9g\u00e9n a hallgat\u00f3s\u00e1g soraib\u00f3l t\u00f6bben is k\u00e9rd\u00e9seket tettek fel az el\u0151ad\u00f3knak, majd a k\u00f6nyvek dedik\u00e1l\u00e1s\u00e1val z\u00e1rult a rendezv\u00e9ny.<\/p>\n<p>&nbsp;<\/p>\n","protected":false},"excerpt":{"rendered":"<p>2018. m\u00e1jus 15-\u00e9n, kedden 17.30 \u00f3r\u00e1t\u00f3l a Marcali Pl\u00e9b\u00e1nia \u00e9s a Kereszt\u00e9ny \u00c9rtelmis\u00e9giek Sz\u00f6vets\u00e9ge (K\u00c9SZ) Marcali Csoportja megh\u00edv\u00e1s\u00e1ra Gy\u0151rfi K\u00e1roly tartott k\u00f6nyvbemutat\u00f3t \u201eKereszt\u00e9ny\u00fcld\u00f6z\u00e9s a 21. sz\u00e1zad elej\u00e9n\u201d c\u00edmmel az X-h\u00e1z nagyterm\u00e9ben. A rendezv\u00e9nyen k\u00f6zrem\u0171k\u00f6d\u00f6tt P. Szab\u00f3 J\u00f3zsef \u00fajs\u00e1g\u00edr\u00f3. A megjelenteket a K\u00c9SZ Marcali Csoport titk\u00e1ra, Kiss K\u00e1lm\u00e1n k\u00f6sz\u00f6nt\u00f6tte, majd \u00e1tadta a sz\u00f3t a vend\u00e9g el\u0151ad\u00f3knak, akik k\u00e9rdezz-felelek form\u00e1ban j\u00e1rt\u00e1k k\u00f6r\u00fcl a t\u00e9m\u00e1t. A Budapesti M\u0171szaki Egyetem Vegy\u00e9szm\u00e9rn\u00f6ki Kar\u00e1n v\u00e9gzett Szerz\u0151 napjaink egyik legfontosabb k\u00e9rd\u00e9s\u00e9t taglalja munk\u00e1j\u00e1ban, amely a muzulm\u00e1n vall\u00e1s&#8230;<\/p>\n<p class=\"read-more\"><a class=\"btn btn-default\" href=\"https:\/\/marcali.plebania.hu\/?p=240\"> Read More<span class=\"screen-reader-text\">  Read More<\/span><\/a><\/p>\n","protected":false},"author":2,"featured_media":0,"comment_status":"closed","ping_status":"open","sticky":false,"template":"","format":"standard","meta":{"footnotes":""},"categories":[1],"tags":[],"class_list":["post-240","post","type-post","status-publish","format-standard","hentry","category-egyeb"],"_links":{"self":[{"href":"https:\/\/marcali.plebania.hu\/index.php?rest_route=\/wp\/v2\/posts\/240","targetHints":{"allow":["GET"]}}],"collection":[{"href":"https:\/\/marcali.plebania.hu\/index.php?rest_route=\/wp\/v2\/posts"}],"about":[{"href":"https:\/\/marcali.plebania.hu\/index.php?rest_route=\/wp\/v2\/types\/post"}],"author":[{"embeddable":true,"href":"https:\/\/marcali.plebania.hu\/index.php?rest_route=\/wp\/v2\/users\/2"}],"replies":[{"embeddable":true,"href":"https:\/\/marcali.plebania.hu\/index.php?rest_route=%2Fwp%2Fv2%2Fcomments&post=240"}],"version-history":[{"count":2,"href":"https:\/\/marcali.plebania.hu\/index.php?rest_route=\/wp\/v2\/posts\/240\/revisions"}],"predecessor-version":[{"id":256,"href":"https:\/\/marcali.plebania.hu\/index.php?rest_route=\/wp\/v2\/posts\/240\/revisions\/256"}],"wp:attachment":[{"href":"https:\/\/marcali.plebania.hu\/index.php?rest_route=%2Fwp%2Fv2%2Fmedia&parent=240"}],"wp:term":[{"taxonomy":"category","embeddable":true,"href":"https:\/\/marcali.plebania.hu\/index.php?rest_route=%2Fwp%2Fv2%2Fcategories&post=240"},{"taxonomy":"post_tag","embeddable":true,"href":"https:\/\/marcali.plebania.hu\/index.php?rest_route=%2Fwp%2Fv2%2Ftags&post=240"}],"curies":[{"name":"wp","href":"https:\/\/api.w.org\/{rel}","templated":true}]}}