{"id":2402,"date":"2021-01-08T08:04:29","date_gmt":"2021-01-08T08:04:29","guid":{"rendered":"https:\/\/marcali.plebania.hu\/?p=2402"},"modified":"2021-01-08T08:04:29","modified_gmt":"2021-01-08T08:04:29","slug":"hirdetesek-2021-01-10","status":"publish","type":"post","link":"https:\/\/marcali.plebania.hu\/?p=2402","title":{"rendered":"Hirdet\u00e9sek, 2021. 01. 10."},"content":{"rendered":"\n<ol class=\"wp-block-list\"><li>Ma van Urunk megkeresztelked\u00e9s\u00e9nek \u00fcnnepe \u00e9s ezzel befejez\u0151dik a kar\u00e1csonyi id\u0151szak.<\/li><li>A h\u00e9ten, p\u00e9nteken 16 \u00f3rakor tartjuk meg a fatimai engesztel\u00e9st, \u00e9s egyben szents\u00e9gim\u00e1d\u00e1s is lesz, majd 17 \u00f3rakor szentmise.<\/li><li>Pl\u00e9b\u00e1niatemplomunk a Somogy Megyei \u00d6nkorm\u00e1nyzatt\u00f3l, V\u00edzkereszt \u00fcnnep\u00e9n az \u00d6r\u00f6ks\u00e9g\u00fcnk \u2013 Somogyorsz\u00e1g Kincse kit\u00fcntet\u0151 c\u00edmet kapta, mellyel a d\u00f6nt\u00e9s \u00e9rtelm\u00e9ben a megye vonzerej\u00e9nek n\u00f6vel\u00e9s\u00e9hez, megy\u00e9nk n\u00e9pszer\u0171s\u00edt\u00e9s\u00e9hez nagym\u00e9rt\u00e9kben hozz\u00e1j\u00e1rult.<\/li><li>Megk\u00f6sz\u00f6nj\u00fck azok munk\u00e1j\u00e1t, akik szombaton r\u00e9szt vettek a betlehem lebont\u00e1s\u00e1ban.<\/li><li>Id\u00e9n is szentelt\u00fcnk vizet V\u00edzkeresztkor. A j\u00e1rv\u00e1ny\u00fcgyi szab\u00e1lyok betart\u00e1s\u00e1val a padok m\u00f6g\u00f6tti szenteltvizet tartalmaz\u00f3 hord\u00f3b\u00f3l egy csapon kereszt\u00fcl lehet vizet hazavinni.<\/li><\/ol>\n","protected":false},"excerpt":{"rendered":"<p>Ma van Urunk megkeresztelked\u00e9s\u00e9nek \u00fcnnepe \u00e9s ezzel befejez\u0151dik a kar\u00e1csonyi id\u0151szak. A h\u00e9ten, p\u00e9nteken 16 \u00f3rakor tartjuk meg a fatimai engesztel\u00e9st, \u00e9s egyben szents\u00e9gim\u00e1d\u00e1s is lesz, majd 17 \u00f3rakor szentmise. Pl\u00e9b\u00e1niatemplomunk a Somogy Megyei \u00d6nkorm\u00e1nyzatt\u00f3l, V\u00edzkereszt \u00fcnnep\u00e9n az \u00d6r\u00f6ks\u00e9g\u00fcnk \u2013 Somogyorsz\u00e1g Kincse kit\u00fcntet\u0151 c\u00edmet kapta, mellyel a d\u00f6nt\u00e9s \u00e9rtelm\u00e9ben a megye vonzerej\u00e9nek n\u00f6vel\u00e9s\u00e9hez, megy\u00e9nk n\u00e9pszer\u0171s\u00edt\u00e9s\u00e9hez nagym\u00e9rt\u00e9kben hozz\u00e1j\u00e1rult. Megk\u00f6sz\u00f6nj\u00fck azok munk\u00e1j\u00e1t, akik szombaton r\u00e9szt vettek a betlehem lebont\u00e1s\u00e1ban. Id\u00e9n is szentelt\u00fcnk vizet V\u00edzkeresztkor. A j\u00e1rv\u00e1ny\u00fcgyi szab\u00e1lyok betart\u00e1s\u00e1val a padok m\u00f6g\u00f6tti szenteltvizet&#8230;<\/p>\n<p class=\"read-more\"><a class=\"btn btn-default\" href=\"https:\/\/marcali.plebania.hu\/?p=2402\"> Read More<span class=\"screen-reader-text\">  Read More<\/span><\/a><\/p>\n","protected":false},"author":2,"featured_media":0,"comment_status":"closed","ping_status":"open","sticky":false,"template":"","format":"standard","meta":{"footnotes":""},"categories":[1],"tags":[],"class_list":["post-2402","post","type-post","status-publish","format-standard","hentry","category-egyeb"],"_links":{"self":[{"href":"https:\/\/marcali.plebania.hu\/index.php?rest_route=\/wp\/v2\/posts\/2402","targetHints":{"allow":["GET"]}}],"collection":[{"href":"https:\/\/marcali.plebania.hu\/index.php?rest_route=\/wp\/v2\/posts"}],"about":[{"href":"https:\/\/marcali.plebania.hu\/index.php?rest_route=\/wp\/v2\/types\/post"}],"author":[{"embeddable":true,"href":"https:\/\/marcali.plebania.hu\/index.php?rest_route=\/wp\/v2\/users\/2"}],"replies":[{"embeddable":true,"href":"https:\/\/marcali.plebania.hu\/index.php?rest_route=%2Fwp%2Fv2%2Fcomments&post=2402"}],"version-history":[{"count":1,"href":"https:\/\/marcali.plebania.hu\/index.php?rest_route=\/wp\/v2\/posts\/2402\/revisions"}],"predecessor-version":[{"id":2403,"href":"https:\/\/marcali.plebania.hu\/index.php?rest_route=\/wp\/v2\/posts\/2402\/revisions\/2403"}],"wp:attachment":[{"href":"https:\/\/marcali.plebania.hu\/index.php?rest_route=%2Fwp%2Fv2%2Fmedia&parent=2402"}],"wp:term":[{"taxonomy":"category","embeddable":true,"href":"https:\/\/marcali.plebania.hu\/index.php?rest_route=%2Fwp%2Fv2%2Fcategories&post=2402"},{"taxonomy":"post_tag","embeddable":true,"href":"https:\/\/marcali.plebania.hu\/index.php?rest_route=%2Fwp%2Fv2%2Ftags&post=2402"}],"curies":[{"name":"wp","href":"https:\/\/api.w.org\/{rel}","templated":true}]}}