{"id":2404,"date":"2021-01-14T16:20:51","date_gmt":"2021-01-14T16:20:51","guid":{"rendered":"https:\/\/marcali.plebania.hu\/?p=2404"},"modified":"2021-01-14T16:20:51","modified_gmt":"2021-01-14T16:20:51","slug":"elso-izben-virtualis-haz-es-lakasszenteles-marcaliban","status":"publish","type":"post","link":"https:\/\/marcali.plebania.hu\/?p=2404","title":{"rendered":"Els\u0151 \u00edzben virtu\u00e1lis h\u00e1z-, \u00e9s lak\u00e1sszentel\u00e9s Marcaliban"},"content":{"rendered":"\n<p>2021. janu\u00e1r 10-\u00e9n, vas\u00e1rnap a pl\u00e9b\u00e1niatemplomban, a 9 \u00f3r\u00e1s szentmise keret\u00e9ben, a Marcali Pl\u00e9b\u00e1nia t\u00f6rt\u00e9net\u00e9ben els\u0151 \u00edzben t\u00f6rt\u00e9nt virtu\u00e1lis h\u00e1z- \u00e9s lak\u00e1sszentel\u00e9s. A kialakult j\u00e1rv\u00e1nyhelyzet miatt, a pl\u00e9b\u00e1nos nem tudott a h\u00e1zakhoz elmenni V\u00edzkereszt \u00fcnnepe ut\u00e1n, ez\u00e9rt v\u00e1lasztotta m\u00f3dj\u00e1t annak, hogy a Tavi Tv \u00e1ltal sug\u00e1rzott szentmis\u00e9ben \u00e1ld\u00e1s\u00e1t adja a v\u00e1ros h\u00e1zaira, lak\u00e1saira \u00e9s k\u00f6z\u00e9p\u00fcleteire.<\/p>\n\n\n\n<figure class=\"wp-block-gallery columns-3 is-cropped wp-block-gallery-1 is-layout-flex wp-block-gallery-is-layout-flex\"><ul class=\"blocks-gallery-grid\"><li class=\"blocks-gallery-item\"><figure><img loading=\"lazy\" decoding=\"async\" width=\"1024\" height=\"678\" src=\"https:\/\/marcali.plebania.hu\/wp-content\/uploads\/2021\/01\/virtu\u00e1lis-h\u00e1zszentel\u00e9s-001.jpg\" alt=\"\" data-id=\"2405\" data-link=\"https:\/\/marcali.plebania.hu\/?attachment_id=2405\" class=\"wp-image-2405\" srcset=\"https:\/\/marcali.plebania.hu\/wp-content\/uploads\/2021\/01\/virtu\u00e1lis-h\u00e1zszentel\u00e9s-001.jpg 1024w, https:\/\/marcali.plebania.hu\/wp-content\/uploads\/2021\/01\/virtu\u00e1lis-h\u00e1zszentel\u00e9s-001-300x199.jpg 300w, https:\/\/marcali.plebania.hu\/wp-content\/uploads\/2021\/01\/virtu\u00e1lis-h\u00e1zszentel\u00e9s-001-768x509.jpg 768w, https:\/\/marcali.plebania.hu\/wp-content\/uploads\/2021\/01\/virtu\u00e1lis-h\u00e1zszentel\u00e9s-001-408x270.jpg 408w\" sizes=\"auto, (max-width: 1024px) 100vw, 1024px\" \/><\/figure><\/li><li class=\"blocks-gallery-item\"><figure><img loading=\"lazy\" decoding=\"async\" width=\"1024\" height=\"678\" src=\"https:\/\/marcali.plebania.hu\/wp-content\/uploads\/2021\/01\/virtu\u00e1lis-h\u00e1zszentel\u00e9s-002.jpg\" alt=\"\" data-id=\"2406\" data-link=\"https:\/\/marcali.plebania.hu\/?attachment_id=2406\" class=\"wp-image-2406\" srcset=\"https:\/\/marcali.plebania.hu\/wp-content\/uploads\/2021\/01\/virtu\u00e1lis-h\u00e1zszentel\u00e9s-002.jpg 1024w, https:\/\/marcali.plebania.hu\/wp-content\/uploads\/2021\/01\/virtu\u00e1lis-h\u00e1zszentel\u00e9s-002-300x199.jpg 300w, https:\/\/marcali.plebania.hu\/wp-content\/uploads\/2021\/01\/virtu\u00e1lis-h\u00e1zszentel\u00e9s-002-768x509.jpg 768w, https:\/\/marcali.plebania.hu\/wp-content\/uploads\/2021\/01\/virtu\u00e1lis-h\u00e1zszentel\u00e9s-002-408x270.jpg 408w\" sizes=\"auto, (max-width: 1024px) 100vw, 1024px\" \/><\/figure><\/li><li class=\"blocks-gallery-item\"><figure><img loading=\"lazy\" decoding=\"async\" width=\"1024\" height=\"678\" src=\"https:\/\/marcali.plebania.hu\/wp-content\/uploads\/2021\/01\/virtu\u00e1lis-h\u00e1zszentel\u00e9s-003.jpg\" alt=\"\" data-id=\"2407\" data-link=\"https:\/\/marcali.plebania.hu\/?attachment_id=2407\" class=\"wp-image-2407\" srcset=\"https:\/\/marcali.plebania.hu\/wp-content\/uploads\/2021\/01\/virtu\u00e1lis-h\u00e1zszentel\u00e9s-003.jpg 1024w, https:\/\/marcali.plebania.hu\/wp-content\/uploads\/2021\/01\/virtu\u00e1lis-h\u00e1zszentel\u00e9s-003-300x199.jpg 300w, https:\/\/marcali.plebania.hu\/wp-content\/uploads\/2021\/01\/virtu\u00e1lis-h\u00e1zszentel\u00e9s-003-768x509.jpg 768w, https:\/\/marcali.plebania.hu\/wp-content\/uploads\/2021\/01\/virtu\u00e1lis-h\u00e1zszentel\u00e9s-003-408x270.jpg 408w\" sizes=\"auto, (max-width: 1024px) 100vw, 1024px\" \/><\/figure><\/li><li class=\"blocks-gallery-item\"><figure><img loading=\"lazy\" decoding=\"async\" width=\"1024\" height=\"678\" src=\"https:\/\/marcali.plebania.hu\/wp-content\/uploads\/2021\/01\/virtu\u00e1lis-h\u00e1zszentel\u00e9s-007.jpg\" alt=\"\" data-id=\"2409\" data-full-url=\"https:\/\/marcali.plebania.hu\/wp-content\/uploads\/2021\/01\/virtu\u00e1lis-h\u00e1zszentel\u00e9s-007.jpg\" data-link=\"https:\/\/marcali.plebania.hu\/?attachment_id=2409\" class=\"wp-image-2409\" srcset=\"https:\/\/marcali.plebania.hu\/wp-content\/uploads\/2021\/01\/virtu\u00e1lis-h\u00e1zszentel\u00e9s-007.jpg 1024w, https:\/\/marcali.plebania.hu\/wp-content\/uploads\/2021\/01\/virtu\u00e1lis-h\u00e1zszentel\u00e9s-007-300x199.jpg 300w, https:\/\/marcali.plebania.hu\/wp-content\/uploads\/2021\/01\/virtu\u00e1lis-h\u00e1zszentel\u00e9s-007-768x509.jpg 768w, https:\/\/marcali.plebania.hu\/wp-content\/uploads\/2021\/01\/virtu\u00e1lis-h\u00e1zszentel\u00e9s-007-408x270.jpg 408w\" sizes=\"auto, (max-width: 1024px) 100vw, 1024px\" \/><\/figure><\/li><\/ul><\/figure>\n\n\n\n<p>A Hist\u00f3ria Domus (pl\u00e9b\u00e1niat\u00f6rt\u00e9net) le\u00edr\u00e1sa alapj\u00e1n a Marcaliban \u00e9l\u0151 aty\u00e1k v\u00e9gigj\u00e1rt\u00e1k egykor a h\u00e1zakat V\u00edzkereszt ut\u00e1n, \u00e9s szentelt v\u00edzzel hintett\u00e9k meg, mik\u00f6zben az \u00dar \u00e1ld\u00e1s\u00e1t k\u00e9rt\u00e9k a h\u00e1zra \u00e9s lak\u00f3ira. \u201eB\u00e9kess\u00e9g e h\u00e1znak \u00e9s minden lak\u00f3j\u00e1nak!\u201d \u2013 \u00edgy k\u00f6sz\u00f6ntek be \u00e9s a szertart\u00e1s alatt egy\u00fctt im\u00e1dkoztak az ott l\u00e9v\u0151kkel egy\u00fctt. Majd ezut\u00e1n a pap szenteltv\u00edzzel hintette meg a szob\u00e1kat. Azt\u00e1n az egyik ajt\u00f3ra fel\u00edrt\u00e1k az \u00e9vsz\u00e1mot \u00e9s egy titokzatos r\u00f6vid\u00edt\u00e9st is, ami ma \u00edgy t\u00f6rt\u00e9nne: 20+G+M+B+21; amiben a sz\u00e9ls\u0151 sz\u00e1mok az \u00e9vsz\u00e1mot, a bet\u0171k pedig a h\u00e1rom napkeleti kir\u00e1lyt: G\u00e1sp\u00e1rt, Menyh\u00e9rtet \u00e9s Boldizs\u00e1rt jelzik.<\/p>\n\n\n\n<figure class=\"wp-block-gallery columns-3 is-cropped wp-block-gallery-2 is-layout-flex wp-block-gallery-is-layout-flex\"><ul class=\"blocks-gallery-grid\"><li class=\"blocks-gallery-item\"><figure><img loading=\"lazy\" decoding=\"async\" width=\"1024\" height=\"678\" src=\"https:\/\/marcali.plebania.hu\/wp-content\/uploads\/2021\/01\/virtu\u00e1lis-h\u00e1zszentel\u00e9s-009.jpg\" alt=\"\" data-id=\"2410\" data-link=\"https:\/\/marcali.plebania.hu\/?attachment_id=2410\" class=\"wp-image-2410\" srcset=\"https:\/\/marcali.plebania.hu\/wp-content\/uploads\/2021\/01\/virtu\u00e1lis-h\u00e1zszentel\u00e9s-009.jpg 1024w, https:\/\/marcali.plebania.hu\/wp-content\/uploads\/2021\/01\/virtu\u00e1lis-h\u00e1zszentel\u00e9s-009-300x199.jpg 300w, https:\/\/marcali.plebania.hu\/wp-content\/uploads\/2021\/01\/virtu\u00e1lis-h\u00e1zszentel\u00e9s-009-768x509.jpg 768w, https:\/\/marcali.plebania.hu\/wp-content\/uploads\/2021\/01\/virtu\u00e1lis-h\u00e1zszentel\u00e9s-009-408x270.jpg 408w\" sizes=\"auto, (max-width: 1024px) 100vw, 1024px\" \/><\/figure><\/li><li class=\"blocks-gallery-item\"><figure><img loading=\"lazy\" decoding=\"async\" width=\"1024\" height=\"678\" src=\"https:\/\/marcali.plebania.hu\/wp-content\/uploads\/2021\/01\/virtu\u00e1lis-h\u00e1zszentel\u00e9s-015.jpg\" alt=\"\" data-id=\"2411\" data-link=\"https:\/\/marcali.plebania.hu\/?attachment_id=2411\" class=\"wp-image-2411\" srcset=\"https:\/\/marcali.plebania.hu\/wp-content\/uploads\/2021\/01\/virtu\u00e1lis-h\u00e1zszentel\u00e9s-015.jpg 1024w, https:\/\/marcali.plebania.hu\/wp-content\/uploads\/2021\/01\/virtu\u00e1lis-h\u00e1zszentel\u00e9s-015-300x199.jpg 300w, https:\/\/marcali.plebania.hu\/wp-content\/uploads\/2021\/01\/virtu\u00e1lis-h\u00e1zszentel\u00e9s-015-768x509.jpg 768w, https:\/\/marcali.plebania.hu\/wp-content\/uploads\/2021\/01\/virtu\u00e1lis-h\u00e1zszentel\u00e9s-015-408x270.jpg 408w\" sizes=\"auto, (max-width: 1024px) 100vw, 1024px\" \/><\/figure><\/li><li class=\"blocks-gallery-item\"><figure><img loading=\"lazy\" decoding=\"async\" width=\"1024\" height=\"678\" src=\"https:\/\/marcali.plebania.hu\/wp-content\/uploads\/2021\/01\/virtu\u00e1lis-h\u00e1zszentel\u00e9s-017.jpg\" alt=\"\" data-id=\"2412\" data-link=\"https:\/\/marcali.plebania.hu\/?attachment_id=2412\" class=\"wp-image-2412\" srcset=\"https:\/\/marcali.plebania.hu\/wp-content\/uploads\/2021\/01\/virtu\u00e1lis-h\u00e1zszentel\u00e9s-017.jpg 1024w, https:\/\/marcali.plebania.hu\/wp-content\/uploads\/2021\/01\/virtu\u00e1lis-h\u00e1zszentel\u00e9s-017-300x199.jpg 300w, https:\/\/marcali.plebania.hu\/wp-content\/uploads\/2021\/01\/virtu\u00e1lis-h\u00e1zszentel\u00e9s-017-768x509.jpg 768w, https:\/\/marcali.plebania.hu\/wp-content\/uploads\/2021\/01\/virtu\u00e1lis-h\u00e1zszentel\u00e9s-017-408x270.jpg 408w\" sizes=\"auto, (max-width: 1024px) 100vw, 1024px\" \/><\/figure><\/li><li class=\"blocks-gallery-item\"><figure><img loading=\"lazy\" decoding=\"async\" width=\"1024\" height=\"678\" src=\"https:\/\/marcali.plebania.hu\/wp-content\/uploads\/2021\/01\/virtu\u00e1lis-h\u00e1zszentel\u00e9s-012.jpg\" alt=\"\" data-id=\"2413\" data-full-url=\"https:\/\/marcali.plebania.hu\/wp-content\/uploads\/2021\/01\/virtu\u00e1lis-h\u00e1zszentel\u00e9s-012.jpg\" data-link=\"https:\/\/marcali.plebania.hu\/?attachment_id=2413\" class=\"wp-image-2413\" srcset=\"https:\/\/marcali.plebania.hu\/wp-content\/uploads\/2021\/01\/virtu\u00e1lis-h\u00e1zszentel\u00e9s-012.jpg 1024w, https:\/\/marcali.plebania.hu\/wp-content\/uploads\/2021\/01\/virtu\u00e1lis-h\u00e1zszentel\u00e9s-012-300x199.jpg 300w, https:\/\/marcali.plebania.hu\/wp-content\/uploads\/2021\/01\/virtu\u00e1lis-h\u00e1zszentel\u00e9s-012-768x509.jpg 768w, https:\/\/marcali.plebania.hu\/wp-content\/uploads\/2021\/01\/virtu\u00e1lis-h\u00e1zszentel\u00e9s-012-408x270.jpg 408w\" sizes=\"auto, (max-width: 1024px) 100vw, 1024px\" \/><\/figure><\/li><\/ul><\/figure>\n\n\n\n<p>Ma is szok\u00e1sban van a h\u00e1zszentel\u00e9s, t\u00f6bbnyire ink\u00e1bb a\nlak\u00e1sfel\u00faj\u00edt\u00e1sok \u00e9s \u00faj h\u00e1z \u00e9p\u00edt\u00e9se ut\u00e1n k\u00e9rik a tulajdonosok ezt a szertart\u00e1st.\nA j\u00e1rv\u00e1nyhelyzet miatt azonban egyre t\u00f6bb helyen, virtu\u00e1lis m\u00f3don t\u00f6rt\u00e9nik a\nh\u00e1zszentel\u00e9s.<\/p>\n","protected":false},"excerpt":{"rendered":"<p>2021. janu\u00e1r 10-\u00e9n, vas\u00e1rnap a pl\u00e9b\u00e1niatemplomban, a 9 \u00f3r\u00e1s szentmise keret\u00e9ben, a Marcali Pl\u00e9b\u00e1nia t\u00f6rt\u00e9net\u00e9ben els\u0151 \u00edzben t\u00f6rt\u00e9nt virtu\u00e1lis h\u00e1z- \u00e9s lak\u00e1sszentel\u00e9s. A kialakult j\u00e1rv\u00e1nyhelyzet miatt, a pl\u00e9b\u00e1nos nem tudott a h\u00e1zakhoz elmenni V\u00edzkereszt \u00fcnnepe ut\u00e1n, ez\u00e9rt v\u00e1lasztotta m\u00f3dj\u00e1t annak, hogy a Tavi Tv \u00e1ltal sug\u00e1rzott szentmis\u00e9ben \u00e1ld\u00e1s\u00e1t adja a v\u00e1ros h\u00e1zaira, lak\u00e1saira \u00e9s k\u00f6z\u00e9p\u00fcleteire. A Hist\u00f3ria Domus (pl\u00e9b\u00e1niat\u00f6rt\u00e9net) le\u00edr\u00e1sa alapj\u00e1n a Marcaliban \u00e9l\u0151 aty\u00e1k v\u00e9gigj\u00e1rt\u00e1k egykor a h\u00e1zakat V\u00edzkereszt ut\u00e1n, \u00e9s szentelt v\u00edzzel hintett\u00e9k meg, mik\u00f6zben az \u00dar \u00e1ld\u00e1s\u00e1t&#8230;<\/p>\n<p class=\"read-more\"><a class=\"btn btn-default\" href=\"https:\/\/marcali.plebania.hu\/?p=2404\"> Read More<span class=\"screen-reader-text\">  Read More<\/span><\/a><\/p>\n","protected":false},"author":2,"featured_media":0,"comment_status":"closed","ping_status":"open","sticky":false,"template":"","format":"standard","meta":{"footnotes":""},"categories":[1],"tags":[],"class_list":["post-2404","post","type-post","status-publish","format-standard","hentry","category-egyeb"],"_links":{"self":[{"href":"https:\/\/marcali.plebania.hu\/index.php?rest_route=\/wp\/v2\/posts\/2404","targetHints":{"allow":["GET"]}}],"collection":[{"href":"https:\/\/marcali.plebania.hu\/index.php?rest_route=\/wp\/v2\/posts"}],"about":[{"href":"https:\/\/marcali.plebania.hu\/index.php?rest_route=\/wp\/v2\/types\/post"}],"author":[{"embeddable":true,"href":"https:\/\/marcali.plebania.hu\/index.php?rest_route=\/wp\/v2\/users\/2"}],"replies":[{"embeddable":true,"href":"https:\/\/marcali.plebania.hu\/index.php?rest_route=%2Fwp%2Fv2%2Fcomments&post=2404"}],"version-history":[{"count":1,"href":"https:\/\/marcali.plebania.hu\/index.php?rest_route=\/wp\/v2\/posts\/2404\/revisions"}],"predecessor-version":[{"id":2414,"href":"https:\/\/marcali.plebania.hu\/index.php?rest_route=\/wp\/v2\/posts\/2404\/revisions\/2414"}],"wp:attachment":[{"href":"https:\/\/marcali.plebania.hu\/index.php?rest_route=%2Fwp%2Fv2%2Fmedia&parent=2404"}],"wp:term":[{"taxonomy":"category","embeddable":true,"href":"https:\/\/marcali.plebania.hu\/index.php?rest_route=%2Fwp%2Fv2%2Fcategories&post=2404"},{"taxonomy":"post_tag","embeddable":true,"href":"https:\/\/marcali.plebania.hu\/index.php?rest_route=%2Fwp%2Fv2%2Ftags&post=2404"}],"curies":[{"name":"wp","href":"https:\/\/api.w.org\/{rel}","templated":true}]}}