{"id":2415,"date":"2021-01-15T08:29:38","date_gmt":"2021-01-15T08:29:38","guid":{"rendered":"https:\/\/marcali.plebania.hu\/?p=2415"},"modified":"2021-01-15T08:29:38","modified_gmt":"2021-01-15T08:29:38","slug":"hirdetesek-2021-01-17","status":"publish","type":"post","link":"https:\/\/marcali.plebania.hu\/?p=2415","title":{"rendered":"Hirdet\u00e9sek, 2021. 01. 17."},"content":{"rendered":"\n<ol class=\"wp-block-list\"><li>Ma\nvan az \u00e9vk\u00f6zi 2. vas\u00e1rnap. Megkezd\u0151d\u00f6tt az \u00e9vk\u00f6zi vas\u00e1rnapok id\u0151szaka, melynek\nels\u0151 r\u00e9sze hamvaz\u00f3szerd\u00e1ig folytat\u00f3dik, majd ut\u00e1na j\u00f6n a nagyb\u00f6jti \u00e9s h\u00fasv\u00e9ti\nid\u0151szak \u00dar napj\u00e1ig. \u00dar napja ut\u00e1n j\u00f6n az \u00e9vk\u00f6zi vas\u00e1rnapok m\u00e1sodik szakasza \u00e1dvent\n1. vas\u00e1rnapj\u00e1ig.<\/li><li>A\nj\u00f6v\u0151 h\u00e9ten lesz az \u00f6kumenikus imah\u00e9t, melyet minden egyh\u00e1z \u00f6n\u00e1ll\u00f3an v\u00e9gez a\nj\u00e1rv\u00e1nyhelyzet miatt. Mi is im\u00e1dkozunk a kereszt\u00e9nyek egys\u00e9g\u00e9\u00e9rt.<\/li><\/ol>\n","protected":false},"excerpt":{"rendered":"<p>Ma van az \u00e9vk\u00f6zi 2. vas\u00e1rnap. Megkezd\u0151d\u00f6tt az \u00e9vk\u00f6zi vas\u00e1rnapok id\u0151szaka, melynek els\u0151 r\u00e9sze hamvaz\u00f3szerd\u00e1ig folytat\u00f3dik, majd ut\u00e1na j\u00f6n a nagyb\u00f6jti \u00e9s h\u00fasv\u00e9ti id\u0151szak \u00dar napj\u00e1ig. \u00dar napja ut\u00e1n j\u00f6n az \u00e9vk\u00f6zi vas\u00e1rnapok m\u00e1sodik szakasza \u00e1dvent 1. vas\u00e1rnapj\u00e1ig. A j\u00f6v\u0151 h\u00e9ten lesz az \u00f6kumenikus imah\u00e9t, melyet minden egyh\u00e1z \u00f6n\u00e1ll\u00f3an v\u00e9gez a j\u00e1rv\u00e1nyhelyzet miatt. Mi is im\u00e1dkozunk a kereszt\u00e9nyek egys\u00e9g\u00e9\u00e9rt.<\/p>\n","protected":false},"author":2,"featured_media":0,"comment_status":"closed","ping_status":"open","sticky":false,"template":"","format":"standard","meta":{"footnotes":""},"categories":[1],"tags":[],"class_list":["post-2415","post","type-post","status-publish","format-standard","hentry","category-egyeb"],"_links":{"self":[{"href":"https:\/\/marcali.plebania.hu\/index.php?rest_route=\/wp\/v2\/posts\/2415","targetHints":{"allow":["GET"]}}],"collection":[{"href":"https:\/\/marcali.plebania.hu\/index.php?rest_route=\/wp\/v2\/posts"}],"about":[{"href":"https:\/\/marcali.plebania.hu\/index.php?rest_route=\/wp\/v2\/types\/post"}],"author":[{"embeddable":true,"href":"https:\/\/marcali.plebania.hu\/index.php?rest_route=\/wp\/v2\/users\/2"}],"replies":[{"embeddable":true,"href":"https:\/\/marcali.plebania.hu\/index.php?rest_route=%2Fwp%2Fv2%2Fcomments&post=2415"}],"version-history":[{"count":1,"href":"https:\/\/marcali.plebania.hu\/index.php?rest_route=\/wp\/v2\/posts\/2415\/revisions"}],"predecessor-version":[{"id":2416,"href":"https:\/\/marcali.plebania.hu\/index.php?rest_route=\/wp\/v2\/posts\/2415\/revisions\/2416"}],"wp:attachment":[{"href":"https:\/\/marcali.plebania.hu\/index.php?rest_route=%2Fwp%2Fv2%2Fmedia&parent=2415"}],"wp:term":[{"taxonomy":"category","embeddable":true,"href":"https:\/\/marcali.plebania.hu\/index.php?rest_route=%2Fwp%2Fv2%2Fcategories&post=2415"},{"taxonomy":"post_tag","embeddable":true,"href":"https:\/\/marcali.plebania.hu\/index.php?rest_route=%2Fwp%2Fv2%2Ftags&post=2415"}],"curies":[{"name":"wp","href":"https:\/\/api.w.org\/{rel}","templated":true}]}}