{"id":2422,"date":"2021-01-20T16:29:29","date_gmt":"2021-01-20T16:29:29","guid":{"rendered":"https:\/\/marcali.plebania.hu\/?p=2422"},"modified":"2021-01-20T16:29:29","modified_gmt":"2021-01-20T16:29:29","slug":"latogatoban-musort-keszitett-a-maria-radio-helikon-marcaliban","status":"publish","type":"post","link":"https:\/\/marcali.plebania.hu\/?p=2422","title":{"rendered":"L\u00e1togat\u00f3ban \u2013 M\u0171sort k\u00e9sz\u00edtett a M\u00e1ria R\u00e1di\u00f3 Helikon Marcaliban"},"content":{"rendered":"\n<p>2021. janu\u00e1r 18-\u00e1n este a M\u00e1ria R\u00e1di\u00f3 Helikon keszthelyi \u00f6nk\u00e9ntes munkat\u00e1rsai Marcaliba l\u00e1togattak, hogy a R\u00f3mai Katolikus Egyh\u00e1zk\u00f6zs\u00e9g \u00e9let\u00e9r\u0151l egy terjedelmes riport-m\u0171sort k\u00e9sz\u00edtsenek. A vend\u00e9geket az egyh\u00e1zk\u00f6zs\u00e9g k\u00f6z\u00f6ss\u00e9gi h\u00e1z\u00e1ban (X-h\u00e1zban) Kiss Iv\u00e1n c. pr\u00e9post, esperes-pl\u00e9b\u00e1nos \u00e9s Gelencs\u00e9r R\u00f3bert vil\u00e1gi eln\u00f6k fogadta. A felv\u00e9telek elk\u00e9sz\u00edt\u00e9s\u00e9hez megh\u00edvt\u00e1k a pl\u00e9b\u00e1nia \u00e9let\u00e9ben akt\u00edvan r\u00e9sztvev\u0151ket, a hitoktat\u00f3kat, a k\u00f6z\u00f6ss\u00e9gek, valamint a F\u00e9ny Gyermekei Zenekar k\u00e9pvisel\u0151it, hogy mindenki bemutathassa imak\u00f6z\u00f6ss\u00e9g\u00e9t, vagy az \u00e1ltala k\u00e9pviselt csoportj\u00e1t.<\/p>\n\n\n\n<figure class=\"wp-block-gallery columns-1 is-cropped wp-block-gallery-1 is-layout-flex wp-block-gallery-is-layout-flex\"><ul class=\"blocks-gallery-grid\"><li class=\"blocks-gallery-item\"><figure><img loading=\"lazy\" decoding=\"async\" width=\"1024\" height=\"201\" src=\"https:\/\/marcali.plebania.hu\/wp-content\/uploads\/2021\/01\/logo_fekvo-1024x201.jpg\" alt=\"\" data-id=\"2440\" data-full-url=\"https:\/\/marcali.plebania.hu\/wp-content\/uploads\/2021\/01\/logo_fekvo-scaled.jpg\" data-link=\"https:\/\/marcali.plebania.hu\/?attachment_id=2440\" class=\"wp-image-2440\" srcset=\"https:\/\/marcali.plebania.hu\/wp-content\/uploads\/2021\/01\/logo_fekvo-1024x201.jpg 1024w, https:\/\/marcali.plebania.hu\/wp-content\/uploads\/2021\/01\/logo_fekvo-300x59.jpg 300w, https:\/\/marcali.plebania.hu\/wp-content\/uploads\/2021\/01\/logo_fekvo-768x151.jpg 768w, https:\/\/marcali.plebania.hu\/wp-content\/uploads\/2021\/01\/logo_fekvo-1536x302.jpg 1536w, https:\/\/marcali.plebania.hu\/wp-content\/uploads\/2021\/01\/logo_fekvo-2048x402.jpg 2048w, https:\/\/marcali.plebania.hu\/wp-content\/uploads\/2021\/01\/logo_fekvo-604x119.jpg 604w\" sizes=\"auto, (max-width: 1024px) 100vw, 1024px\" \/><\/figure><\/li><\/ul><\/figure>\n\n\n\n<figure class=\"wp-block-gallery columns-1 is-cropped wp-block-gallery-2 is-layout-flex wp-block-gallery-is-layout-flex\"><ul class=\"blocks-gallery-grid\"><li class=\"blocks-gallery-item\"><figure><img loading=\"lazy\" decoding=\"async\" width=\"1024\" height=\"683\" src=\"https:\/\/marcali.plebania.hu\/wp-content\/uploads\/2021\/01\/06-1024x683.jpg\" alt=\"\" data-id=\"2423\" data-full-url=\"https:\/\/marcali.plebania.hu\/wp-content\/uploads\/2021\/01\/06-scaled.jpg\" data-link=\"https:\/\/marcali.plebania.hu\/?attachment_id=2423\" class=\"wp-image-2423\" srcset=\"https:\/\/marcali.plebania.hu\/wp-content\/uploads\/2021\/01\/06-1024x683.jpg 1024w, https:\/\/marcali.plebania.hu\/wp-content\/uploads\/2021\/01\/06-300x200.jpg 300w, https:\/\/marcali.plebania.hu\/wp-content\/uploads\/2021\/01\/06-768x512.jpg 768w, https:\/\/marcali.plebania.hu\/wp-content\/uploads\/2021\/01\/06-1536x1024.jpg 1536w, https:\/\/marcali.plebania.hu\/wp-content\/uploads\/2021\/01\/06-2048x1365.jpg 2048w, https:\/\/marcali.plebania.hu\/wp-content\/uploads\/2021\/01\/06-405x270.jpg 405w\" sizes=\"auto, (max-width: 1024px) 100vw, 1024px\" \/><\/figure><\/li><\/ul><\/figure>\n\n\n\n<p>Ez a \u201ehang-k\u00e9pes\u201d \u00f6ssze\u00e1ll\u00edt\u00e1s az\u00e9rt is k\u00fcl\u00f6n\u00f6sen aktu\u00e1lis, mivel a Marcali Gy\u00fcm\u00f6lcsolt\u00f3 Boldogasszony pl\u00e9b\u00e1niatemplom az id\u00e9n, \u00e9ppen V\u00edzkereszt \u00fcnnep\u00e9n kapta meg az \u201e\u00d6r\u00f6ks\u00e9g\u00fcnk \u2013 Somogyorsz\u00e1g kincse\u201d kit\u00fcntet\u0151 c\u00edmet a Somogy Megyei \u00d6nkorm\u00e1nyzatt\u00f3l. A M\u00e1ria R\u00e1di\u00f3 Helikon m\u0171sora a: \u201eL\u00e1togat\u00f3ban\u201d c\u00edmet kapta, aminek tulajdonk\u00e9ppen az a c\u00e9lja, hogy bemutassa hallgat\u00f3s\u00e1g\u00e1nak a jelenkorban m\u0171k\u00f6d\u0151 egyh\u00e1zi k\u00f6z\u00f6ss\u00e9geket.<\/p>\n\n\n\n<figure class=\"wp-block-gallery columns-3 is-cropped wp-block-gallery-3 is-layout-flex wp-block-gallery-is-layout-flex\"><ul class=\"blocks-gallery-grid\"><li class=\"blocks-gallery-item\"><figure><img loading=\"lazy\" decoding=\"async\" width=\"1024\" height=\"683\" src=\"https:\/\/marcali.plebania.hu\/wp-content\/uploads\/2021\/01\/04-1024x683.jpg\" alt=\"\" data-id=\"2428\" data-link=\"https:\/\/marcali.plebania.hu\/?attachment_id=2428\" class=\"wp-image-2428\" srcset=\"https:\/\/marcali.plebania.hu\/wp-content\/uploads\/2021\/01\/04-1024x683.jpg 1024w, https:\/\/marcali.plebania.hu\/wp-content\/uploads\/2021\/01\/04-300x200.jpg 300w, https:\/\/marcali.plebania.hu\/wp-content\/uploads\/2021\/01\/04-768x512.jpg 768w, https:\/\/marcali.plebania.hu\/wp-content\/uploads\/2021\/01\/04-1536x1024.jpg 1536w, https:\/\/marcali.plebania.hu\/wp-content\/uploads\/2021\/01\/04-2048x1365.jpg 2048w, https:\/\/marcali.plebania.hu\/wp-content\/uploads\/2021\/01\/04-405x270.jpg 405w\" sizes=\"auto, (max-width: 1024px) 100vw, 1024px\" \/><\/figure><\/li><li class=\"blocks-gallery-item\"><figure><img loading=\"lazy\" decoding=\"async\" width=\"1024\" height=\"683\" src=\"https:\/\/marcali.plebania.hu\/wp-content\/uploads\/2021\/01\/05-1024x683.jpg\" alt=\"\" data-id=\"2429\" data-link=\"https:\/\/marcali.plebania.hu\/?attachment_id=2429\" class=\"wp-image-2429\" srcset=\"https:\/\/marcali.plebania.hu\/wp-content\/uploads\/2021\/01\/05-1024x683.jpg 1024w, https:\/\/marcali.plebania.hu\/wp-content\/uploads\/2021\/01\/05-300x200.jpg 300w, https:\/\/marcali.plebania.hu\/wp-content\/uploads\/2021\/01\/05-768x512.jpg 768w, https:\/\/marcali.plebania.hu\/wp-content\/uploads\/2021\/01\/05-1536x1024.jpg 1536w, https:\/\/marcali.plebania.hu\/wp-content\/uploads\/2021\/01\/05-2048x1365.jpg 2048w, https:\/\/marcali.plebania.hu\/wp-content\/uploads\/2021\/01\/05-405x270.jpg 405w\" sizes=\"auto, (max-width: 1024px) 100vw, 1024px\" \/><\/figure><\/li><li class=\"blocks-gallery-item\"><figure><img loading=\"lazy\" decoding=\"async\" width=\"1024\" height=\"683\" src=\"https:\/\/marcali.plebania.hu\/wp-content\/uploads\/2021\/01\/01-1024x683.jpg\" alt=\"\" data-id=\"2430\" data-link=\"https:\/\/marcali.plebania.hu\/?attachment_id=2430\" class=\"wp-image-2430\" srcset=\"https:\/\/marcali.plebania.hu\/wp-content\/uploads\/2021\/01\/01-1024x683.jpg 1024w, https:\/\/marcali.plebania.hu\/wp-content\/uploads\/2021\/01\/01-300x200.jpg 300w, https:\/\/marcali.plebania.hu\/wp-content\/uploads\/2021\/01\/01-768x512.jpg 768w, https:\/\/marcali.plebania.hu\/wp-content\/uploads\/2021\/01\/01-1536x1024.jpg 1536w, https:\/\/marcali.plebania.hu\/wp-content\/uploads\/2021\/01\/01-2048x1365.jpg 2048w, https:\/\/marcali.plebania.hu\/wp-content\/uploads\/2021\/01\/01-405x270.jpg 405w\" sizes=\"auto, (max-width: 1024px) 100vw, 1024px\" \/><\/figure><\/li><li class=\"blocks-gallery-item\"><figure><img loading=\"lazy\" decoding=\"async\" width=\"1024\" height=\"683\" src=\"https:\/\/marcali.plebania.hu\/wp-content\/uploads\/2021\/01\/02-1024x683.jpg\" alt=\"\" data-id=\"2431\" data-full-url=\"https:\/\/marcali.plebania.hu\/wp-content\/uploads\/2021\/01\/02-scaled.jpg\" data-link=\"https:\/\/marcali.plebania.hu\/?attachment_id=2431\" class=\"wp-image-2431\" srcset=\"https:\/\/marcali.plebania.hu\/wp-content\/uploads\/2021\/01\/02-1024x683.jpg 1024w, https:\/\/marcali.plebania.hu\/wp-content\/uploads\/2021\/01\/02-300x200.jpg 300w, https:\/\/marcali.plebania.hu\/wp-content\/uploads\/2021\/01\/02-768x512.jpg 768w, https:\/\/marcali.plebania.hu\/wp-content\/uploads\/2021\/01\/02-1536x1024.jpg 1536w, https:\/\/marcali.plebania.hu\/wp-content\/uploads\/2021\/01\/02-2048x1365.jpg 2048w, https:\/\/marcali.plebania.hu\/wp-content\/uploads\/2021\/01\/02-405x270.jpg 405w\" sizes=\"auto, (max-width: 1024px) 100vw, 1024px\" \/><\/figure><\/li><\/ul><\/figure>\n\n\n\n<p>A felv\u00e9telek k\u00e9t k\u00fcl\u00f6n\u00e1ll\u00f3 teremben zajlottak. Az egyikben C. T\u00f3th Zolt\u00e1n k\u00e9rdezte Iv\u00e1n aty\u00e1t az egyh\u00e1zk\u00f6zs\u00e9g jelen\u00e9r\u0151l, m\u00faltj\u00e1r\u00f3l, a templomokr\u00f3l \u00e9s a k\u00fcl\u00f6nf\u00e9le k\u00f6z\u00f6ss\u00e9gekr\u0151l. Rajta k\u00edv\u00fcl Kozma Kriszti\u00e1n, Radn\u00f3ti-diplom\u00e1s versmond\u00f3 is k\u00f6zrem\u0171k\u00f6d\u00f6tt, aki S\u00edk S\u00e1ndor (1889-1963) piarista tan\u00e1r, k\u00f6lt\u0151 alkot\u00e1saib\u00f3l szavalt el kett\u0151 verset, melyeket a m\u00e1sodik vil\u00e1gh\u00e1bor\u00fa ut\u00e1n \u00e9ppen Marcaliban \u00edrt. Majd Kiss K\u00e1lm\u00e1n irodavezet\u0151-t\u00f6rt\u00e9n\u00e9sz pedig a pl\u00e9b\u00e1niatemplom r\u00f6vid t\u00f6rt\u00e9net\u00e9t mutatta be az els\u0151 okleveles eml\u00edt\u00e9st\u0151l a XX. sz\u00e1zadig.<\/p>\n\n\n\n<figure class=\"wp-block-gallery columns-3 is-cropped wp-block-gallery-4 is-layout-flex wp-block-gallery-is-layout-flex\"><ul class=\"blocks-gallery-grid\"><li class=\"blocks-gallery-item\"><figure><img loading=\"lazy\" decoding=\"async\" width=\"1024\" height=\"683\" src=\"https:\/\/marcali.plebania.hu\/wp-content\/uploads\/2021\/01\/09-1024x683.jpg\" alt=\"\" data-id=\"2424\" data-link=\"https:\/\/marcali.plebania.hu\/?attachment_id=2424\" class=\"wp-image-2424\" srcset=\"https:\/\/marcali.plebania.hu\/wp-content\/uploads\/2021\/01\/09-1024x683.jpg 1024w, https:\/\/marcali.plebania.hu\/wp-content\/uploads\/2021\/01\/09-300x200.jpg 300w, https:\/\/marcali.plebania.hu\/wp-content\/uploads\/2021\/01\/09-768x512.jpg 768w, https:\/\/marcali.plebania.hu\/wp-content\/uploads\/2021\/01\/09-1536x1024.jpg 1536w, https:\/\/marcali.plebania.hu\/wp-content\/uploads\/2021\/01\/09-2048x1365.jpg 2048w, https:\/\/marcali.plebania.hu\/wp-content\/uploads\/2021\/01\/09-405x270.jpg 405w\" sizes=\"auto, (max-width: 1024px) 100vw, 1024px\" \/><\/figure><\/li><li class=\"blocks-gallery-item\"><figure><img loading=\"lazy\" decoding=\"async\" width=\"1024\" height=\"683\" src=\"https:\/\/marcali.plebania.hu\/wp-content\/uploads\/2021\/01\/08-1024x683.jpg\" alt=\"\" data-id=\"2425\" data-link=\"https:\/\/marcali.plebania.hu\/?attachment_id=2425\" class=\"wp-image-2425\" srcset=\"https:\/\/marcali.plebania.hu\/wp-content\/uploads\/2021\/01\/08-1024x683.jpg 1024w, https:\/\/marcali.plebania.hu\/wp-content\/uploads\/2021\/01\/08-300x200.jpg 300w, https:\/\/marcali.plebania.hu\/wp-content\/uploads\/2021\/01\/08-768x512.jpg 768w, https:\/\/marcali.plebania.hu\/wp-content\/uploads\/2021\/01\/08-1536x1024.jpg 1536w, https:\/\/marcali.plebania.hu\/wp-content\/uploads\/2021\/01\/08-2048x1365.jpg 2048w, https:\/\/marcali.plebania.hu\/wp-content\/uploads\/2021\/01\/08-405x270.jpg 405w\" sizes=\"auto, (max-width: 1024px) 100vw, 1024px\" \/><\/figure><\/li><li class=\"blocks-gallery-item\"><figure><img loading=\"lazy\" decoding=\"async\" width=\"1024\" height=\"683\" src=\"https:\/\/marcali.plebania.hu\/wp-content\/uploads\/2021\/01\/03-1024x683.jpg\" alt=\"\" data-id=\"2426\" data-link=\"https:\/\/marcali.plebania.hu\/?attachment_id=2426\" class=\"wp-image-2426\" srcset=\"https:\/\/marcali.plebania.hu\/wp-content\/uploads\/2021\/01\/03-1024x683.jpg 1024w, https:\/\/marcali.plebania.hu\/wp-content\/uploads\/2021\/01\/03-300x200.jpg 300w, https:\/\/marcali.plebania.hu\/wp-content\/uploads\/2021\/01\/03-768x512.jpg 768w, https:\/\/marcali.plebania.hu\/wp-content\/uploads\/2021\/01\/03-1536x1024.jpg 1536w, https:\/\/marcali.plebania.hu\/wp-content\/uploads\/2021\/01\/03-2048x1365.jpg 2048w, https:\/\/marcali.plebania.hu\/wp-content\/uploads\/2021\/01\/03-405x270.jpg 405w\" sizes=\"auto, (max-width: 1024px) 100vw, 1024px\" \/><\/figure><\/li><li class=\"blocks-gallery-item\"><figure><img loading=\"lazy\" decoding=\"async\" width=\"1024\" height=\"683\" src=\"https:\/\/marcali.plebania.hu\/wp-content\/uploads\/2021\/01\/07-1024x683.jpg\" alt=\"\" data-id=\"2427\" data-full-url=\"https:\/\/marcali.plebania.hu\/wp-content\/uploads\/2021\/01\/07-scaled.jpg\" data-link=\"https:\/\/marcali.plebania.hu\/?attachment_id=2427\" class=\"wp-image-2427\" srcset=\"https:\/\/marcali.plebania.hu\/wp-content\/uploads\/2021\/01\/07-1024x683.jpg 1024w, https:\/\/marcali.plebania.hu\/wp-content\/uploads\/2021\/01\/07-300x200.jpg 300w, https:\/\/marcali.plebania.hu\/wp-content\/uploads\/2021\/01\/07-768x512.jpg 768w, https:\/\/marcali.plebania.hu\/wp-content\/uploads\/2021\/01\/07-1536x1024.jpg 1536w, https:\/\/marcali.plebania.hu\/wp-content\/uploads\/2021\/01\/07-2048x1365.jpg 2048w, https:\/\/marcali.plebania.hu\/wp-content\/uploads\/2021\/01\/07-405x270.jpg 405w\" sizes=\"auto, (max-width: 1024px) 100vw, 1024px\" \/><\/figure><\/li><\/ul><\/figure>\n\n\n\n<p>Ezalatt az X-h\u00e1z nagyterm\u00e9ben Csengei \u00c1gota \u201eSz\u00edvvel L\u00e9lekkel\u201d c\u00edm\u0171 m\u0171sor\u00e1hoz is felvett\u00e9k a sz\u00fcks\u00e9ges riportokat. A k\u00f3rh\u00e1z-pasztor\u00e1ci\u00f3s tev\u00e9kenys\u00e9gr\u0151l J\u00e1ki Zolt\u00e1n osztotta meg gondolatait, aki elmondta, hogy a koronav\u00edrus-j\u00e1rv\u00e1ny miatt sajnos elmaradtak a heti rendszeres k\u00f3rh\u00e1z-l\u00e1togat\u00e1sok, ez\u00e9rt otthon im\u00e1dkozik \u2013 t\u00e1rsaival egy\u00fctt \u2013 a betegek\u00e9rt. Az \u00f6nk\u00e9ntes karit\u00e1sz munka bemutat\u00e1s\u00e1t J\u00e1ki Zolt\u00e1nn\u00e9 v\u00e1llalta mag\u00e1ra, aki hossz\u00fa ideig a Kaposv\u00e1ri Egyh\u00e1zmegyei Karit\u00e1szt is vezette \u00e9s sok \u00e9lelmiszer-seg\u00e9lysz\u00e1ll\u00edtm\u00e1ny sz\u00e9toszt\u00e1s\u00e1r\u00f3l is gondoskodott megyeszerte \u00e9s helyben is. Ezut\u00e1n Markovics J\u00e1nosn\u00e9 az imak\u00f6r\u00f6s m\u0171k\u00f6d\u00e9s sokf\u00e9les\u00e9g\u00e9r\u0151l, a k\u00fcl\u00f6nf\u00e9le imacsoportokr\u00f3l, valamint az eddigi k\u00fcl- \u00e9s belf\u00f6ldi zar\u00e1ndoklatokr\u00f3l besz\u00e9lt a riporternek.<\/p>\n\n\n\n<figure class=\"wp-block-gallery columns-3 is-cropped wp-block-gallery-5 is-layout-flex wp-block-gallery-is-layout-flex\"><ul class=\"blocks-gallery-grid\"><li class=\"blocks-gallery-item\"><figure><img loading=\"lazy\" decoding=\"async\" width=\"1024\" height=\"683\" src=\"https:\/\/marcali.plebania.hu\/wp-content\/uploads\/2021\/01\/10-1024x683.jpg\" alt=\"\" data-id=\"2432\" data-link=\"https:\/\/marcali.plebania.hu\/?attachment_id=2432\" class=\"wp-image-2432\" srcset=\"https:\/\/marcali.plebania.hu\/wp-content\/uploads\/2021\/01\/10-1024x683.jpg 1024w, https:\/\/marcali.plebania.hu\/wp-content\/uploads\/2021\/01\/10-300x200.jpg 300w, https:\/\/marcali.plebania.hu\/wp-content\/uploads\/2021\/01\/10-768x512.jpg 768w, https:\/\/marcali.plebania.hu\/wp-content\/uploads\/2021\/01\/10-1536x1024.jpg 1536w, https:\/\/marcali.plebania.hu\/wp-content\/uploads\/2021\/01\/10-2048x1365.jpg 2048w, https:\/\/marcali.plebania.hu\/wp-content\/uploads\/2021\/01\/10-405x270.jpg 405w\" sizes=\"auto, (max-width: 1024px) 100vw, 1024px\" \/><\/figure><\/li><li class=\"blocks-gallery-item\"><figure><img loading=\"lazy\" decoding=\"async\" width=\"1024\" height=\"683\" src=\"https:\/\/marcali.plebania.hu\/wp-content\/uploads\/2021\/01\/11-1024x683.jpg\" alt=\"\" data-id=\"2433\" data-link=\"https:\/\/marcali.plebania.hu\/?attachment_id=2433\" class=\"wp-image-2433\" srcset=\"https:\/\/marcali.plebania.hu\/wp-content\/uploads\/2021\/01\/11-1024x683.jpg 1024w, https:\/\/marcali.plebania.hu\/wp-content\/uploads\/2021\/01\/11-300x200.jpg 300w, https:\/\/marcali.plebania.hu\/wp-content\/uploads\/2021\/01\/11-768x512.jpg 768w, https:\/\/marcali.plebania.hu\/wp-content\/uploads\/2021\/01\/11-1536x1024.jpg 1536w, https:\/\/marcali.plebania.hu\/wp-content\/uploads\/2021\/01\/11-2048x1365.jpg 2048w, https:\/\/marcali.plebania.hu\/wp-content\/uploads\/2021\/01\/11-405x270.jpg 405w\" sizes=\"auto, (max-width: 1024px) 100vw, 1024px\" \/><\/figure><\/li><li class=\"blocks-gallery-item\"><figure><img loading=\"lazy\" decoding=\"async\" width=\"1024\" height=\"683\" src=\"https:\/\/marcali.plebania.hu\/wp-content\/uploads\/2021\/01\/12-1024x683.jpg\" alt=\"\" data-id=\"2434\" data-link=\"https:\/\/marcali.plebania.hu\/?attachment_id=2434\" class=\"wp-image-2434\" srcset=\"https:\/\/marcali.plebania.hu\/wp-content\/uploads\/2021\/01\/12-1024x683.jpg 1024w, https:\/\/marcali.plebania.hu\/wp-content\/uploads\/2021\/01\/12-300x200.jpg 300w, https:\/\/marcali.plebania.hu\/wp-content\/uploads\/2021\/01\/12-768x512.jpg 768w, https:\/\/marcali.plebania.hu\/wp-content\/uploads\/2021\/01\/12-1536x1024.jpg 1536w, https:\/\/marcali.plebania.hu\/wp-content\/uploads\/2021\/01\/12-2048x1365.jpg 2048w, https:\/\/marcali.plebania.hu\/wp-content\/uploads\/2021\/01\/12-405x270.jpg 405w\" sizes=\"auto, (max-width: 1024px) 100vw, 1024px\" \/><\/figure><\/li><li class=\"blocks-gallery-item\"><figure><img loading=\"lazy\" decoding=\"async\" width=\"1024\" height=\"683\" src=\"https:\/\/marcali.plebania.hu\/wp-content\/uploads\/2021\/01\/14-1024x683.jpg\" alt=\"\" data-id=\"2435\" data-full-url=\"https:\/\/marcali.plebania.hu\/wp-content\/uploads\/2021\/01\/14-scaled.jpg\" data-link=\"https:\/\/marcali.plebania.hu\/?attachment_id=2435\" class=\"wp-image-2435\" srcset=\"https:\/\/marcali.plebania.hu\/wp-content\/uploads\/2021\/01\/14-1024x683.jpg 1024w, https:\/\/marcali.plebania.hu\/wp-content\/uploads\/2021\/01\/14-300x200.jpg 300w, https:\/\/marcali.plebania.hu\/wp-content\/uploads\/2021\/01\/14-768x512.jpg 768w, https:\/\/marcali.plebania.hu\/wp-content\/uploads\/2021\/01\/14-1536x1024.jpg 1536w, https:\/\/marcali.plebania.hu\/wp-content\/uploads\/2021\/01\/14-2048x1365.jpg 2048w, https:\/\/marcali.plebania.hu\/wp-content\/uploads\/2021\/01\/14-405x270.jpg 405w\" sizes=\"auto, (max-width: 1024px) 100vw, 1024px\" \/><\/figure><\/li><\/ul><\/figure>\n\n\n\n<p>A\nhitoktat\u00f3k r\u00e9sz\u00e9r\u0151l dr. Gyulain\u00e9 Domj\u00e1n Zsuzsanna \u00e9s Tombor Erzs\u00e9bet nyilatkoztak\na hittan jelenlegi helyzet\u00e9r\u0151l, rejtelmeir\u0151l, a v\u00e1ltozatos gyermek-programokr\u00f3l.\nMajd dr. Gyulai Botond akolitus, a pl\u00e9b\u00e1nost seg\u00edt\u0151 munk\u00e1j\u00e1r\u00f3l sz\u00f3lt n\u00e9h\u00e1ny mondatot,\nde besz\u00e9lt az igeliturgi\u00e1r\u00f3l, tov\u00e1bb\u00e1 a feles\u00e9g\u00e9vel egy\u00fctt a kereszt\u00e9ny\ncsal\u00e1dosoknak sz\u00e1nt csoport l\u00e9trehoz\u00e1s\u00e1r\u00f3l is elmondt\u00e1k terveiket, melyek\nmegval\u00f3s\u00edt\u00e1s\u00e1t sajnos a pand\u00e9mia-helyzet eddig meghi\u00fas\u00edtotta. Ut\u00e1nuk Gelencs\u00e9r\nR\u00f3bert vil\u00e1gi eln\u00f6k k\u00f6vetkezett, aki a megtisztel\u0151 szolg\u00e1lat\u00e1r\u00f3l, munk\u00e1j\u00e1r\u00f3l \u00e9s\naz egyh\u00e1zk\u00f6zs\u00e9gi legfontosabb programok ismertet\u00e9s\u00e9r\u0151l, szervez\u00e9s\u00e9r\u0151l,\nlebonyol\u00edt\u00e1s\u00e1r\u00f3l nyilatkozott. V\u00e9g\u00fcl a F\u00e9ny Gyermekei Zenekar a megalakul\u00e1s\u00e1r\u00f3l,\ntev\u00e9kenys\u00e9g\u00e9r\u0151l S\u00e1gv\u00e1ri R\u00f3bert, Szab\u00f3 Andrea \u00e9s J\u00e1ki Zolt\u00e1n adtak \u00edzel\u00edt\u0151t\nkerekasztal-besz\u00e9lget\u00e9s form\u00e1j\u00e1ban. <\/p>\n\n\n\n<p>A riport-m\u0171sorban az \u201e\u00c9nekl\u0151 \u00c9let\u201d rovat \u2013 a r\u00e1di\u00f3 vall\u00e1si ind\u00edttat\u00e1s\u00e1n\u00e1l fogva \u2013 term\u00e9szetesen a liturgi\u00e1val, a szentmis\u00e9vel is szervesen foglalkozik. \u00c9ppen ez\u00e9rt Iv\u00e1n atya a szentmise \u00e9rt\u00e9keir\u0151l, jelent\u0151s\u00e9g\u00e9r\u0151l is megoszthatta gondolatait. Ezen k\u00edv\u00fcl a riporter felvetette m\u00e9g, azt a fogas k\u00e9rd\u00e9st is, hogy mi\u00e9rt \u201e\u00e9rdemes\u201d istentiszteletre j\u00e1rni.<\/p>\n\n\n\n<figure class=\"wp-block-gallery columns-3 is-cropped wp-block-gallery-6 is-layout-flex wp-block-gallery-is-layout-flex\"><ul class=\"blocks-gallery-grid\"><li class=\"blocks-gallery-item\"><figure><img loading=\"lazy\" decoding=\"async\" width=\"1024\" height=\"683\" src=\"https:\/\/marcali.plebania.hu\/wp-content\/uploads\/2021\/01\/15-1024x683.jpg\" alt=\"\" data-id=\"2436\" data-link=\"https:\/\/marcali.plebania.hu\/?attachment_id=2436\" class=\"wp-image-2436\" srcset=\"https:\/\/marcali.plebania.hu\/wp-content\/uploads\/2021\/01\/15-1024x683.jpg 1024w, https:\/\/marcali.plebania.hu\/wp-content\/uploads\/2021\/01\/15-300x200.jpg 300w, https:\/\/marcali.plebania.hu\/wp-content\/uploads\/2021\/01\/15-768x512.jpg 768w, https:\/\/marcali.plebania.hu\/wp-content\/uploads\/2021\/01\/15-1536x1024.jpg 1536w, https:\/\/marcali.plebania.hu\/wp-content\/uploads\/2021\/01\/15-2048x1365.jpg 2048w, https:\/\/marcali.plebania.hu\/wp-content\/uploads\/2021\/01\/15-405x270.jpg 405w\" sizes=\"auto, (max-width: 1024px) 100vw, 1024px\" \/><\/figure><\/li><li class=\"blocks-gallery-item\"><figure><img loading=\"lazy\" decoding=\"async\" width=\"1024\" height=\"683\" src=\"https:\/\/marcali.plebania.hu\/wp-content\/uploads\/2021\/01\/17-1024x683.jpg\" alt=\"\" data-id=\"2437\" data-full-url=\"https:\/\/marcali.plebania.hu\/wp-content\/uploads\/2021\/01\/17-scaled.jpg\" data-link=\"https:\/\/marcali.plebania.hu\/?attachment_id=2437\" class=\"wp-image-2437\" srcset=\"https:\/\/marcali.plebania.hu\/wp-content\/uploads\/2021\/01\/17-1024x683.jpg 1024w, https:\/\/marcali.plebania.hu\/wp-content\/uploads\/2021\/01\/17-300x200.jpg 300w, https:\/\/marcali.plebania.hu\/wp-content\/uploads\/2021\/01\/17-768x512.jpg 768w, https:\/\/marcali.plebania.hu\/wp-content\/uploads\/2021\/01\/17-1536x1024.jpg 1536w, https:\/\/marcali.plebania.hu\/wp-content\/uploads\/2021\/01\/17-2048x1365.jpg 2048w, https:\/\/marcali.plebania.hu\/wp-content\/uploads\/2021\/01\/17-405x270.jpg 405w\" sizes=\"auto, (max-width: 1024px) 100vw, 1024px\" \/><\/figure><\/li><li class=\"blocks-gallery-item\"><figure><img loading=\"lazy\" decoding=\"async\" width=\"1024\" height=\"683\" src=\"https:\/\/marcali.plebania.hu\/wp-content\/uploads\/2021\/01\/18-1024x683.jpg\" alt=\"\" data-id=\"2438\" data-full-url=\"https:\/\/marcali.plebania.hu\/wp-content\/uploads\/2021\/01\/18-scaled.jpg\" data-link=\"https:\/\/marcali.plebania.hu\/?attachment_id=2438\" class=\"wp-image-2438\" srcset=\"https:\/\/marcali.plebania.hu\/wp-content\/uploads\/2021\/01\/18-1024x683.jpg 1024w, https:\/\/marcali.plebania.hu\/wp-content\/uploads\/2021\/01\/18-300x200.jpg 300w, https:\/\/marcali.plebania.hu\/wp-content\/uploads\/2021\/01\/18-768x512.jpg 768w, https:\/\/marcali.plebania.hu\/wp-content\/uploads\/2021\/01\/18-1536x1024.jpg 1536w, https:\/\/marcali.plebania.hu\/wp-content\/uploads\/2021\/01\/18-2048x1365.jpg 2048w, https:\/\/marcali.plebania.hu\/wp-content\/uploads\/2021\/01\/18-405x270.jpg 405w\" sizes=\"auto, (max-width: 1024px) 100vw, 1024px\" \/><\/figure><\/li><li class=\"blocks-gallery-item\"><figure><img loading=\"lazy\" decoding=\"async\" width=\"1024\" height=\"683\" src=\"https:\/\/marcali.plebania.hu\/wp-content\/uploads\/2021\/01\/19-1024x683.jpg\" alt=\"\" data-id=\"2439\" data-full-url=\"https:\/\/marcali.plebania.hu\/wp-content\/uploads\/2021\/01\/19-scaled.jpg\" data-link=\"https:\/\/marcali.plebania.hu\/?attachment_id=2439\" class=\"wp-image-2439\" srcset=\"https:\/\/marcali.plebania.hu\/wp-content\/uploads\/2021\/01\/19-1024x683.jpg 1024w, https:\/\/marcali.plebania.hu\/wp-content\/uploads\/2021\/01\/19-300x200.jpg 300w, https:\/\/marcali.plebania.hu\/wp-content\/uploads\/2021\/01\/19-768x512.jpg 768w, https:\/\/marcali.plebania.hu\/wp-content\/uploads\/2021\/01\/19-1536x1024.jpg 1536w, https:\/\/marcali.plebania.hu\/wp-content\/uploads\/2021\/01\/19-2048x1365.jpg 2048w, https:\/\/marcali.plebania.hu\/wp-content\/uploads\/2021\/01\/19-405x270.jpg 405w\" sizes=\"auto, (max-width: 1024px) 100vw, 1024px\" \/><\/figure><\/li><\/ul><\/figure>\n\n\n\n<p>Majd\nezut\u00e1n felolvasta az \u00c9vk\u00f6zi 3. vas\u00e1rnap evang\u00e9lium\u00e1t \u00e9s ahhoz egy kis lelki\n\u00fatraval\u00f3t is adott. A vas\u00e1rnapi szentmise \u2013 a F\u00e9ny Gyermekei Zenekar dalaival\negy\u00fctt \u2013 szint\u00e9n r\u00f6gz\u00edt\u00e9sre ker\u00fcl majd \u00e9s a r\u00e1di\u00f3s tervek szerint az\n\u00f6ssze\u00e1ll\u00edt\u00e1s 2021. janu\u00e1r 23-24-\u00e9n d\u00e9lut\u00e1n lesz majd hallhat\u00f3 a M\u00e1ria R\u00e1di\u00f3 st\u00fadi\u00f3j\u00e1b\u00f3l.<\/p>\n\n\n\n<p>A\nmarcaliak \u00e9s a k\u00f6rny\u00e9kbeliek a Keszthely FM 93.4 frekvenci\u00e1j\u00e1n tudj\u00e1k\nmeghallgatni. Ezen k\u00edv\u00fcl az interneten kereszt\u00fcl is, a <a href=\"http:\/\/www.mariaradio.hu\">www.mariaradio.hu<\/a> oldalon az Online r\u00e1di\u00f3 hallgat\u00e1s men\u00fcpont alatt lesz\nel\u00e9rhet\u0151 az ad\u00e1s. Akik esetleg lemaradn\u00e1nak r\u00f3la, \u0151k a fenti honlapon a\nM\u0171soraink arch\u00edvuma men\u00fcpont alatt ut\u00f3lag is visszahallgathatj\u00e1k majd a teljes\nm\u0171sort.<\/p>\n","protected":false},"excerpt":{"rendered":"<p>2021. janu\u00e1r 18-\u00e1n este a M\u00e1ria R\u00e1di\u00f3 Helikon keszthelyi \u00f6nk\u00e9ntes munkat\u00e1rsai Marcaliba l\u00e1togattak, hogy a R\u00f3mai Katolikus Egyh\u00e1zk\u00f6zs\u00e9g \u00e9let\u00e9r\u0151l egy terjedelmes riport-m\u0171sort k\u00e9sz\u00edtsenek. A vend\u00e9geket az egyh\u00e1zk\u00f6zs\u00e9g k\u00f6z\u00f6ss\u00e9gi h\u00e1z\u00e1ban (X-h\u00e1zban) Kiss Iv\u00e1n c. pr\u00e9post, esperes-pl\u00e9b\u00e1nos \u00e9s Gelencs\u00e9r R\u00f3bert vil\u00e1gi eln\u00f6k fogadta. A felv\u00e9telek elk\u00e9sz\u00edt\u00e9s\u00e9hez megh\u00edvt\u00e1k a pl\u00e9b\u00e1nia \u00e9let\u00e9ben akt\u00edvan r\u00e9sztvev\u0151ket, a hitoktat\u00f3kat, a k\u00f6z\u00f6ss\u00e9gek, valamint a F\u00e9ny Gyermekei Zenekar k\u00e9pvisel\u0151it, hogy mindenki bemutathassa imak\u00f6z\u00f6ss\u00e9g\u00e9t, vagy az \u00e1ltala k\u00e9pviselt csoportj\u00e1t. Ez a \u201ehang-k\u00e9pes\u201d \u00f6ssze\u00e1ll\u00edt\u00e1s az\u00e9rt is k\u00fcl\u00f6n\u00f6sen aktu\u00e1lis, mivel a Marcali&#8230;<\/p>\n<p class=\"read-more\"><a class=\"btn btn-default\" href=\"https:\/\/marcali.plebania.hu\/?p=2422\"> Read More<span class=\"screen-reader-text\">  Read More<\/span><\/a><\/p>\n","protected":false},"author":2,"featured_media":0,"comment_status":"closed","ping_status":"open","sticky":false,"template":"","format":"standard","meta":{"footnotes":""},"categories":[1],"tags":[],"class_list":["post-2422","post","type-post","status-publish","format-standard","hentry","category-egyeb"],"_links":{"self":[{"href":"https:\/\/marcali.plebania.hu\/index.php?rest_route=\/wp\/v2\/posts\/2422","targetHints":{"allow":["GET"]}}],"collection":[{"href":"https:\/\/marcali.plebania.hu\/index.php?rest_route=\/wp\/v2\/posts"}],"about":[{"href":"https:\/\/marcali.plebania.hu\/index.php?rest_route=\/wp\/v2\/types\/post"}],"author":[{"embeddable":true,"href":"https:\/\/marcali.plebania.hu\/index.php?rest_route=\/wp\/v2\/users\/2"}],"replies":[{"embeddable":true,"href":"https:\/\/marcali.plebania.hu\/index.php?rest_route=%2Fwp%2Fv2%2Fcomments&post=2422"}],"version-history":[{"count":1,"href":"https:\/\/marcali.plebania.hu\/index.php?rest_route=\/wp\/v2\/posts\/2422\/revisions"}],"predecessor-version":[{"id":2441,"href":"https:\/\/marcali.plebania.hu\/index.php?rest_route=\/wp\/v2\/posts\/2422\/revisions\/2441"}],"wp:attachment":[{"href":"https:\/\/marcali.plebania.hu\/index.php?rest_route=%2Fwp%2Fv2%2Fmedia&parent=2422"}],"wp:term":[{"taxonomy":"category","embeddable":true,"href":"https:\/\/marcali.plebania.hu\/index.php?rest_route=%2Fwp%2Fv2%2Fcategories&post=2422"},{"taxonomy":"post_tag","embeddable":true,"href":"https:\/\/marcali.plebania.hu\/index.php?rest_route=%2Fwp%2Fv2%2Ftags&post=2422"}],"curies":[{"name":"wp","href":"https:\/\/api.w.org\/{rel}","templated":true}]}}