{"id":244,"date":"2018-05-17T14:32:25","date_gmt":"2018-05-17T14:32:25","guid":{"rendered":"https:\/\/marcali.plebania.hu\/?p=244"},"modified":"2018-05-17T14:32:25","modified_gmt":"2018-05-17T14:32:25","slug":"hirdetesek-2018-05-20","status":"publish","type":"post","link":"https:\/\/marcali.plebania.hu\/?p=244","title":{"rendered":"Hirdet\u00e9sek, 2018. 05. 20."},"content":{"rendered":"<ol>\n<li>Ma van P\u00fcnk\u00f6sd \u00fcnnepe.<\/li>\n<li>P\u00fcnk\u00f6sd h\u00e9tf\u0151n szentmise a pl\u00e9b\u00e1niatemplomban 9 \u00f3rakor \u00e9s Biz\u00e9n 11 \u00f3rakor.<\/li>\n<li>J\u00f6v\u0151 h\u00e9ten, p\u00e9nteken d\u00e9lben ism\u00e9t Marcalib\u00f3l, a Gy\u00fcm\u00f6lcsolt\u00f3 Boldogasszony pl\u00e9b\u00e1niatemplomb\u00f3l sz\u00f3l a d\u00e9li harangsz\u00f3.<\/li>\n<li>A j\u00f6v\u0151 h\u00e9ten, p\u00e9nteken 14 \u00f3rakor az els\u0151\u00e1ldoz\u00e1s f\u0151pr\u00f3b\u00e1ja.<\/li>\n<li>Szombaton az Egyh\u00e1zmegye \u00fcnnepe, megalap\u00edt\u00e1s\u00e1nak 25. \u00e9vfordul\u00f3ja: 10 \u00f3ra 30-kor Erd\u0151 P\u00e9ter b\u00edboros vezet\u00e9s\u00e9vel \u00fcnnepi szentmise a kaposv\u00e1ri sz\u00e9kesegyh\u00e1zban, d\u00e9lut\u00e1n ifj\u00fas\u00e1gi, gyermek, \u00e9s csal\u00e1di programok.<\/li>\n<li>J\u00f6v\u0151 vas\u00e1rnap 10 \u00f3rakor a H\u0151s\u00f6k ter\u00e9n az els\u0151 vil\u00e1gh\u00e1bor\u00fas eml\u00e9km\u0171n\u00e9l H\u0151s\u00f6k napi \u00fcnneps\u00e9g.<\/li>\n<li>J\u00f6v\u0151 vas\u00e1rnap 11 \u00f3rakor \u00fcnnepi szentmise az Orb\u00e1n k\u00e1poln\u00e1n\u00e1l.<\/li>\n<\/ol>\n","protected":false},"excerpt":{"rendered":"<p>Ma van P\u00fcnk\u00f6sd \u00fcnnepe. P\u00fcnk\u00f6sd h\u00e9tf\u0151n szentmise a pl\u00e9b\u00e1niatemplomban 9 \u00f3rakor \u00e9s Biz\u00e9n 11 \u00f3rakor. J\u00f6v\u0151 h\u00e9ten, p\u00e9nteken d\u00e9lben ism\u00e9t Marcalib\u00f3l, a Gy\u00fcm\u00f6lcsolt\u00f3 Boldogasszony pl\u00e9b\u00e1niatemplomb\u00f3l sz\u00f3l a d\u00e9li harangsz\u00f3. A j\u00f6v\u0151 h\u00e9ten, p\u00e9nteken 14 \u00f3rakor az els\u0151\u00e1ldoz\u00e1s f\u0151pr\u00f3b\u00e1ja. Szombaton az Egyh\u00e1zmegye \u00fcnnepe, megalap\u00edt\u00e1s\u00e1nak 25. \u00e9vfordul\u00f3ja: 10 \u00f3ra 30-kor Erd\u0151 P\u00e9ter b\u00edboros vezet\u00e9s\u00e9vel \u00fcnnepi szentmise a kaposv\u00e1ri sz\u00e9kesegyh\u00e1zban, d\u00e9lut\u00e1n ifj\u00fas\u00e1gi, gyermek, \u00e9s csal\u00e1di programok. J\u00f6v\u0151 vas\u00e1rnap 10 \u00f3rakor a H\u0151s\u00f6k ter\u00e9n az els\u0151 vil\u00e1gh\u00e1bor\u00fas eml\u00e9km\u0171n\u00e9l H\u0151s\u00f6k napi \u00fcnneps\u00e9g. J\u00f6v\u0151 vas\u00e1rnap 11&#8230;<\/p>\n<p class=\"read-more\"><a class=\"btn btn-default\" href=\"https:\/\/marcali.plebania.hu\/?p=244\"> Read More<span class=\"screen-reader-text\">  Read More<\/span><\/a><\/p>\n","protected":false},"author":2,"featured_media":0,"comment_status":"closed","ping_status":"open","sticky":false,"template":"","format":"standard","meta":{"footnotes":""},"categories":[1],"tags":[],"class_list":["post-244","post","type-post","status-publish","format-standard","hentry","category-egyeb"],"_links":{"self":[{"href":"https:\/\/marcali.plebania.hu\/index.php?rest_route=\/wp\/v2\/posts\/244","targetHints":{"allow":["GET"]}}],"collection":[{"href":"https:\/\/marcali.plebania.hu\/index.php?rest_route=\/wp\/v2\/posts"}],"about":[{"href":"https:\/\/marcali.plebania.hu\/index.php?rest_route=\/wp\/v2\/types\/post"}],"author":[{"embeddable":true,"href":"https:\/\/marcali.plebania.hu\/index.php?rest_route=\/wp\/v2\/users\/2"}],"replies":[{"embeddable":true,"href":"https:\/\/marcali.plebania.hu\/index.php?rest_route=%2Fwp%2Fv2%2Fcomments&post=244"}],"version-history":[{"count":2,"href":"https:\/\/marcali.plebania.hu\/index.php?rest_route=\/wp\/v2\/posts\/244\/revisions"}],"predecessor-version":[{"id":246,"href":"https:\/\/marcali.plebania.hu\/index.php?rest_route=\/wp\/v2\/posts\/244\/revisions\/246"}],"wp:attachment":[{"href":"https:\/\/marcali.plebania.hu\/index.php?rest_route=%2Fwp%2Fv2%2Fmedia&parent=244"}],"wp:term":[{"taxonomy":"category","embeddable":true,"href":"https:\/\/marcali.plebania.hu\/index.php?rest_route=%2Fwp%2Fv2%2Fcategories&post=244"},{"taxonomy":"post_tag","embeddable":true,"href":"https:\/\/marcali.plebania.hu\/index.php?rest_route=%2Fwp%2Fv2%2Ftags&post=244"}],"curies":[{"name":"wp","href":"https:\/\/api.w.org\/{rel}","templated":true}]}}