{"id":2442,"date":"2021-01-22T09:47:23","date_gmt":"2021-01-22T09:47:23","guid":{"rendered":"https:\/\/marcali.plebania.hu\/?p=2442"},"modified":"2021-01-22T09:47:23","modified_gmt":"2021-01-22T09:47:23","slug":"hirdetesek-2021-01-24","status":"publish","type":"post","link":"https:\/\/marcali.plebania.hu\/?p=2442","title":{"rendered":"Hirdet\u00e9sek, 2021. 01. 24."},"content":{"rendered":"\n<ol class=\"wp-block-list\"><li>Ma\nvan az \u00e9vk\u00f6zi 3. vas\u00e1rnap. Ferenc p\u00e1pa rendelkez\u00e9se szerint az Isteni Ige\nvas\u00e1rnapja.<\/li><li>A\nj\u00f6v\u0151 h\u00e9ten, p\u00e9nteken 16.30-kor szents\u00e9gim\u00e1d\u00e1s, 17 \u00f3rakor szentmise.<\/li><li>Szombaton\neste 17 \u00f3rakor szentmise.<\/li><li>Varga\nL\u00e1szl\u00f3 megy\u00e9sp\u00fcsp\u00f6k rendelkez\u00e9se \u00e9rtelm\u00e9ben minden h\u00f3nap els\u0151 vas\u00e1rnapj\u00e1n\nim\u00e1dkoznunk kell az egyh\u00e1zmegy\u00e9ben zajl\u00f3 zsinat\u00e9rt \u00e9s tematikus pr\u00e9dik\u00e1ci\u00f3kat\n\u00edrt el\u0151 a pl\u00e9b\u00e1nosoknak. Mint az elm\u00falt vas\u00e1rnap is hirdettem, hogy a Kaposv\u00e1ri\nEgyh\u00e1zmegye honlapj\u00e1n zsinati k\u00e9rd\u0151\u00edv kit\u00f6lt\u00e9s\u00e9re van lehet\u0151s\u00e9g.<\/li><li>Az\nelm\u00falt h\u00e9ten n\u00e1lunk j\u00e1rtak az X-h\u00e1zban a M\u00e1ria R\u00e1di\u00f3 Helikon keszthelyi st\u00fadi\u00f3j\u00e1nak\nmunkat\u00e1rsai \u00e9s felv\u00e9telt k\u00e9sz\u00edtettek az egyh\u00e1zk\u00f6zs\u00e9g \u00e9let\u00e9r\u0151l. Ezt a m\u0171sort a\nM\u00e1ria R\u00e1di\u00f3 Helikon szombat \u00e9s vas\u00e1rnap d\u00e9lut\u00e1n 16 \u00f3r\u00e1t\u00f3l k\u00f6zvet\u00edti.<\/li><\/ol>\n","protected":false},"excerpt":{"rendered":"<p>Ma van az \u00e9vk\u00f6zi 3. vas\u00e1rnap. Ferenc p\u00e1pa rendelkez\u00e9se szerint az Isteni Ige vas\u00e1rnapja. A j\u00f6v\u0151 h\u00e9ten, p\u00e9nteken 16.30-kor szents\u00e9gim\u00e1d\u00e1s, 17 \u00f3rakor szentmise. Szombaton este 17 \u00f3rakor szentmise. Varga L\u00e1szl\u00f3 megy\u00e9sp\u00fcsp\u00f6k rendelkez\u00e9se \u00e9rtelm\u00e9ben minden h\u00f3nap els\u0151 vas\u00e1rnapj\u00e1n im\u00e1dkoznunk kell az egyh\u00e1zmegy\u00e9ben zajl\u00f3 zsinat\u00e9rt \u00e9s tematikus pr\u00e9dik\u00e1ci\u00f3kat \u00edrt el\u0151 a pl\u00e9b\u00e1nosoknak. Mint az elm\u00falt vas\u00e1rnap is hirdettem, hogy a Kaposv\u00e1ri Egyh\u00e1zmegye honlapj\u00e1n zsinati k\u00e9rd\u0151\u00edv kit\u00f6lt\u00e9s\u00e9re van lehet\u0151s\u00e9g. Az elm\u00falt h\u00e9ten n\u00e1lunk j\u00e1rtak az X-h\u00e1zban a M\u00e1ria R\u00e1di\u00f3 Helikon keszthelyi st\u00fadi\u00f3j\u00e1nak munkat\u00e1rsai&#8230;<\/p>\n<p class=\"read-more\"><a class=\"btn btn-default\" href=\"https:\/\/marcali.plebania.hu\/?p=2442\"> Read More<span class=\"screen-reader-text\">  Read More<\/span><\/a><\/p>\n","protected":false},"author":2,"featured_media":0,"comment_status":"closed","ping_status":"open","sticky":false,"template":"","format":"standard","meta":{"footnotes":""},"categories":[1],"tags":[],"class_list":["post-2442","post","type-post","status-publish","format-standard","hentry","category-egyeb"],"_links":{"self":[{"href":"https:\/\/marcali.plebania.hu\/index.php?rest_route=\/wp\/v2\/posts\/2442","targetHints":{"allow":["GET"]}}],"collection":[{"href":"https:\/\/marcali.plebania.hu\/index.php?rest_route=\/wp\/v2\/posts"}],"about":[{"href":"https:\/\/marcali.plebania.hu\/index.php?rest_route=\/wp\/v2\/types\/post"}],"author":[{"embeddable":true,"href":"https:\/\/marcali.plebania.hu\/index.php?rest_route=\/wp\/v2\/users\/2"}],"replies":[{"embeddable":true,"href":"https:\/\/marcali.plebania.hu\/index.php?rest_route=%2Fwp%2Fv2%2Fcomments&post=2442"}],"version-history":[{"count":1,"href":"https:\/\/marcali.plebania.hu\/index.php?rest_route=\/wp\/v2\/posts\/2442\/revisions"}],"predecessor-version":[{"id":2443,"href":"https:\/\/marcali.plebania.hu\/index.php?rest_route=\/wp\/v2\/posts\/2442\/revisions\/2443"}],"wp:attachment":[{"href":"https:\/\/marcali.plebania.hu\/index.php?rest_route=%2Fwp%2Fv2%2Fmedia&parent=2442"}],"wp:term":[{"taxonomy":"category","embeddable":true,"href":"https:\/\/marcali.plebania.hu\/index.php?rest_route=%2Fwp%2Fv2%2Fcategories&post=2442"},{"taxonomy":"post_tag","embeddable":true,"href":"https:\/\/marcali.plebania.hu\/index.php?rest_route=%2Fwp%2Fv2%2Ftags&post=2442"}],"curies":[{"name":"wp","href":"https:\/\/api.w.org\/{rel}","templated":true}]}}