{"id":2444,"date":"2021-01-29T08:59:33","date_gmt":"2021-01-29T08:59:33","guid":{"rendered":"https:\/\/marcali.plebania.hu\/?p=2444"},"modified":"2021-01-29T08:59:33","modified_gmt":"2021-01-29T08:59:33","slug":"hirdetesek-2021-01-31","status":"publish","type":"post","link":"https:\/\/marcali.plebania.hu\/?p=2444","title":{"rendered":"Hirdet\u00e9sek, 2021. 01. 31."},"content":{"rendered":"\n<ol class=\"wp-block-list\"><li>Ma\nvan az \u00e9vk\u00f6zi 4. vas\u00e1rnap.<\/li><li>Kedden,\nfebru\u00e1r 2-\u00e1n Gyertyaszentel\u0151 Boldogasszony \u00fcnnepe, este 5 \u00f3rakor szentmise\ngyertyaszentel\u00e9ssel.<\/li><li>P\u00e9nteken\nels\u0151 p\u00e9ntek. 16.30-kor szents\u00e9gim\u00e1d\u00e1s, 17 \u00f3rakor b\u0171nb\u00e1nati liturgia \u00e1ltal\u00e1nos\nfeloldoz\u00e1ssal, majd szentmise.<\/li><li>Szombaton\n17 \u00f3rakor szentmise.<\/li><li>J\u00f6v\u0151\nvas\u00e1rnap a szentmis\u00e9ken bal\u00e1zsol\u00e1s a j\u00e1rv\u00e1ny\u00fcgyi int\u00e9zked\u00e9sek betart\u00e1s\u00e1val.<\/li><\/ol>\n","protected":false},"excerpt":{"rendered":"<p>Ma van az \u00e9vk\u00f6zi 4. vas\u00e1rnap. Kedden, febru\u00e1r 2-\u00e1n Gyertyaszentel\u0151 Boldogasszony \u00fcnnepe, este 5 \u00f3rakor szentmise gyertyaszentel\u00e9ssel. P\u00e9nteken els\u0151 p\u00e9ntek. 16.30-kor szents\u00e9gim\u00e1d\u00e1s, 17 \u00f3rakor b\u0171nb\u00e1nati liturgia \u00e1ltal\u00e1nos feloldoz\u00e1ssal, majd szentmise. Szombaton 17 \u00f3rakor szentmise. J\u00f6v\u0151 vas\u00e1rnap a szentmis\u00e9ken bal\u00e1zsol\u00e1s a j\u00e1rv\u00e1ny\u00fcgyi int\u00e9zked\u00e9sek betart\u00e1s\u00e1val.<\/p>\n","protected":false},"author":2,"featured_media":0,"comment_status":"closed","ping_status":"open","sticky":false,"template":"","format":"standard","meta":{"footnotes":""},"categories":[1],"tags":[],"class_list":["post-2444","post","type-post","status-publish","format-standard","hentry","category-egyeb"],"_links":{"self":[{"href":"https:\/\/marcali.plebania.hu\/index.php?rest_route=\/wp\/v2\/posts\/2444","targetHints":{"allow":["GET"]}}],"collection":[{"href":"https:\/\/marcali.plebania.hu\/index.php?rest_route=\/wp\/v2\/posts"}],"about":[{"href":"https:\/\/marcali.plebania.hu\/index.php?rest_route=\/wp\/v2\/types\/post"}],"author":[{"embeddable":true,"href":"https:\/\/marcali.plebania.hu\/index.php?rest_route=\/wp\/v2\/users\/2"}],"replies":[{"embeddable":true,"href":"https:\/\/marcali.plebania.hu\/index.php?rest_route=%2Fwp%2Fv2%2Fcomments&post=2444"}],"version-history":[{"count":1,"href":"https:\/\/marcali.plebania.hu\/index.php?rest_route=\/wp\/v2\/posts\/2444\/revisions"}],"predecessor-version":[{"id":2445,"href":"https:\/\/marcali.plebania.hu\/index.php?rest_route=\/wp\/v2\/posts\/2444\/revisions\/2445"}],"wp:attachment":[{"href":"https:\/\/marcali.plebania.hu\/index.php?rest_route=%2Fwp%2Fv2%2Fmedia&parent=2444"}],"wp:term":[{"taxonomy":"category","embeddable":true,"href":"https:\/\/marcali.plebania.hu\/index.php?rest_route=%2Fwp%2Fv2%2Fcategories&post=2444"},{"taxonomy":"post_tag","embeddable":true,"href":"https:\/\/marcali.plebania.hu\/index.php?rest_route=%2Fwp%2Fv2%2Ftags&post=2444"}],"curies":[{"name":"wp","href":"https:\/\/api.w.org\/{rel}","templated":true}]}}