{"id":2446,"date":"2021-02-04T15:40:49","date_gmt":"2021-02-04T15:40:49","guid":{"rendered":"https:\/\/marcali.plebania.hu\/?p=2446"},"modified":"2021-02-04T15:40:49","modified_gmt":"2021-02-04T15:40:49","slug":"hirdetesek-2021-02-07","status":"publish","type":"post","link":"https:\/\/marcali.plebania.hu\/?p=2446","title":{"rendered":"Hirdet\u00e9sek, 2021. 02. 07."},"content":{"rendered":"\n<ol class=\"wp-block-list\"><li>Ma\nvan az \u00e9vk\u00f6zi 5. vas\u00e1rnap.<\/li><li>A\nh\u00e9ten a Betegek vil\u00e1gnapj\u00e1t p\u00e9nteken 16.30-kor tartjuk, amikor is a Lourdes-i\nSz\u0171zanya olt\u00e1rn\u00e1l betegeink\u00e9rt \u00e9s a j\u00e1rv\u00e1ny megsz\u0171n\u00e9s\u00e9\u00e9rt im\u00e1dkozunk. 17 \u00f3rakor\nszentmise. Most nem szolg\u00e1ltatjuk ki a betegek kenet\u00e9t, mivel az \u00e9rint\u00e9ssel\nt\u00f6rt\u00e9nik, a j\u00e1rv\u00e1ny elm\u00fal\u00e1sa ut\u00e1n p\u00f3toljuk.<\/li><li>Szombaton\n16 \u00f3rakor fatimai ima\u00f3ra, 17 \u00f3rakor szentmise.<\/li><li>J\u00f6v\u0151\nvas\u00e1rnap a 9 \u00f3rai szentmis\u00e9n a pl\u00e9b\u00e1niatemplomban a H\u00e1zass\u00e1g Het\u00e9nek lez\u00e1r\u00e1sa alkalm\u00e1b\u00f3l\negy szertart\u00e1s keret\u00e9ben meg\u00e1ldom a jelenl\u00e9v\u0151 h\u00e1zasp\u00e1rokat.<\/li><\/ol>\n","protected":false},"excerpt":{"rendered":"<p>Ma van az \u00e9vk\u00f6zi 5. vas\u00e1rnap. A h\u00e9ten a Betegek vil\u00e1gnapj\u00e1t p\u00e9nteken 16.30-kor tartjuk, amikor is a Lourdes-i Sz\u0171zanya olt\u00e1rn\u00e1l betegeink\u00e9rt \u00e9s a j\u00e1rv\u00e1ny megsz\u0171n\u00e9s\u00e9\u00e9rt im\u00e1dkozunk. 17 \u00f3rakor szentmise. Most nem szolg\u00e1ltatjuk ki a betegek kenet\u00e9t, mivel az \u00e9rint\u00e9ssel t\u00f6rt\u00e9nik, a j\u00e1rv\u00e1ny elm\u00fal\u00e1sa ut\u00e1n p\u00f3toljuk. Szombaton 16 \u00f3rakor fatimai ima\u00f3ra, 17 \u00f3rakor szentmise. J\u00f6v\u0151 vas\u00e1rnap a 9 \u00f3rai szentmis\u00e9n a pl\u00e9b\u00e1niatemplomban a H\u00e1zass\u00e1g Het\u00e9nek lez\u00e1r\u00e1sa alkalm\u00e1b\u00f3l egy szertart\u00e1s keret\u00e9ben meg\u00e1ldom a jelenl\u00e9v\u0151 h\u00e1zasp\u00e1rokat.<\/p>\n","protected":false},"author":2,"featured_media":0,"comment_status":"closed","ping_status":"open","sticky":false,"template":"","format":"standard","meta":{"footnotes":""},"categories":[1],"tags":[],"class_list":["post-2446","post","type-post","status-publish","format-standard","hentry","category-egyeb"],"_links":{"self":[{"href":"https:\/\/marcali.plebania.hu\/index.php?rest_route=\/wp\/v2\/posts\/2446","targetHints":{"allow":["GET"]}}],"collection":[{"href":"https:\/\/marcali.plebania.hu\/index.php?rest_route=\/wp\/v2\/posts"}],"about":[{"href":"https:\/\/marcali.plebania.hu\/index.php?rest_route=\/wp\/v2\/types\/post"}],"author":[{"embeddable":true,"href":"https:\/\/marcali.plebania.hu\/index.php?rest_route=\/wp\/v2\/users\/2"}],"replies":[{"embeddable":true,"href":"https:\/\/marcali.plebania.hu\/index.php?rest_route=%2Fwp%2Fv2%2Fcomments&post=2446"}],"version-history":[{"count":1,"href":"https:\/\/marcali.plebania.hu\/index.php?rest_route=\/wp\/v2\/posts\/2446\/revisions"}],"predecessor-version":[{"id":2447,"href":"https:\/\/marcali.plebania.hu\/index.php?rest_route=\/wp\/v2\/posts\/2446\/revisions\/2447"}],"wp:attachment":[{"href":"https:\/\/marcali.plebania.hu\/index.php?rest_route=%2Fwp%2Fv2%2Fmedia&parent=2446"}],"wp:term":[{"taxonomy":"category","embeddable":true,"href":"https:\/\/marcali.plebania.hu\/index.php?rest_route=%2Fwp%2Fv2%2Fcategories&post=2446"},{"taxonomy":"post_tag","embeddable":true,"href":"https:\/\/marcali.plebania.hu\/index.php?rest_route=%2Fwp%2Fv2%2Ftags&post=2446"}],"curies":[{"name":"wp","href":"https:\/\/api.w.org\/{rel}","templated":true}]}}