{"id":2448,"date":"2021-02-12T08:34:30","date_gmt":"2021-02-12T08:34:30","guid":{"rendered":"https:\/\/marcali.plebania.hu\/?p=2448"},"modified":"2021-02-12T08:34:30","modified_gmt":"2021-02-12T08:34:30","slug":"hirdetesek-2021-02-14","status":"publish","type":"post","link":"https:\/\/marcali.plebania.hu\/?p=2448","title":{"rendered":"Hirdet\u00e9sek, 2021. 02. 14."},"content":{"rendered":"\n<ol class=\"wp-block-list\"><li>Ma\nvan az \u00e9vk\u00f6zi 6. vas\u00e1rnap.<\/li><li>A\nh\u00e9ten, szerd\u00e1n, hamvaz\u00f3szerda, a Nagyb\u00f6jt kezdete. Este 17 \u00f3rakor szentmis\u00e9t\ntartunk. Szigor\u00fa b\u00f6jti nap!<\/li><li>P\u00e9nteken\nelkezdj\u00fck kereszt\u00fati \u00e1jtatoss\u00e1gaink v\u00e9gz\u00e9s\u00e9t. 16.30-kor kereszt\u00fat, melyet a\nJ\u00e9zus Testv\u00e9rei Kisk\u00f6z\u00f6ss\u00e9g tagjai v\u00e9geznek. Nagyb\u00f6jt p\u00e9ntekjein h\u00fastilalom\nvan!<\/li><li>T\u00f6bben\n\u00e9rdekl\u0151dnek a Szent II. J\u00e1nos P\u00e1l p\u00e1pa szoborr\u00f3l. A k\u00f6zadakoz\u00e1sban 2,6 milli\u00f3\nFt j\u00f6tt \u00f6ssze. Mivel a legolcs\u00f3bb \u00e1raj\u00e1nlat is legal\u00e1bb 4 milli\u00f3 Ft-ba ker\u00fcl,\naz \u00f6sszeget az \u00d6nkorm\u00e1nyzat \u00e9s a pl\u00e9b\u00e1nia kieg\u00e9sz\u00edti. De m\u00e9g mindig van lehet\u0151s\u00e9g\naz adakoz\u00e1sra, hogy min\u00e9l szebb \u00e9s ig\u00e9nyesebb szobrot k\u00e9sz\u00edthess\u00fcnk. A munk\u00e1t\nh\u00e1tr\u00e1ltatta a kialakult j\u00e1rv\u00e1nyhelyzet \u00e9s az egyik p\u00e1ly\u00e1z\u00f3 m\u00e9g mindig nem adott\naj\u00e1nlatot. Rem\u00e9nyeink szerint legk\u00e9s\u0151bb az idei ny\u00e1rra elk\u00e9sz\u00fcl.<\/li><\/ol>\n","protected":false},"excerpt":{"rendered":"<p>Ma van az \u00e9vk\u00f6zi 6. vas\u00e1rnap. A h\u00e9ten, szerd\u00e1n, hamvaz\u00f3szerda, a Nagyb\u00f6jt kezdete. Este 17 \u00f3rakor szentmis\u00e9t tartunk. Szigor\u00fa b\u00f6jti nap! P\u00e9nteken elkezdj\u00fck kereszt\u00fati \u00e1jtatoss\u00e1gaink v\u00e9gz\u00e9s\u00e9t. 16.30-kor kereszt\u00fat, melyet a J\u00e9zus Testv\u00e9rei Kisk\u00f6z\u00f6ss\u00e9g tagjai v\u00e9geznek. Nagyb\u00f6jt p\u00e9ntekjein h\u00fastilalom van! T\u00f6bben \u00e9rdekl\u0151dnek a Szent II. J\u00e1nos P\u00e1l p\u00e1pa szoborr\u00f3l. A k\u00f6zadakoz\u00e1sban 2,6 milli\u00f3 Ft j\u00f6tt \u00f6ssze. Mivel a legolcs\u00f3bb \u00e1raj\u00e1nlat is legal\u00e1bb 4 milli\u00f3 Ft-ba ker\u00fcl, az \u00f6sszeget az \u00d6nkorm\u00e1nyzat \u00e9s a pl\u00e9b\u00e1nia kieg\u00e9sz\u00edti. De m\u00e9g mindig van lehet\u0151s\u00e9g az adakoz\u00e1sra,&#8230;<\/p>\n<p class=\"read-more\"><a class=\"btn btn-default\" href=\"https:\/\/marcali.plebania.hu\/?p=2448\"> Read More<span class=\"screen-reader-text\">  Read More<\/span><\/a><\/p>\n","protected":false},"author":2,"featured_media":0,"comment_status":"closed","ping_status":"open","sticky":false,"template":"","format":"standard","meta":{"footnotes":""},"categories":[1],"tags":[],"class_list":["post-2448","post","type-post","status-publish","format-standard","hentry","category-egyeb"],"_links":{"self":[{"href":"https:\/\/marcali.plebania.hu\/index.php?rest_route=\/wp\/v2\/posts\/2448","targetHints":{"allow":["GET"]}}],"collection":[{"href":"https:\/\/marcali.plebania.hu\/index.php?rest_route=\/wp\/v2\/posts"}],"about":[{"href":"https:\/\/marcali.plebania.hu\/index.php?rest_route=\/wp\/v2\/types\/post"}],"author":[{"embeddable":true,"href":"https:\/\/marcali.plebania.hu\/index.php?rest_route=\/wp\/v2\/users\/2"}],"replies":[{"embeddable":true,"href":"https:\/\/marcali.plebania.hu\/index.php?rest_route=%2Fwp%2Fv2%2Fcomments&post=2448"}],"version-history":[{"count":1,"href":"https:\/\/marcali.plebania.hu\/index.php?rest_route=\/wp\/v2\/posts\/2448\/revisions"}],"predecessor-version":[{"id":2449,"href":"https:\/\/marcali.plebania.hu\/index.php?rest_route=\/wp\/v2\/posts\/2448\/revisions\/2449"}],"wp:attachment":[{"href":"https:\/\/marcali.plebania.hu\/index.php?rest_route=%2Fwp%2Fv2%2Fmedia&parent=2448"}],"wp:term":[{"taxonomy":"category","embeddable":true,"href":"https:\/\/marcali.plebania.hu\/index.php?rest_route=%2Fwp%2Fv2%2Fcategories&post=2448"},{"taxonomy":"post_tag","embeddable":true,"href":"https:\/\/marcali.plebania.hu\/index.php?rest_route=%2Fwp%2Fv2%2Ftags&post=2448"}],"curies":[{"name":"wp","href":"https:\/\/api.w.org\/{rel}","templated":true}]}}