{"id":2450,"date":"2021-02-18T14:49:22","date_gmt":"2021-02-18T14:49:22","guid":{"rendered":"https:\/\/marcali.plebania.hu\/?p=2450"},"modified":"2021-02-18T14:49:22","modified_gmt":"2021-02-18T14:49:22","slug":"befejezodott-a-hazassag-hete-marcaliban-a-hazasparok-megaldasaval","status":"publish","type":"post","link":"https:\/\/marcali.plebania.hu\/?p=2450","title":{"rendered":"Befejez\u0151d\u00f6tt a \u201eH\u00e1zass\u00e1g hete\u201d Marcaliban a h\u00e1zasp\u00e1rok meg\u00e1ld\u00e1s\u00e1val"},"content":{"rendered":"\n<p>2021. febru\u00e1r 14-\u00e9n, vas\u00e1rnap a 9 \u00f3r\u00e1s szentmis\u00e9n, a Gy\u00fcm\u00f6lcsolt\u00f3 Boldogasszony pl\u00e9b\u00e1niatemplomban Kiss Iv\u00e1n c. pr\u00e9post, esperes-pl\u00e9b\u00e1nos a \u201eH\u00e1zass\u00e1g hete\u201d c\u00edm\u0171 rendezv\u00e9nysorozat befejez\u00e9sek\u00e9nt mintegy 20 h\u00e1zasp\u00e1rt \u00e1ldott meg \u00fcnnepi keretek k\u00f6z\u00f6tt az aktu\u00e1lis j\u00e1rv\u00e1ny\u00fcgyi int\u00e9zked\u00e9sek betart\u00e1s\u00e1val.<\/p>\n\n\n\n<figure class=\"wp-block-gallery columns-3 is-cropped wp-block-gallery-1 is-layout-flex wp-block-gallery-is-layout-flex\"><ul class=\"blocks-gallery-grid\"><li class=\"blocks-gallery-item\"><figure><img loading=\"lazy\" decoding=\"async\" width=\"1024\" height=\"683\" src=\"https:\/\/marcali.plebania.hu\/wp-content\/uploads\/2021\/02\/02-1024x683.jpg\" alt=\"\" data-id=\"2451\" data-link=\"https:\/\/marcali.plebania.hu\/?attachment_id=2451\" class=\"wp-image-2451\" srcset=\"https:\/\/marcali.plebania.hu\/wp-content\/uploads\/2021\/02\/02-1024x683.jpg 1024w, https:\/\/marcali.plebania.hu\/wp-content\/uploads\/2021\/02\/02-300x200.jpg 300w, https:\/\/marcali.plebania.hu\/wp-content\/uploads\/2021\/02\/02-768x512.jpg 768w, https:\/\/marcali.plebania.hu\/wp-content\/uploads\/2021\/02\/02-1536x1024.jpg 1536w, https:\/\/marcali.plebania.hu\/wp-content\/uploads\/2021\/02\/02-2048x1365.jpg 2048w, https:\/\/marcali.plebania.hu\/wp-content\/uploads\/2021\/02\/02-405x270.jpg 405w\" sizes=\"auto, (max-width: 1024px) 100vw, 1024px\" \/><\/figure><\/li><li class=\"blocks-gallery-item\"><figure><img loading=\"lazy\" decoding=\"async\" width=\"1024\" height=\"683\" src=\"https:\/\/marcali.plebania.hu\/wp-content\/uploads\/2021\/02\/03-1024x683.jpg\" alt=\"\" data-id=\"2452\" data-link=\"https:\/\/marcali.plebania.hu\/?attachment_id=2452\" class=\"wp-image-2452\" srcset=\"https:\/\/marcali.plebania.hu\/wp-content\/uploads\/2021\/02\/03-1024x683.jpg 1024w, https:\/\/marcali.plebania.hu\/wp-content\/uploads\/2021\/02\/03-300x200.jpg 300w, https:\/\/marcali.plebania.hu\/wp-content\/uploads\/2021\/02\/03-768x512.jpg 768w, https:\/\/marcali.plebania.hu\/wp-content\/uploads\/2021\/02\/03-1536x1024.jpg 1536w, https:\/\/marcali.plebania.hu\/wp-content\/uploads\/2021\/02\/03-2048x1365.jpg 2048w, https:\/\/marcali.plebania.hu\/wp-content\/uploads\/2021\/02\/03-405x270.jpg 405w\" sizes=\"auto, (max-width: 1024px) 100vw, 1024px\" \/><\/figure><\/li><li class=\"blocks-gallery-item\"><figure><img loading=\"lazy\" decoding=\"async\" width=\"1024\" height=\"683\" src=\"https:\/\/marcali.plebania.hu\/wp-content\/uploads\/2021\/02\/04-1024x683.jpg\" alt=\"\" data-id=\"2453\" data-link=\"https:\/\/marcali.plebania.hu\/?attachment_id=2453\" class=\"wp-image-2453\" srcset=\"https:\/\/marcali.plebania.hu\/wp-content\/uploads\/2021\/02\/04-1024x683.jpg 1024w, https:\/\/marcali.plebania.hu\/wp-content\/uploads\/2021\/02\/04-300x200.jpg 300w, https:\/\/marcali.plebania.hu\/wp-content\/uploads\/2021\/02\/04-768x512.jpg 768w, https:\/\/marcali.plebania.hu\/wp-content\/uploads\/2021\/02\/04-1536x1024.jpg 1536w, https:\/\/marcali.plebania.hu\/wp-content\/uploads\/2021\/02\/04-2048x1365.jpg 2048w, https:\/\/marcali.plebania.hu\/wp-content\/uploads\/2021\/02\/04-405x270.jpg 405w\" sizes=\"auto, (max-width: 1024px) 100vw, 1024px\" \/><\/figure><\/li><li class=\"blocks-gallery-item\"><figure><img loading=\"lazy\" decoding=\"async\" width=\"1024\" height=\"683\" src=\"https:\/\/marcali.plebania.hu\/wp-content\/uploads\/2021\/02\/01-1024x683.jpg\" alt=\"\" data-id=\"2454\" data-full-url=\"https:\/\/marcali.plebania.hu\/wp-content\/uploads\/2021\/02\/01-scaled.jpg\" data-link=\"https:\/\/marcali.plebania.hu\/?attachment_id=2454\" class=\"wp-image-2454\" srcset=\"https:\/\/marcali.plebania.hu\/wp-content\/uploads\/2021\/02\/01-1024x683.jpg 1024w, https:\/\/marcali.plebania.hu\/wp-content\/uploads\/2021\/02\/01-300x200.jpg 300w, https:\/\/marcali.plebania.hu\/wp-content\/uploads\/2021\/02\/01-768x512.jpg 768w, https:\/\/marcali.plebania.hu\/wp-content\/uploads\/2021\/02\/01-1536x1024.jpg 1536w, https:\/\/marcali.plebania.hu\/wp-content\/uploads\/2021\/02\/01-2048x1365.jpg 2048w, https:\/\/marcali.plebania.hu\/wp-content\/uploads\/2021\/02\/01-405x270.jpg 405w\" sizes=\"auto, (max-width: 1024px) 100vw, 1024px\" \/><\/figure><\/li><\/ul><\/figure>\n\n\n\n<p>A megjelent p\u00e1rok egym\u00e1st is meg\u00e1ldott\u00e1k, \u00e9s ism\u00e9t igent mondtak egym\u00e1snak, mik\u00f6zben a szerelmesek v\u00e9d\u0151szentj\u00e9nek Szent B\u00e1lint k\u00f6zbenj\u00e1r\u00e1s\u00e1t is k\u00e9rt\u00e9k tov\u00e1bbi \u00e9let\u00fckre. Az istentiszteleten a h\u00edvek el\u00e9nekelt\u00e9k az \u00c1roni \u00e1ld\u00e1st, valamint Iv\u00e1n atya megk\u00f6sz\u00f6nt\u00f6tte a n\u00e9vnapj\u00e1t \u00fcnnepl\u0151 Balogh B\u00e1lint k\u00e1ntort is.<\/p>\n\n\n\n<figure class=\"wp-block-gallery columns-3 is-cropped wp-block-gallery-2 is-layout-flex wp-block-gallery-is-layout-flex\"><ul class=\"blocks-gallery-grid\"><li class=\"blocks-gallery-item\"><figure><img loading=\"lazy\" decoding=\"async\" width=\"1024\" height=\"683\" src=\"https:\/\/marcali.plebania.hu\/wp-content\/uploads\/2021\/02\/09-1024x683.jpg\" alt=\"\" data-id=\"2455\" data-link=\"https:\/\/marcali.plebania.hu\/?attachment_id=2455\" class=\"wp-image-2455\" srcset=\"https:\/\/marcali.plebania.hu\/wp-content\/uploads\/2021\/02\/09-1024x683.jpg 1024w, https:\/\/marcali.plebania.hu\/wp-content\/uploads\/2021\/02\/09-300x200.jpg 300w, https:\/\/marcali.plebania.hu\/wp-content\/uploads\/2021\/02\/09-768x512.jpg 768w, https:\/\/marcali.plebania.hu\/wp-content\/uploads\/2021\/02\/09-1536x1024.jpg 1536w, https:\/\/marcali.plebania.hu\/wp-content\/uploads\/2021\/02\/09-2048x1365.jpg 2048w, https:\/\/marcali.plebania.hu\/wp-content\/uploads\/2021\/02\/09-405x270.jpg 405w\" sizes=\"auto, (max-width: 1024px) 100vw, 1024px\" \/><\/figure><\/li><li class=\"blocks-gallery-item\"><figure><img loading=\"lazy\" decoding=\"async\" width=\"1024\" height=\"683\" src=\"https:\/\/marcali.plebania.hu\/wp-content\/uploads\/2021\/02\/11-1024x683.jpg\" alt=\"\" data-id=\"2456\" data-link=\"https:\/\/marcali.plebania.hu\/?attachment_id=2456\" class=\"wp-image-2456\" srcset=\"https:\/\/marcali.plebania.hu\/wp-content\/uploads\/2021\/02\/11-1024x683.jpg 1024w, https:\/\/marcali.plebania.hu\/wp-content\/uploads\/2021\/02\/11-300x200.jpg 300w, https:\/\/marcali.plebania.hu\/wp-content\/uploads\/2021\/02\/11-768x512.jpg 768w, https:\/\/marcali.plebania.hu\/wp-content\/uploads\/2021\/02\/11-1536x1024.jpg 1536w, https:\/\/marcali.plebania.hu\/wp-content\/uploads\/2021\/02\/11-2048x1365.jpg 2048w, https:\/\/marcali.plebania.hu\/wp-content\/uploads\/2021\/02\/11-405x270.jpg 405w\" sizes=\"auto, (max-width: 1024px) 100vw, 1024px\" \/><\/figure><\/li><li class=\"blocks-gallery-item\"><figure><img loading=\"lazy\" decoding=\"async\" width=\"1024\" height=\"683\" src=\"https:\/\/marcali.plebania.hu\/wp-content\/uploads\/2021\/02\/10-1024x683.jpg\" alt=\"\" data-id=\"2457\" data-link=\"https:\/\/marcali.plebania.hu\/?attachment_id=2457\" class=\"wp-image-2457\" srcset=\"https:\/\/marcali.plebania.hu\/wp-content\/uploads\/2021\/02\/10-1024x683.jpg 1024w, https:\/\/marcali.plebania.hu\/wp-content\/uploads\/2021\/02\/10-300x200.jpg 300w, https:\/\/marcali.plebania.hu\/wp-content\/uploads\/2021\/02\/10-768x512.jpg 768w, https:\/\/marcali.plebania.hu\/wp-content\/uploads\/2021\/02\/10-1536x1024.jpg 1536w, https:\/\/marcali.plebania.hu\/wp-content\/uploads\/2021\/02\/10-2048x1365.jpg 2048w, https:\/\/marcali.plebania.hu\/wp-content\/uploads\/2021\/02\/10-405x270.jpg 405w\" sizes=\"auto, (max-width: 1024px) 100vw, 1024px\" \/><\/figure><\/li><li class=\"blocks-gallery-item\"><figure><img loading=\"lazy\" decoding=\"async\" width=\"1024\" height=\"683\" src=\"https:\/\/marcali.plebania.hu\/wp-content\/uploads\/2021\/02\/19-1024x683.jpg\" alt=\"\" data-id=\"2458\" data-full-url=\"https:\/\/marcali.plebania.hu\/wp-content\/uploads\/2021\/02\/19-scaled.jpg\" data-link=\"https:\/\/marcali.plebania.hu\/?attachment_id=2458\" class=\"wp-image-2458\" srcset=\"https:\/\/marcali.plebania.hu\/wp-content\/uploads\/2021\/02\/19-1024x683.jpg 1024w, https:\/\/marcali.plebania.hu\/wp-content\/uploads\/2021\/02\/19-300x200.jpg 300w, https:\/\/marcali.plebania.hu\/wp-content\/uploads\/2021\/02\/19-768x512.jpg 768w, https:\/\/marcali.plebania.hu\/wp-content\/uploads\/2021\/02\/19-1536x1024.jpg 1536w, https:\/\/marcali.plebania.hu\/wp-content\/uploads\/2021\/02\/19-2048x1365.jpg 2048w, https:\/\/marcali.plebania.hu\/wp-content\/uploads\/2021\/02\/19-405x270.jpg 405w\" sizes=\"auto, (max-width: 1024px) 100vw, 1024px\" \/><\/figure><\/li><\/ul><\/figure>\n\n\n\n<p>Ez a kezdem\u00e9nyez\u00e9s 1996-ban indult el az Egyes\u00fclt Kir\u00e1lys\u00e1gb\u00f3l, amely Valentin-nap k\u00f6rny\u00e9k\u00e9n minden \u00e9vben a h\u00e1zass\u00e1g \u00e9s a csal\u00e1d fontoss\u00e1g\u00e1ra h\u00edvja fel a figyelmet. Magyarorsz\u00e1g 2008-t\u00f3l csatlakozott ehhez az esem\u00e9nysorozathoz. Napjainkban m\u00e1r 4 kontinensen, \u00f6sszesen 21 orsz\u00e1g\u00e1ban tartj\u00e1k meg. A szervez\u00e9s sz\u00e9les k\u00f6r\u0171 \u00e9s nemcsak a kereszt\u00e9ny egyh\u00e1zak, hanem k\u00fcl\u00f6nb\u00f6z\u0151 civil szervezetek is r\u00e9szt vesznek benne. A magyarorsz\u00e1gi k\u00f6zponti programok f\u0151v\u00e9dn\u00f6ke 2013 \u00f3ta Herczegh Anita, a k\u00f6zt\u00e1rsas\u00e1gi eln\u00f6k feles\u00e9ge. Az idei \u00e9vben P\u00e1l\u00far J\u00e1nos orgonam\u0171v\u00e9sz \u00e9s feles\u00e9ge P\u00e1l\u00far Korn\u00e9lia az \u00fcnnepi h\u00e9t arcai. A rendezv\u00e9ny jelmondata: \u201eEzerszer is igen.\u201d <\/p>\n\n\n\n<figure class=\"wp-block-gallery columns-3 is-cropped wp-block-gallery-3 is-layout-flex wp-block-gallery-is-layout-flex\"><ul class=\"blocks-gallery-grid\"><li class=\"blocks-gallery-item\"><figure><img loading=\"lazy\" decoding=\"async\" width=\"1024\" height=\"683\" src=\"https:\/\/marcali.plebania.hu\/wp-content\/uploads\/2021\/02\/15-1024x683.jpg\" alt=\"\" data-id=\"2459\" data-link=\"https:\/\/marcali.plebania.hu\/?attachment_id=2459\" class=\"wp-image-2459\" srcset=\"https:\/\/marcali.plebania.hu\/wp-content\/uploads\/2021\/02\/15-1024x683.jpg 1024w, https:\/\/marcali.plebania.hu\/wp-content\/uploads\/2021\/02\/15-300x200.jpg 300w, https:\/\/marcali.plebania.hu\/wp-content\/uploads\/2021\/02\/15-768x512.jpg 768w, https:\/\/marcali.plebania.hu\/wp-content\/uploads\/2021\/02\/15-1536x1024.jpg 1536w, https:\/\/marcali.plebania.hu\/wp-content\/uploads\/2021\/02\/15-2048x1365.jpg 2048w, https:\/\/marcali.plebania.hu\/wp-content\/uploads\/2021\/02\/15-405x270.jpg 405w\" sizes=\"auto, (max-width: 1024px) 100vw, 1024px\" \/><\/figure><\/li><li class=\"blocks-gallery-item\"><figure><img loading=\"lazy\" decoding=\"async\" width=\"1024\" height=\"683\" src=\"https:\/\/marcali.plebania.hu\/wp-content\/uploads\/2021\/02\/23-1024x683.jpg\" alt=\"\" data-id=\"2460\" data-link=\"https:\/\/marcali.plebania.hu\/?attachment_id=2460\" class=\"wp-image-2460\" srcset=\"https:\/\/marcali.plebania.hu\/wp-content\/uploads\/2021\/02\/23-1024x683.jpg 1024w, https:\/\/marcali.plebania.hu\/wp-content\/uploads\/2021\/02\/23-300x200.jpg 300w, https:\/\/marcali.plebania.hu\/wp-content\/uploads\/2021\/02\/23-768x512.jpg 768w, https:\/\/marcali.plebania.hu\/wp-content\/uploads\/2021\/02\/23-1536x1024.jpg 1536w, https:\/\/marcali.plebania.hu\/wp-content\/uploads\/2021\/02\/23-2048x1365.jpg 2048w, https:\/\/marcali.plebania.hu\/wp-content\/uploads\/2021\/02\/23-405x270.jpg 405w\" sizes=\"auto, (max-width: 1024px) 100vw, 1024px\" \/><\/figure><\/li><li class=\"blocks-gallery-item\"><figure><img loading=\"lazy\" decoding=\"async\" width=\"1024\" height=\"683\" src=\"https:\/\/marcali.plebania.hu\/wp-content\/uploads\/2021\/02\/24-1024x683.jpg\" alt=\"\" data-id=\"2461\" data-link=\"https:\/\/marcali.plebania.hu\/?attachment_id=2461\" class=\"wp-image-2461\" srcset=\"https:\/\/marcali.plebania.hu\/wp-content\/uploads\/2021\/02\/24-1024x683.jpg 1024w, https:\/\/marcali.plebania.hu\/wp-content\/uploads\/2021\/02\/24-300x200.jpg 300w, https:\/\/marcali.plebania.hu\/wp-content\/uploads\/2021\/02\/24-768x512.jpg 768w, https:\/\/marcali.plebania.hu\/wp-content\/uploads\/2021\/02\/24-1536x1024.jpg 1536w, https:\/\/marcali.plebania.hu\/wp-content\/uploads\/2021\/02\/24-2048x1365.jpg 2048w, https:\/\/marcali.plebania.hu\/wp-content\/uploads\/2021\/02\/24-405x270.jpg 405w\" sizes=\"auto, (max-width: 1024px) 100vw, 1024px\" \/><\/figure><\/li><li class=\"blocks-gallery-item\"><figure><img loading=\"lazy\" decoding=\"async\" width=\"1024\" height=\"683\" src=\"https:\/\/marcali.plebania.hu\/wp-content\/uploads\/2021\/02\/27-1024x683.jpg\" alt=\"\" data-id=\"2462\" data-full-url=\"https:\/\/marcali.plebania.hu\/wp-content\/uploads\/2021\/02\/27-scaled.jpg\" data-link=\"https:\/\/marcali.plebania.hu\/?attachment_id=2462\" class=\"wp-image-2462\" srcset=\"https:\/\/marcali.plebania.hu\/wp-content\/uploads\/2021\/02\/27-1024x683.jpg 1024w, https:\/\/marcali.plebania.hu\/wp-content\/uploads\/2021\/02\/27-300x200.jpg 300w, https:\/\/marcali.plebania.hu\/wp-content\/uploads\/2021\/02\/27-768x512.jpg 768w, https:\/\/marcali.plebania.hu\/wp-content\/uploads\/2021\/02\/27-1536x1024.jpg 1536w, https:\/\/marcali.plebania.hu\/wp-content\/uploads\/2021\/02\/27-2048x1365.jpg 2048w, https:\/\/marcali.plebania.hu\/wp-content\/uploads\/2021\/02\/27-405x270.jpg 405w\" sizes=\"auto, (max-width: 1024px) 100vw, 1024px\" \/><\/figure><\/li><\/ul><\/figure>\n\n\n\n<p>A magyar szervez\u0151k err\u0151l a H\u00e1zass\u00e1g\nhet\u00e9r\u0151l a k\u00f6vetkez\u0151ket \u00edrj\u00e1k: \u201eA h\u00e1zass\u00e1g\nIsten csod\u00e1latos aj\u00e1nd\u00e9ka \u00e9s gondoskod\u00e1sa az ember sz\u00e1m\u00e1ra, amelyben a felek\nmegtapasztalhatj\u00e1k a felt\u00e9tel n\u00e9lk\u00fcli szeretet, a h\u0171s\u00e9g \u00e9s az \u0151szinte\nmegbocs\u00e1t\u00e1s \u00e9rt\u00e9k\u00e9t egy nekik rendelt, de nem t\u00f6k\u00e9letes t\u00e1rson kereszt\u00fcl. A\nh\u00e1zass\u00e1gban egy f\u00e9rfi \u00e9s egy n\u0151 saj\u00e1t elhat\u00e1roz\u00e1s\u00e1b\u00f3l elk\u00f6telezi mag\u00e1t, hogy\negym\u00e1s b\u00e1tor\u00edt\u00e1s\u00e1ra, seg\u00edt\u00e9s\u00e9re \u00e9s v\u00e9delm\u00e9re t\u00f6rekszik eg\u00e9sz \u00e9let\u00e9ben. Ilyen\nm\u00f3don a h\u00e1zass\u00e1g felel\u0151ss\u00e9gteljes, biztons\u00e1gos \u00e9s meghitt k\u00f6z\u00f6ss\u00e9get jelent\nsz\u00e1mukra, \u00e9s \u00e1ld\u00e1sul szolg\u00e1l \u00e9let\u00fck minden m\u00e1s ter\u00fclet\u00e9n is.<\/p>\n\n\n\n<p>A\nh\u00e1zass\u00e1g hete olyan sz\u00e9les k\u00f6r\u0171 \u00f6sszefog\u00e1sra t\u00f6rekszik, mely gyakorlati\np\u00e9ldamutat\u00e1ssal, tudom\u00e1nyos kutat\u00e1sok eredm\u00e9nyeivel, bibliai \u00e9s erk\u00f6lcsi\n\u00e9rvekkel t\u00e1masztja al\u00e1 a h\u00e1zass\u00e1g \u00f6r\u00f6kk\u00e9val\u00f3 \u00e9rt\u00e9k\u00e9t. B\u00e1tor\u00edt minden olyan\nhelyi kezdem\u00e9nyez\u00e9st, amely hidat \u00e9p\u00edt az adott k\u00f6z\u00f6ss\u00e9g k\u00f6rnyezet\u00e9ben \u00e9l\u0151\nh\u00e1zasp\u00e1rok \u00e9s csal\u00e1dok fel\u00e9, amely seg\u00edti \u00e9let\u00fcket, boldogul\u00e1sukat. Ny\u00edltan\nbesz\u00e9l a h\u00e1zass\u00e1g mindennapi val\u00f3s\u00e1g\u00e1r\u00f3l, \u00f6r\u00f6meir\u0151l \u00e9s fesz\u00fclts\u00e9geir\u0151l.\nIgyekszik b\u00f6lcs \u00e9s gyakorlati tan\u00e1csokkal ell\u00e1tni a h\u00e1zasokat \u00e9s\nh\u00e1zasuland\u00f3kat, valamint a teljes helyre\u00e1ll\u00e1s rem\u00e9ny\u00e9t \u00e9bren tartani azokban,\nakiknek a kapcsolata v\u00e1ls\u00e1gban van, illetve valamilyen ok miatt megszakadt.\u201d<\/p>\n\n\n\n<p>A Kaposv\u00e1ri Egyh\u00e1zmegy\u00e9ben: a\nkaposv\u00e1ri Szent Kereszt, Szent Margit, \u00e9s Szent Imre; a kaposf\u00fcredi Szent\n\u0150rangyalok; a simonfai Utols\u00f3 vacsora; a kaposszerdahelyi Sz\u0171z M\u00e1ria Neve; a\nnagykanizsai Szent J\u00f3zsef; a si\u00f3foki Sarl\u00f3s Boldogasszony \u00e9s Szent L\u0151rinc; a\nmarcali Gy\u00fcm\u00f6lcsolt\u00f3 Boldogasszony; valamint a szentbal\u00e1zsi Szent Mih\u00e1ly\ntemplomokban, tov\u00e1bb\u00e1 a b\u00e1rdudvarnoki Porta Pacis lelkigyakorlatos h\u00e1zban celebr\u00e1lnak\n\u00fcnnep\u00e9lyes szentmis\u00e9t a H\u00e1zass\u00e1g Hete programsorozat z\u00e1r\u00e1sak\u00e9nt, ahol szint\u00e9n\nmeg\u00e1ldott\u00e1k a h\u00e1zasp\u00e1rokat.<\/p>\n","protected":false},"excerpt":{"rendered":"<p>2021. febru\u00e1r 14-\u00e9n, vas\u00e1rnap a 9 \u00f3r\u00e1s szentmis\u00e9n, a Gy\u00fcm\u00f6lcsolt\u00f3 Boldogasszony pl\u00e9b\u00e1niatemplomban Kiss Iv\u00e1n c. pr\u00e9post, esperes-pl\u00e9b\u00e1nos a \u201eH\u00e1zass\u00e1g hete\u201d c\u00edm\u0171 rendezv\u00e9nysorozat befejez\u00e9sek\u00e9nt mintegy 20 h\u00e1zasp\u00e1rt \u00e1ldott meg \u00fcnnepi keretek k\u00f6z\u00f6tt az aktu\u00e1lis j\u00e1rv\u00e1ny\u00fcgyi int\u00e9zked\u00e9sek betart\u00e1s\u00e1val. A megjelent p\u00e1rok egym\u00e1st is meg\u00e1ldott\u00e1k, \u00e9s ism\u00e9t igent mondtak egym\u00e1snak, mik\u00f6zben a szerelmesek v\u00e9d\u0151szentj\u00e9nek Szent B\u00e1lint k\u00f6zbenj\u00e1r\u00e1s\u00e1t is k\u00e9rt\u00e9k tov\u00e1bbi \u00e9let\u00fckre. Az istentiszteleten a h\u00edvek el\u00e9nekelt\u00e9k az \u00c1roni \u00e1ld\u00e1st, valamint Iv\u00e1n atya megk\u00f6sz\u00f6nt\u00f6tte a n\u00e9vnapj\u00e1t \u00fcnnepl\u0151 Balogh B\u00e1lint k\u00e1ntort is. Ez a kezdem\u00e9nyez\u00e9s&#8230;<\/p>\n<p class=\"read-more\"><a class=\"btn btn-default\" href=\"https:\/\/marcali.plebania.hu\/?p=2450\"> Read More<span class=\"screen-reader-text\">  Read More<\/span><\/a><\/p>\n","protected":false},"author":2,"featured_media":0,"comment_status":"closed","ping_status":"open","sticky":false,"template":"","format":"standard","meta":{"footnotes":""},"categories":[1],"tags":[],"class_list":["post-2450","post","type-post","status-publish","format-standard","hentry","category-egyeb"],"_links":{"self":[{"href":"https:\/\/marcali.plebania.hu\/index.php?rest_route=\/wp\/v2\/posts\/2450","targetHints":{"allow":["GET"]}}],"collection":[{"href":"https:\/\/marcali.plebania.hu\/index.php?rest_route=\/wp\/v2\/posts"}],"about":[{"href":"https:\/\/marcali.plebania.hu\/index.php?rest_route=\/wp\/v2\/types\/post"}],"author":[{"embeddable":true,"href":"https:\/\/marcali.plebania.hu\/index.php?rest_route=\/wp\/v2\/users\/2"}],"replies":[{"embeddable":true,"href":"https:\/\/marcali.plebania.hu\/index.php?rest_route=%2Fwp%2Fv2%2Fcomments&post=2450"}],"version-history":[{"count":1,"href":"https:\/\/marcali.plebania.hu\/index.php?rest_route=\/wp\/v2\/posts\/2450\/revisions"}],"predecessor-version":[{"id":2463,"href":"https:\/\/marcali.plebania.hu\/index.php?rest_route=\/wp\/v2\/posts\/2450\/revisions\/2463"}],"wp:attachment":[{"href":"https:\/\/marcali.plebania.hu\/index.php?rest_route=%2Fwp%2Fv2%2Fmedia&parent=2450"}],"wp:term":[{"taxonomy":"category","embeddable":true,"href":"https:\/\/marcali.plebania.hu\/index.php?rest_route=%2Fwp%2Fv2%2Fcategories&post=2450"},{"taxonomy":"post_tag","embeddable":true,"href":"https:\/\/marcali.plebania.hu\/index.php?rest_route=%2Fwp%2Fv2%2Ftags&post=2450"}],"curies":[{"name":"wp","href":"https:\/\/api.w.org\/{rel}","templated":true}]}}