{"id":2464,"date":"2021-02-19T10:04:55","date_gmt":"2021-02-19T10:04:55","guid":{"rendered":"https:\/\/marcali.plebania.hu\/?p=2464"},"modified":"2021-02-19T10:04:55","modified_gmt":"2021-02-19T10:04:55","slug":"berta-tibort-volt-marcali-kaplant-1991-1993-tabori-puspokke-nevezte-ki-ferenc-papa","status":"publish","type":"post","link":"https:\/\/marcali.plebania.hu\/?p=2464","title":{"rendered":"Berta Tibort, volt marcali k\u00e1pl\u00e1nt (1991-1993) t\u00e1bori p\u00fcsp\u00f6kk\u00e9 nevezte ki Ferenc p\u00e1pa"},"content":{"rendered":"\n<p>B\u00edr\u00f3 L\u00e1szl\u00f3 katonai ordin\u00e1riusi c\u00edm\u00e9r\u0151l  val\u00f3 lemond\u00e1s\u00e1t elfogadva \u0150szents\u00e9ge Ferenc p\u00e1pa 2021. febru\u00e1r 18-\u00e1n  Mons. Berta Tibort, a Katonai Ordinari\u00e1tus \u00e1ltal\u00e1nos helyn\u00f6k\u00e9t a Katonai  Ordinari\u00e1tus p\u00fcsp\u00f6k\u00e9v\u00e9 nevezte ki.<\/p>\n\n\n\n<figure class=\"wp-block-gallery columns-1 is-cropped wp-block-gallery-1 is-layout-flex wp-block-gallery-is-layout-flex\"><ul class=\"blocks-gallery-grid\"><li class=\"blocks-gallery-item\"><figure><img loading=\"lazy\" decoding=\"async\" width=\"1024\" height=\"683\" src=\"https:\/\/marcali.plebania.hu\/wp-content\/uploads\/2021\/02\/Berta-Tibor-1024x683.jpg\" alt=\"\" data-id=\"2465\" data-full-url=\"https:\/\/marcali.plebania.hu\/wp-content\/uploads\/2021\/02\/Berta-Tibor.jpg\" data-link=\"https:\/\/marcali.plebania.hu\/?attachment_id=2465\" class=\"wp-image-2465\" srcset=\"https:\/\/marcali.plebania.hu\/wp-content\/uploads\/2021\/02\/Berta-Tibor-1024x683.jpg 1024w, https:\/\/marcali.plebania.hu\/wp-content\/uploads\/2021\/02\/Berta-Tibor-300x200.jpg 300w, https:\/\/marcali.plebania.hu\/wp-content\/uploads\/2021\/02\/Berta-Tibor-768x512.jpg 768w, https:\/\/marcali.plebania.hu\/wp-content\/uploads\/2021\/02\/Berta-Tibor-1536x1024.jpg 1536w, https:\/\/marcali.plebania.hu\/wp-content\/uploads\/2021\/02\/Berta-Tibor-405x270.jpg 405w, https:\/\/marcali.plebania.hu\/wp-content\/uploads\/2021\/02\/Berta-Tibor.jpg 1600w\" sizes=\"auto, (max-width: 1024px) 100vw, 1024px\" \/><\/figure><\/li><\/ul><\/figure>\n\n\n\n<p>Berta Tibor Kaposv\u00e1ron, Somogy megye \nsz\u00e9khely\u00e9n sz\u00fcletett 1966. j\u00fanius 19-\u00e9n. 1991. j\u00fanius 20-\u00e1n szentelt\u00e9k \npapp\u00e1 a Veszpr\u00e9mi F\u0151egyh\u00e1zmegye szolg\u00e1lat\u00e1ra, majd a Kaposv\u00e1ri \nEgyh\u00e1zmegy\u00e9be inkardin\u00e1l\u00f3dott. 1994-ben kezdte meg szolg\u00e1lat\u00e1t a Katonai\n Ordinari\u00e1tusban.<\/p>\n\n\n\n<p>Tanulm\u00e1nyai:<\/p>\n\n\n\n<p>Temesv\u00e1ri Pelb\u00e1rt Ferences Gimn\u00e1zium, Esztergom, 1980\u20131984<br>sorkatonai szolg\u00e1lat, 1984\u20131986<br>Papnevel\u0151 Int\u00e9zet, Esztergom, 1986\u20131991<\/p>\n\n\n\n<p>Szolg\u00e1lati helyei:<\/p>\n\n\n\n<p>Marcali, k\u00e1pl\u00e1n, 1991\u20131993<br>kaposv\u00e1ri sz\u00e9kesegyh\u00e1z, k\u00e1pl\u00e1n, 1993\u20131994<br>Katonai Ordinari\u00e1tus szolg\u00e1lat\u00e1ban 1994-t\u0151l<br>Katonai Ordin\u00e1rius titk\u00e1ra, 1994\u20131997<br>inkardin\u00e1lva a Katonai Ordinari\u00e1tusba, 2009<\/p>\n\n\n\n<p>El\u0151menetele\/katonai rendfokozatok:<\/p>\n\n\n\n<p>sz\u00e1zados: 1994<br>\u0151rnagy: 1999<br>alezredes: 2004<br>ezredes: 2008<\/p>\n\n\n\n<p>Beoszt\u00e1sai a Katonai Ordinari\u00e1tusban:<\/p>\n\n\n\n<p>hely\u0151rs\u00e9gi t\u00e1bori lelk\u00e9sz, Szombathely, 1997\u20132003<br>k\u00fclf\u00f6ldi szolg\u00e1lat, KFOR, 2002\u20132003<br>t\u00e1bori esperes, Sz\u00e9kesfeh\u00e9rv\u00e1r, 2003\u20132005<br>kiemelt t\u00e1bori lelk\u00e9sz, Sz\u00e9kesfeh\u00e9rv\u00e1r, 2005\u20132008<br>\u00e1ltal\u00e1nos helyn\u00f6k, Budapest, 2007\u20132008<br>MH \u00d6HP kiemelt t\u00e1bori lelk\u00e9sz, Sz\u00e9kesfeh\u00e9rv\u00e1r, 2008<br>\u00e1ltal\u00e1nos helyn\u00f6k, Budapest, 2009-t\u0151l<\/p>\n\n\n\n<p>Budapest, 2021. febru\u00e1r 18.<\/p>\n\n\n\n<p>a Magyar Katolikus P\u00fcsp\u00f6ki Konferencia Titk\u00e1rs\u00e1ga<\/p>\n\n\n\n<p>Fot\u00f3: Lambert Attila\/Magyar Kur\u00edr<\/p>\n","protected":false},"excerpt":{"rendered":"<p>B\u00edr\u00f3 L\u00e1szl\u00f3 katonai ordin\u00e1riusi c\u00edm\u00e9r\u0151l val\u00f3 lemond\u00e1s\u00e1t elfogadva \u0150szents\u00e9ge Ferenc p\u00e1pa 2021. febru\u00e1r 18-\u00e1n Mons. Berta Tibort, a Katonai Ordinari\u00e1tus \u00e1ltal\u00e1nos helyn\u00f6k\u00e9t a Katonai Ordinari\u00e1tus p\u00fcsp\u00f6k\u00e9v\u00e9 nevezte ki. Berta Tibor Kaposv\u00e1ron, Somogy megye sz\u00e9khely\u00e9n sz\u00fcletett 1966. j\u00fanius 19-\u00e9n. 1991. j\u00fanius 20-\u00e1n szentelt\u00e9k papp\u00e1 a Veszpr\u00e9mi F\u0151egyh\u00e1zmegye szolg\u00e1lat\u00e1ra, majd a Kaposv\u00e1ri Egyh\u00e1zmegy\u00e9be inkardin\u00e1l\u00f3dott. 1994-ben kezdte meg szolg\u00e1lat\u00e1t a Katonai Ordinari\u00e1tusban. Tanulm\u00e1nyai: Temesv\u00e1ri Pelb\u00e1rt Ferences Gimn\u00e1zium, Esztergom, 1980\u20131984sorkatonai szolg\u00e1lat, 1984\u20131986Papnevel\u0151 Int\u00e9zet, Esztergom, 1986\u20131991 Szolg\u00e1lati helyei: Marcali, k\u00e1pl\u00e1n, 1991\u20131993kaposv\u00e1ri sz\u00e9kesegyh\u00e1z, k\u00e1pl\u00e1n, 1993\u20131994Katonai Ordinari\u00e1tus&#8230;<\/p>\n<p class=\"read-more\"><a class=\"btn btn-default\" href=\"https:\/\/marcali.plebania.hu\/?p=2464\"> Read More<span class=\"screen-reader-text\">  Read More<\/span><\/a><\/p>\n","protected":false},"author":2,"featured_media":0,"comment_status":"closed","ping_status":"open","sticky":false,"template":"","format":"standard","meta":{"footnotes":""},"categories":[1],"tags":[],"class_list":["post-2464","post","type-post","status-publish","format-standard","hentry","category-egyeb"],"_links":{"self":[{"href":"https:\/\/marcali.plebania.hu\/index.php?rest_route=\/wp\/v2\/posts\/2464","targetHints":{"allow":["GET"]}}],"collection":[{"href":"https:\/\/marcali.plebania.hu\/index.php?rest_route=\/wp\/v2\/posts"}],"about":[{"href":"https:\/\/marcali.plebania.hu\/index.php?rest_route=\/wp\/v2\/types\/post"}],"author":[{"embeddable":true,"href":"https:\/\/marcali.plebania.hu\/index.php?rest_route=\/wp\/v2\/users\/2"}],"replies":[{"embeddable":true,"href":"https:\/\/marcali.plebania.hu\/index.php?rest_route=%2Fwp%2Fv2%2Fcomments&post=2464"}],"version-history":[{"count":1,"href":"https:\/\/marcali.plebania.hu\/index.php?rest_route=\/wp\/v2\/posts\/2464\/revisions"}],"predecessor-version":[{"id":2466,"href":"https:\/\/marcali.plebania.hu\/index.php?rest_route=\/wp\/v2\/posts\/2464\/revisions\/2466"}],"wp:attachment":[{"href":"https:\/\/marcali.plebania.hu\/index.php?rest_route=%2Fwp%2Fv2%2Fmedia&parent=2464"}],"wp:term":[{"taxonomy":"category","embeddable":true,"href":"https:\/\/marcali.plebania.hu\/index.php?rest_route=%2Fwp%2Fv2%2Fcategories&post=2464"},{"taxonomy":"post_tag","embeddable":true,"href":"https:\/\/marcali.plebania.hu\/index.php?rest_route=%2Fwp%2Fv2%2Ftags&post=2464"}],"curies":[{"name":"wp","href":"https:\/\/api.w.org\/{rel}","templated":true}]}}