{"id":2467,"date":"2021-02-19T10:05:21","date_gmt":"2021-02-19T10:05:21","guid":{"rendered":"https:\/\/marcali.plebania.hu\/?p=2467"},"modified":"2021-02-19T10:05:21","modified_gmt":"2021-02-19T10:05:21","slug":"hirdetesek-2021-02-21","status":"publish","type":"post","link":"https:\/\/marcali.plebania.hu\/?p=2467","title":{"rendered":"Hirdet\u00e9sek, 2021. 02. 21."},"content":{"rendered":"\n<ol class=\"wp-block-list\"><li>Ma\nNagyb\u00f6jt 1. vas\u00e1rnapja, a szentmis\u00e9ken hamvaz\u00e1s. A j\u00e1rv\u00e1nyhelyzetnek\nmegfelel\u0151en a hamut \u00fagy hintj\u00fck a h\u00edvek fej\u00e9re.<\/li><li>P\u00e9nteken\n16.30-kor kereszt\u00fati \u00e1jtatoss\u00e1got tartunk, melyet az Engesztel\u0151 Imak\u00f6r vezet.\n17 \u00f3rakor szentmise, melyen megeml\u00e9kez\u00fcnk a kommunizmus \u00e1ldozatair\u00f3l.<\/li><li>J\u00f6v\u0151\nvas\u00e1rnap az orsz\u00e1g valamennyi katolikus templom\u00e1ban gy\u0171jt\u00e9st rendez\u00fcnk a katolikus\niskol\u00e1k jav\u00e1ra.<\/li><li>Nagyb\u00f6jt\np\u00e9ntekjein h\u00fastilalom van. Ez a minimum, amit b\u00f6jt\u00f6l\u00e9ssel megtehet\u00fcnk, de ehhez\nm\u00e9g adjunk hozz\u00e1 m\u00e1sfajta b\u00f6jt\u00f6l\u00e9st is. Ugyanis a b\u00f6jt a megengedett\n\u00e9lvezetekr\u0151l val\u00f3 lemond\u00e1s.<\/li><\/ol>\n","protected":false},"excerpt":{"rendered":"<p>Ma Nagyb\u00f6jt 1. vas\u00e1rnapja, a szentmis\u00e9ken hamvaz\u00e1s. A j\u00e1rv\u00e1nyhelyzetnek megfelel\u0151en a hamut \u00fagy hintj\u00fck a h\u00edvek fej\u00e9re. P\u00e9nteken 16.30-kor kereszt\u00fati \u00e1jtatoss\u00e1got tartunk, melyet az Engesztel\u0151 Imak\u00f6r vezet. 17 \u00f3rakor szentmise, melyen megeml\u00e9kez\u00fcnk a kommunizmus \u00e1ldozatair\u00f3l. J\u00f6v\u0151 vas\u00e1rnap az orsz\u00e1g valamennyi katolikus templom\u00e1ban gy\u0171jt\u00e9st rendez\u00fcnk a katolikus iskol\u00e1k jav\u00e1ra. Nagyb\u00f6jt p\u00e9ntekjein h\u00fastilalom van. Ez a minimum, amit b\u00f6jt\u00f6l\u00e9ssel megtehet\u00fcnk, de ehhez m\u00e9g adjunk hozz\u00e1 m\u00e1sfajta b\u00f6jt\u00f6l\u00e9st is. Ugyanis a b\u00f6jt a megengedett \u00e9lvezetekr\u0151l val\u00f3 lemond\u00e1s.<\/p>\n","protected":false},"author":2,"featured_media":0,"comment_status":"closed","ping_status":"open","sticky":false,"template":"","format":"standard","meta":{"footnotes":""},"categories":[1],"tags":[],"class_list":["post-2467","post","type-post","status-publish","format-standard","hentry","category-egyeb"],"_links":{"self":[{"href":"https:\/\/marcali.plebania.hu\/index.php?rest_route=\/wp\/v2\/posts\/2467","targetHints":{"allow":["GET"]}}],"collection":[{"href":"https:\/\/marcali.plebania.hu\/index.php?rest_route=\/wp\/v2\/posts"}],"about":[{"href":"https:\/\/marcali.plebania.hu\/index.php?rest_route=\/wp\/v2\/types\/post"}],"author":[{"embeddable":true,"href":"https:\/\/marcali.plebania.hu\/index.php?rest_route=\/wp\/v2\/users\/2"}],"replies":[{"embeddable":true,"href":"https:\/\/marcali.plebania.hu\/index.php?rest_route=%2Fwp%2Fv2%2Fcomments&post=2467"}],"version-history":[{"count":1,"href":"https:\/\/marcali.plebania.hu\/index.php?rest_route=\/wp\/v2\/posts\/2467\/revisions"}],"predecessor-version":[{"id":2468,"href":"https:\/\/marcali.plebania.hu\/index.php?rest_route=\/wp\/v2\/posts\/2467\/revisions\/2468"}],"wp:attachment":[{"href":"https:\/\/marcali.plebania.hu\/index.php?rest_route=%2Fwp%2Fv2%2Fmedia&parent=2467"}],"wp:term":[{"taxonomy":"category","embeddable":true,"href":"https:\/\/marcali.plebania.hu\/index.php?rest_route=%2Fwp%2Fv2%2Fcategories&post=2467"},{"taxonomy":"post_tag","embeddable":true,"href":"https:\/\/marcali.plebania.hu\/index.php?rest_route=%2Fwp%2Fv2%2Ftags&post=2467"}],"curies":[{"name":"wp","href":"https:\/\/api.w.org\/{rel}","templated":true}]}}