{"id":2469,"date":"2021-02-26T08:33:01","date_gmt":"2021-02-26T08:33:01","guid":{"rendered":"https:\/\/marcali.plebania.hu\/?p=2469"},"modified":"2021-02-26T08:33:01","modified_gmt":"2021-02-26T08:33:01","slug":"hirdetesek-2021-02-28","status":"publish","type":"post","link":"https:\/\/marcali.plebania.hu\/?p=2469","title":{"rendered":"Hirdet\u00e9sek, 2021. 02. 28."},"content":{"rendered":"\n<ol class=\"wp-block-list\"><li>Ma\nvan Nagyb\u00f6jt 2. vas\u00e1rnapja. Az orsz\u00e1g valamennyi katolikus templom\u00e1ban gy\u0171jt\u00e9s\nvan a katolikus iskol\u00e1k jav\u00e1ra.<\/li><li>A\nh\u00e9ten els\u0151 p\u00e9ntek, 16.30-kor kereszt\u00fati \u00e1jtatoss\u00e1got v\u00e9gz\u00fcnk, melyet a Szent Erzs\u00e9bet\nImak\u00f6r vezet. A kereszt\u00fat v\u00e9g\u00e9n, mivel a gy\u00f3n\u00e1s nem lehets\u00e9ges, b\u0171nb\u00e1nati\nliturgi\u00e1t tartunk. Majd 17 \u00f3rakor szentmise.<\/li><li>Ugyancsak\np\u00e9nteken a szentmise ut\u00e1n a j\u00e1rv\u00e1nyhelyzetre val\u00f3 tekintettel az Egyh\u00e1zk\u00f6zs\u00e9g\nK\u00e9pvisel\u0151 Test\u00fclete itt a templomban tartja r\u00f6vid \u00fcl\u00e9s\u00e9t az elm\u00falt \u00e9vi\nsz\u00e1mad\u00e1sr\u00f3l \u00e9s az idei k\u00f6lts\u00e9gvet\u00e9sr\u0151l.<\/li><li>Nagyb\u00f6jt\np\u00e9ntekjein h\u00fastilalom van. Ez a minimum, amit b\u00f6jt\u00f6l\u00e9ssel megtehet\u00fcnk, de ehhez\nm\u00e9g adjunk hozz\u00e1 m\u00e1sfajta b\u00f6jt\u00f6l\u00e9st is. Ugyanis a b\u00f6jt a megengedett\n\u00e9lvezetekr\u0151l val\u00f3 lemond\u00e1s.<\/li><\/ol>\n","protected":false},"excerpt":{"rendered":"<p>Ma van Nagyb\u00f6jt 2. vas\u00e1rnapja. Az orsz\u00e1g valamennyi katolikus templom\u00e1ban gy\u0171jt\u00e9s van a katolikus iskol\u00e1k jav\u00e1ra. A h\u00e9ten els\u0151 p\u00e9ntek, 16.30-kor kereszt\u00fati \u00e1jtatoss\u00e1got v\u00e9gz\u00fcnk, melyet a Szent Erzs\u00e9bet Imak\u00f6r vezet. A kereszt\u00fat v\u00e9g\u00e9n, mivel a gy\u00f3n\u00e1s nem lehets\u00e9ges, b\u0171nb\u00e1nati liturgi\u00e1t tartunk. Majd 17 \u00f3rakor szentmise. Ugyancsak p\u00e9nteken a szentmise ut\u00e1n a j\u00e1rv\u00e1nyhelyzetre val\u00f3 tekintettel az Egyh\u00e1zk\u00f6zs\u00e9g K\u00e9pvisel\u0151 Test\u00fclete itt a templomban tartja r\u00f6vid \u00fcl\u00e9s\u00e9t az elm\u00falt \u00e9vi sz\u00e1mad\u00e1sr\u00f3l \u00e9s az idei k\u00f6lts\u00e9gvet\u00e9sr\u0151l. Nagyb\u00f6jt p\u00e9ntekjein h\u00fastilalom van. Ez a minimum, amit&#8230;<\/p>\n<p class=\"read-more\"><a class=\"btn btn-default\" href=\"https:\/\/marcali.plebania.hu\/?p=2469\"> Read More<span class=\"screen-reader-text\">  Read More<\/span><\/a><\/p>\n","protected":false},"author":2,"featured_media":0,"comment_status":"closed","ping_status":"open","sticky":false,"template":"","format":"standard","meta":{"footnotes":""},"categories":[1],"tags":[],"class_list":["post-2469","post","type-post","status-publish","format-standard","hentry","category-egyeb"],"_links":{"self":[{"href":"https:\/\/marcali.plebania.hu\/index.php?rest_route=\/wp\/v2\/posts\/2469","targetHints":{"allow":["GET"]}}],"collection":[{"href":"https:\/\/marcali.plebania.hu\/index.php?rest_route=\/wp\/v2\/posts"}],"about":[{"href":"https:\/\/marcali.plebania.hu\/index.php?rest_route=\/wp\/v2\/types\/post"}],"author":[{"embeddable":true,"href":"https:\/\/marcali.plebania.hu\/index.php?rest_route=\/wp\/v2\/users\/2"}],"replies":[{"embeddable":true,"href":"https:\/\/marcali.plebania.hu\/index.php?rest_route=%2Fwp%2Fv2%2Fcomments&post=2469"}],"version-history":[{"count":1,"href":"https:\/\/marcali.plebania.hu\/index.php?rest_route=\/wp\/v2\/posts\/2469\/revisions"}],"predecessor-version":[{"id":2470,"href":"https:\/\/marcali.plebania.hu\/index.php?rest_route=\/wp\/v2\/posts\/2469\/revisions\/2470"}],"wp:attachment":[{"href":"https:\/\/marcali.plebania.hu\/index.php?rest_route=%2Fwp%2Fv2%2Fmedia&parent=2469"}],"wp:term":[{"taxonomy":"category","embeddable":true,"href":"https:\/\/marcali.plebania.hu\/index.php?rest_route=%2Fwp%2Fv2%2Fcategories&post=2469"},{"taxonomy":"post_tag","embeddable":true,"href":"https:\/\/marcali.plebania.hu\/index.php?rest_route=%2Fwp%2Fv2%2Ftags&post=2469"}],"curies":[{"name":"wp","href":"https:\/\/api.w.org\/{rel}","templated":true}]}}