{"id":247,"date":"2018-05-25T07:07:59","date_gmt":"2018-05-25T07:07:59","guid":{"rendered":"https:\/\/marcali.plebania.hu\/?p=247"},"modified":"2018-05-25T07:07:59","modified_gmt":"2018-05-25T07:07:59","slug":"hirdetesek-2018-05-27","status":"publish","type":"post","link":"https:\/\/marcali.plebania.hu\/?p=247","title":{"rendered":"Hirdet\u00e9sek, 2018. 05. 27."},"content":{"rendered":"<ol>\n<li>Ma Szenth\u00e1roms\u00e1g vas\u00e1rnapja van.<\/li>\n<li>A h\u00e9ten els\u0151 p\u00e9ntek. D\u00e9lel\u0151tt a h\u00e1zi betegek gy\u00f3ntat\u00e1sa, d\u00e9lut\u00e1n 18 \u00f3r\u00e1t\u00f3l gy\u00f3ntat\u00e1s a pl\u00e9b\u00e1niatemplomban, 18.30-t\u00f3l szents\u00e9gim\u00e1d\u00e1s, 19 \u00f3rakor szentmise.<\/li>\n<li>P\u00e9nteken az els\u0151\u00e1ldoz\u00f3k gy\u00f3ntat\u00e1sa 14 \u00f3rakor kezd\u0151dik.<\/li>\n<li>A j\u00f6v\u0151 vas\u00e1rnap \u00darnapja, az Olt\u00e1riszents\u00e9g \u00fcnnepe. Ezen a napon a 4 templom k\u00fcl\u00f6n-k\u00fcl\u00f6n lombs\u00e1trat \u00e9p\u00edt a pl\u00e9b\u00e1niatemplom el\u0151tti t\u00e9ren az \u00farnapi k\u00f6rmenethez. Az \u00fcnnepi szentmise 10 \u00f3rakor kezd\u0151dik \u2013 els\u0151\u00e1ldoz\u00e1ssal \u00e9s \u00farnapi k\u00f6rmenettel. Az els\u0151\u00e1ldoz\u00f3k m\u00e1r f\u00e9l 10 \u00f3rakor gy\u00fclekeznek.<\/li>\n<\/ol>\n","protected":false},"excerpt":{"rendered":"<p>Ma Szenth\u00e1roms\u00e1g vas\u00e1rnapja van. A h\u00e9ten els\u0151 p\u00e9ntek. D\u00e9lel\u0151tt a h\u00e1zi betegek gy\u00f3ntat\u00e1sa, d\u00e9lut\u00e1n 18 \u00f3r\u00e1t\u00f3l gy\u00f3ntat\u00e1s a pl\u00e9b\u00e1niatemplomban, 18.30-t\u00f3l szents\u00e9gim\u00e1d\u00e1s, 19 \u00f3rakor szentmise. P\u00e9nteken az els\u0151\u00e1ldoz\u00f3k gy\u00f3ntat\u00e1sa 14 \u00f3rakor kezd\u0151dik. A j\u00f6v\u0151 vas\u00e1rnap \u00darnapja, az Olt\u00e1riszents\u00e9g \u00fcnnepe. Ezen a napon a 4 templom k\u00fcl\u00f6n-k\u00fcl\u00f6n lombs\u00e1trat \u00e9p\u00edt a pl\u00e9b\u00e1niatemplom el\u0151tti t\u00e9ren az \u00farnapi k\u00f6rmenethez. Az \u00fcnnepi szentmise 10 \u00f3rakor kezd\u0151dik \u2013 els\u0151\u00e1ldoz\u00e1ssal \u00e9s \u00farnapi k\u00f6rmenettel. Az els\u0151\u00e1ldoz\u00f3k m\u00e1r f\u00e9l 10 \u00f3rakor gy\u00fclekeznek.<\/p>\n","protected":false},"author":2,"featured_media":0,"comment_status":"closed","ping_status":"open","sticky":false,"template":"","format":"standard","meta":{"footnotes":""},"categories":[1],"tags":[],"class_list":["post-247","post","type-post","status-publish","format-standard","hentry","category-egyeb"],"_links":{"self":[{"href":"https:\/\/marcali.plebania.hu\/index.php?rest_route=\/wp\/v2\/posts\/247","targetHints":{"allow":["GET"]}}],"collection":[{"href":"https:\/\/marcali.plebania.hu\/index.php?rest_route=\/wp\/v2\/posts"}],"about":[{"href":"https:\/\/marcali.plebania.hu\/index.php?rest_route=\/wp\/v2\/types\/post"}],"author":[{"embeddable":true,"href":"https:\/\/marcali.plebania.hu\/index.php?rest_route=\/wp\/v2\/users\/2"}],"replies":[{"embeddable":true,"href":"https:\/\/marcali.plebania.hu\/index.php?rest_route=%2Fwp%2Fv2%2Fcomments&post=247"}],"version-history":[{"count":2,"href":"https:\/\/marcali.plebania.hu\/index.php?rest_route=\/wp\/v2\/posts\/247\/revisions"}],"predecessor-version":[{"id":249,"href":"https:\/\/marcali.plebania.hu\/index.php?rest_route=\/wp\/v2\/posts\/247\/revisions\/249"}],"wp:attachment":[{"href":"https:\/\/marcali.plebania.hu\/index.php?rest_route=%2Fwp%2Fv2%2Fmedia&parent=247"}],"wp:term":[{"taxonomy":"category","embeddable":true,"href":"https:\/\/marcali.plebania.hu\/index.php?rest_route=%2Fwp%2Fv2%2Fcategories&post=247"},{"taxonomy":"post_tag","embeddable":true,"href":"https:\/\/marcali.plebania.hu\/index.php?rest_route=%2Fwp%2Fv2%2Ftags&post=247"}],"curies":[{"name":"wp","href":"https:\/\/api.w.org\/{rel}","templated":true}]}}