{"id":2471,"date":"2021-03-01T16:14:15","date_gmt":"2021-03-01T16:14:15","guid":{"rendered":"https:\/\/marcali.plebania.hu\/?p=2471"},"modified":"2021-03-01T16:25:49","modified_gmt":"2021-03-01T16:25:49","slug":"szentmisevel-es-gyertyagyujtassal-emlekeztek-a-kommunizmus-aldozataira-marcaliban","status":"publish","type":"post","link":"https:\/\/marcali.plebania.hu\/?p=2471","title":{"rendered":"Szentmis\u00e9vel \u00e9s gyertyagy\u00fajt\u00e1ssal eml\u00e9keztek a kommunizmus \u00e1ldozataira Marcaliban"},"content":{"rendered":"\n<p>2021. febru\u00e1r 26-\u00e1n, p\u00e9nteken 17 \u00f3r\u00e1t\u00f3l Kiss Iv\u00e1n c. pr\u00e9post, esperes-pl\u00e9b\u00e1nos a Gy\u00fcm\u00f6lcsolt\u00f3 Boldogasszony pl\u00e9b\u00e1niatemplomban engesztel\u0151 szentmis\u00e9t celebr\u00e1lt a kommunizmus \u00e1ldozatai\u00e9rt. Pr\u00e9dik\u00e1ci\u00f3j\u00e1ban az egykori diktat\u00f3rikus hatalomr\u00f3l besz\u00e9lt, Mindszenty b\u00edboros meghurcoltat\u00e1s\u00e1r\u00f3l. Kiemelte, hogy a kommunizmus \u00e1ldozatai m\u00e9rhetetlen szenved\u00e9sen mentek kereszt\u00fcl, \u00e9s a r\u00f3luk val\u00f3 megeml\u00e9kez\u00e9s m\u00e9g mindig nincs a hely\u00e9n kezelve. Ugyanis m\u00e9g ma is sokan pr\u00f3b\u00e1lj\u00e1k elkenni, elkend\u0151zni annak a rendszernek a val\u00f3di arc\u00e1t, mondv\u00e1n, hogy annakidej\u00e9n mindenkinek volt munk\u00e1ja. De abba m\u00e1r nem gondolnak bele, hogy milyen \u00e1ron\u2026 Amikor nem volt szabads\u00e1g, sem v\u00e9lem\u00e9ny, sem vall\u00e1si \u00e9rtelemben.<\/p>\n\n\n\n<figure class=\"wp-block-gallery columns-3 is-cropped wp-block-gallery-1 is-layout-flex wp-block-gallery-is-layout-flex\"><ul class=\"blocks-gallery-grid\"><li class=\"blocks-gallery-item\"><figure><img loading=\"lazy\" decoding=\"async\" width=\"1024\" height=\"683\" src=\"https:\/\/marcali.plebania.hu\/wp-content\/uploads\/2021\/03\/06-1024x683.jpg\" alt=\"\" data-id=\"2472\" data-link=\"https:\/\/marcali.plebania.hu\/?attachment_id=2472\" class=\"wp-image-2472\" srcset=\"https:\/\/marcali.plebania.hu\/wp-content\/uploads\/2021\/03\/06-1024x683.jpg 1024w, https:\/\/marcali.plebania.hu\/wp-content\/uploads\/2021\/03\/06-300x200.jpg 300w, https:\/\/marcali.plebania.hu\/wp-content\/uploads\/2021\/03\/06-768x512.jpg 768w, https:\/\/marcali.plebania.hu\/wp-content\/uploads\/2021\/03\/06-1536x1024.jpg 1536w, https:\/\/marcali.plebania.hu\/wp-content\/uploads\/2021\/03\/06-2048x1365.jpg 2048w, https:\/\/marcali.plebania.hu\/wp-content\/uploads\/2021\/03\/06-405x270.jpg 405w\" sizes=\"auto, (max-width: 1024px) 100vw, 1024px\" \/><\/figure><\/li><li class=\"blocks-gallery-item\"><figure><img loading=\"lazy\" decoding=\"async\" width=\"1024\" height=\"683\" src=\"https:\/\/marcali.plebania.hu\/wp-content\/uploads\/2021\/03\/09-1024x683.jpg\" alt=\"\" data-id=\"2473\" data-link=\"https:\/\/marcali.plebania.hu\/?attachment_id=2473\" class=\"wp-image-2473\" srcset=\"https:\/\/marcali.plebania.hu\/wp-content\/uploads\/2021\/03\/09-1024x683.jpg 1024w, https:\/\/marcali.plebania.hu\/wp-content\/uploads\/2021\/03\/09-300x200.jpg 300w, https:\/\/marcali.plebania.hu\/wp-content\/uploads\/2021\/03\/09-768x512.jpg 768w, https:\/\/marcali.plebania.hu\/wp-content\/uploads\/2021\/03\/09-1536x1024.jpg 1536w, https:\/\/marcali.plebania.hu\/wp-content\/uploads\/2021\/03\/09-2048x1365.jpg 2048w, https:\/\/marcali.plebania.hu\/wp-content\/uploads\/2021\/03\/09-405x270.jpg 405w\" sizes=\"auto, (max-width: 1024px) 100vw, 1024px\" \/><\/figure><\/li><li class=\"blocks-gallery-item\"><figure><img loading=\"lazy\" decoding=\"async\" width=\"1024\" height=\"683\" src=\"https:\/\/marcali.plebania.hu\/wp-content\/uploads\/2021\/03\/12-1024x683.jpg\" alt=\"\" data-id=\"2474\" data-link=\"https:\/\/marcali.plebania.hu\/?attachment_id=2474\" class=\"wp-image-2474\" srcset=\"https:\/\/marcali.plebania.hu\/wp-content\/uploads\/2021\/03\/12-1024x683.jpg 1024w, https:\/\/marcali.plebania.hu\/wp-content\/uploads\/2021\/03\/12-300x200.jpg 300w, https:\/\/marcali.plebania.hu\/wp-content\/uploads\/2021\/03\/12-768x512.jpg 768w, https:\/\/marcali.plebania.hu\/wp-content\/uploads\/2021\/03\/12-1536x1024.jpg 1536w, https:\/\/marcali.plebania.hu\/wp-content\/uploads\/2021\/03\/12-2048x1365.jpg 2048w, https:\/\/marcali.plebania.hu\/wp-content\/uploads\/2021\/03\/12-405x270.jpg 405w\" sizes=\"auto, (max-width: 1024px) 100vw, 1024px\" \/><\/figure><\/li><li class=\"blocks-gallery-item\"><figure><img loading=\"lazy\" decoding=\"async\" width=\"1024\" height=\"683\" src=\"https:\/\/marcali.plebania.hu\/wp-content\/uploads\/2021\/03\/05-1024x683.jpg\" alt=\"\" data-id=\"2475\" data-full-url=\"https:\/\/marcali.plebania.hu\/wp-content\/uploads\/2021\/03\/05-scaled.jpg\" data-link=\"https:\/\/marcali.plebania.hu\/?attachment_id=2475\" class=\"wp-image-2475\" srcset=\"https:\/\/marcali.plebania.hu\/wp-content\/uploads\/2021\/03\/05-1024x683.jpg 1024w, https:\/\/marcali.plebania.hu\/wp-content\/uploads\/2021\/03\/05-300x200.jpg 300w, https:\/\/marcali.plebania.hu\/wp-content\/uploads\/2021\/03\/05-768x512.jpg 768w, https:\/\/marcali.plebania.hu\/wp-content\/uploads\/2021\/03\/05-1536x1024.jpg 1536w, https:\/\/marcali.plebania.hu\/wp-content\/uploads\/2021\/03\/05-2048x1365.jpg 2048w, https:\/\/marcali.plebania.hu\/wp-content\/uploads\/2021\/03\/05-405x270.jpg 405w\" sizes=\"auto, (max-width: 1024px) 100vw, 1024px\" \/><\/figure><\/li><\/ul><\/figure>\n\n\n\n<p>Ezut\u00e1n saj\u00e1t\neml\u00e9keib\u0151l id\u00e9zett fel n\u00e9h\u00e1ny gondolatot, amikor m\u00e9g somogyv\u00e1ri pl\u00e9b\u00e1nosk\u00e9nt a\nmarcali par\u00f3kia irod\u00e1j\u00e1ban \u2013 \u00e9ppen ott, ahol most az \u0151 hivatala van \u2013 akart\u00e1k sikertelen\u00fcl\nbeszervezni a b\u00e9kepapi mozgalomba. Azzal \u00e9rveltek, hogy biztos nem akar \u00f6r\u00f6kk\u00e9 Vityapuszt\u00e1n,\nvagy Somogyv\u00e1ron maradni, mis\u00e9zni\u2026 Mert abban az id\u0151ben a p\u00fcsp\u00f6k\u00f6k \u00e9s a v\u00e1rosi\npl\u00e9b\u00e1ni\u00e1k \u00e9l\u00e9re csak olyan \u201emegb\u00edzhat\u00f3\u201d embereket neveztek ki, akiket az \u00e1llam\nis j\u00f3v\u00e1hagyott. Azt\u00e1n j\u00f6tt a rendszerv\u00e1ltoz\u00e1s \u00e9s megv\u00e1ltozott minden\u2026<\/p>\n\n\n\n<p>Szentbesz\u00e9d\u00e9ben eml\u00edt\u00e9st tett a t\u00f6bb mint 100 milli\u00f3 \u00e1ldozatot k\u00f6vetel\u0151 diktat\u00far\u00e1r\u00f3l. Kihangs\u00falyozta, a kereszt\u00e9ny emberek megbocs\u00e1tanak minden b\u0171nt, de feledni sohasem szabad. Eml\u00e9kezni \u00e9s eml\u00e9keztetni kell ezekr\u0151l a sz\u00f6rny\u0171s\u00e9gekr\u0151l, melyet elk\u00f6vettek emberek az emberek ellen. Sajnos manaps\u00e1g is hallani olyan hangokat, akik nem is tudj\u00e1k, hogy mi is volt tulajdonk\u00e9ppen a kommunizmus. Az akkori rendszer legnagyobb b\u0171ne az volt, hogy nem tisztelte sem az Istent, sem az embert. A k\u00e9tezer \u00e9vet \u00e1t\u00e9lt egyh\u00e1zat pedig legf\u0151bb ellens\u00e9g\u00e9nek tekintette.<\/p>\n\n\n\n<figure class=\"wp-block-gallery columns-3 is-cropped wp-block-gallery-2 is-layout-flex wp-block-gallery-is-layout-flex\"><ul class=\"blocks-gallery-grid\"><li class=\"blocks-gallery-item\"><figure><img loading=\"lazy\" decoding=\"async\" width=\"1024\" height=\"683\" src=\"https:\/\/marcali.plebania.hu\/wp-content\/uploads\/2021\/03\/14-1024x683.jpg\" alt=\"\" data-id=\"2476\" data-full-url=\"https:\/\/marcali.plebania.hu\/wp-content\/uploads\/2021\/03\/14-scaled.jpg\" data-link=\"https:\/\/marcali.plebania.hu\/?attachment_id=2476\" class=\"wp-image-2476\" srcset=\"https:\/\/marcali.plebania.hu\/wp-content\/uploads\/2021\/03\/14-1024x683.jpg 1024w, https:\/\/marcali.plebania.hu\/wp-content\/uploads\/2021\/03\/14-300x200.jpg 300w, https:\/\/marcali.plebania.hu\/wp-content\/uploads\/2021\/03\/14-768x512.jpg 768w, https:\/\/marcali.plebania.hu\/wp-content\/uploads\/2021\/03\/14-1536x1024.jpg 1536w, https:\/\/marcali.plebania.hu\/wp-content\/uploads\/2021\/03\/14-2048x1365.jpg 2048w, https:\/\/marcali.plebania.hu\/wp-content\/uploads\/2021\/03\/14-405x270.jpg 405w\" sizes=\"auto, (max-width: 1024px) 100vw, 1024px\" \/><\/figure><\/li><li class=\"blocks-gallery-item\"><figure><img loading=\"lazy\" decoding=\"async\" width=\"1024\" height=\"683\" src=\"https:\/\/marcali.plebania.hu\/wp-content\/uploads\/2021\/03\/15-1024x683.jpg\" alt=\"\" data-id=\"2477\" data-full-url=\"https:\/\/marcali.plebania.hu\/wp-content\/uploads\/2021\/03\/15-scaled.jpg\" data-link=\"https:\/\/marcali.plebania.hu\/?attachment_id=2477\" class=\"wp-image-2477\" srcset=\"https:\/\/marcali.plebania.hu\/wp-content\/uploads\/2021\/03\/15-1024x683.jpg 1024w, https:\/\/marcali.plebania.hu\/wp-content\/uploads\/2021\/03\/15-300x200.jpg 300w, https:\/\/marcali.plebania.hu\/wp-content\/uploads\/2021\/03\/15-768x512.jpg 768w, https:\/\/marcali.plebania.hu\/wp-content\/uploads\/2021\/03\/15-1536x1024.jpg 1536w, https:\/\/marcali.plebania.hu\/wp-content\/uploads\/2021\/03\/15-2048x1365.jpg 2048w, https:\/\/marcali.plebania.hu\/wp-content\/uploads\/2021\/03\/15-405x270.jpg 405w\" sizes=\"auto, (max-width: 1024px) 100vw, 1024px\" \/><\/figure><\/li><li class=\"blocks-gallery-item\"><figure><img loading=\"lazy\" decoding=\"async\" width=\"1024\" height=\"683\" src=\"https:\/\/marcali.plebania.hu\/wp-content\/uploads\/2021\/03\/16-1024x683.jpg\" alt=\"\" data-id=\"2478\" data-full-url=\"https:\/\/marcali.plebania.hu\/wp-content\/uploads\/2021\/03\/16-scaled.jpg\" data-link=\"https:\/\/marcali.plebania.hu\/?attachment_id=2478\" class=\"wp-image-2478\" srcset=\"https:\/\/marcali.plebania.hu\/wp-content\/uploads\/2021\/03\/16-1024x683.jpg 1024w, https:\/\/marcali.plebania.hu\/wp-content\/uploads\/2021\/03\/16-300x200.jpg 300w, https:\/\/marcali.plebania.hu\/wp-content\/uploads\/2021\/03\/16-768x512.jpg 768w, https:\/\/marcali.plebania.hu\/wp-content\/uploads\/2021\/03\/16-1536x1024.jpg 1536w, https:\/\/marcali.plebania.hu\/wp-content\/uploads\/2021\/03\/16-2048x1365.jpg 2048w, https:\/\/marcali.plebania.hu\/wp-content\/uploads\/2021\/03\/16-405x270.jpg 405w\" sizes=\"auto, (max-width: 1024px) 100vw, 1024px\" \/><\/figure><\/li><li class=\"blocks-gallery-item\"><figure><img loading=\"lazy\" decoding=\"async\" width=\"1024\" height=\"683\" src=\"https:\/\/marcali.plebania.hu\/wp-content\/uploads\/2021\/03\/17-1024x683.jpg\" alt=\"\" data-id=\"2479\" data-full-url=\"https:\/\/marcali.plebania.hu\/wp-content\/uploads\/2021\/03\/17-scaled.jpg\" data-link=\"https:\/\/marcali.plebania.hu\/?attachment_id=2479\" class=\"wp-image-2479\" srcset=\"https:\/\/marcali.plebania.hu\/wp-content\/uploads\/2021\/03\/17-1024x683.jpg 1024w, https:\/\/marcali.plebania.hu\/wp-content\/uploads\/2021\/03\/17-300x200.jpg 300w, https:\/\/marcali.plebania.hu\/wp-content\/uploads\/2021\/03\/17-768x512.jpg 768w, https:\/\/marcali.plebania.hu\/wp-content\/uploads\/2021\/03\/17-1536x1024.jpg 1536w, https:\/\/marcali.plebania.hu\/wp-content\/uploads\/2021\/03\/17-2048x1365.jpg 2048w, https:\/\/marcali.plebania.hu\/wp-content\/uploads\/2021\/03\/17-405x270.jpg 405w\" sizes=\"auto, (max-width: 1024px) 100vw, 1024px\" \/><\/figure><\/li><\/ul><\/figure>\n\n\n\n<p>Felid\u00e9zte, hogy II. J\u00e1nos P\u00e1l p\u00e1p\u00e1nak nagy szerepe volt a kommunizmus felboml\u00e1s\u00e1ban, mert \u0151 b\u00e1tran szembesz\u00e1llt vel\u00fck. S amikor p\u00e1p\u00e1v\u00e1 v\u00e1lasztott\u00e1k, akkor egyb\u0151l \u00f6ssze\u00fclt a szovjet k\u00f6zponti p\u00e1rtbizotts\u00e1g, mert tudt\u00e1k, hogy \u0151 igaz\u00e1n ismeri az elnyom\u00f3 rendszert. A mostani magyar minisztereln\u00f6k is \u00e9ppen egy lengyelorsz\u00e1gi p\u00e1pal\u00e1togat\u00e1s sor\u00e1n t\u00e9rt meg, amikor a saj\u00e1t szem\u00e9vel l\u00e1tta \u00e9s tapasztalta, hogy mekkora t\u00f6meg gy\u0171lt akkor \u00f6ssze a Szentatya fogad\u00e1s\u00e1ra. S akkor d\u00f6bbent r\u00e1, hogy a kommunista rendszer az \u00f6sszefog\u00e1s erej\u00e9vel megd\u00f6nthet\u0151.<\/p>\n\n\n\n<p>Iv\u00e1n atya az eml\u00e9kez\u00e9s fontoss\u00e1g\u00e1ra h\u00edvta fel a h\u00edvek figyelm\u00e9t, \u00e9s a jelenl\u00e9v\u0151kkel egy\u00fctt im\u00e1dkozott a m\u00e1rt\u00edrok\u00e9rt, a diktat\u00fara \u00fcld\u00f6z\u00f6ttjei\u00e9rt, de a megbocs\u00e1t\u00e1s jegy\u00e9ben az embertelen tettek elk\u00f6vet\u0151i\u00e9rt is.<\/p>\n\n\n\n<figure class=\"wp-block-gallery columns-3 is-cropped wp-block-gallery-3 is-layout-flex wp-block-gallery-is-layout-flex\"><ul class=\"blocks-gallery-grid\"><li class=\"blocks-gallery-item\"><figure><img loading=\"lazy\" decoding=\"async\" width=\"1024\" height=\"683\" src=\"https:\/\/marcali.plebania.hu\/wp-content\/uploads\/2021\/03\/18-1024x683.jpg\" alt=\"\" data-id=\"2480\" data-link=\"https:\/\/marcali.plebania.hu\/?attachment_id=2480\" class=\"wp-image-2480\" srcset=\"https:\/\/marcali.plebania.hu\/wp-content\/uploads\/2021\/03\/18-1024x683.jpg 1024w, https:\/\/marcali.plebania.hu\/wp-content\/uploads\/2021\/03\/18-300x200.jpg 300w, https:\/\/marcali.plebania.hu\/wp-content\/uploads\/2021\/03\/18-768x512.jpg 768w, https:\/\/marcali.plebania.hu\/wp-content\/uploads\/2021\/03\/18-1536x1024.jpg 1536w, https:\/\/marcali.plebania.hu\/wp-content\/uploads\/2021\/03\/18-2048x1365.jpg 2048w, https:\/\/marcali.plebania.hu\/wp-content\/uploads\/2021\/03\/18-405x270.jpg 405w\" sizes=\"auto, (max-width: 1024px) 100vw, 1024px\" \/><\/figure><\/li><li class=\"blocks-gallery-item\"><figure><img loading=\"lazy\" decoding=\"async\" width=\"1024\" height=\"683\" src=\"https:\/\/marcali.plebania.hu\/wp-content\/uploads\/2021\/03\/24-1024x683.jpg\" alt=\"\" data-id=\"2481\" data-link=\"https:\/\/marcali.plebania.hu\/?attachment_id=2481\" class=\"wp-image-2481\" srcset=\"https:\/\/marcali.plebania.hu\/wp-content\/uploads\/2021\/03\/24-1024x683.jpg 1024w, https:\/\/marcali.plebania.hu\/wp-content\/uploads\/2021\/03\/24-300x200.jpg 300w, https:\/\/marcali.plebania.hu\/wp-content\/uploads\/2021\/03\/24-768x512.jpg 768w, https:\/\/marcali.plebania.hu\/wp-content\/uploads\/2021\/03\/24-1536x1024.jpg 1536w, https:\/\/marcali.plebania.hu\/wp-content\/uploads\/2021\/03\/24-2048x1365.jpg 2048w, https:\/\/marcali.plebania.hu\/wp-content\/uploads\/2021\/03\/24-405x270.jpg 405w\" sizes=\"auto, (max-width: 1024px) 100vw, 1024px\" \/><\/figure><\/li><li class=\"blocks-gallery-item\"><figure><img loading=\"lazy\" decoding=\"async\" width=\"1024\" height=\"683\" src=\"https:\/\/marcali.plebania.hu\/wp-content\/uploads\/2021\/03\/31-1024x683.jpg\" alt=\"\" data-id=\"2482\" data-link=\"https:\/\/marcali.plebania.hu\/?attachment_id=2482\" class=\"wp-image-2482\" srcset=\"https:\/\/marcali.plebania.hu\/wp-content\/uploads\/2021\/03\/31-1024x683.jpg 1024w, https:\/\/marcali.plebania.hu\/wp-content\/uploads\/2021\/03\/31-300x200.jpg 300w, https:\/\/marcali.plebania.hu\/wp-content\/uploads\/2021\/03\/31-768x512.jpg 768w, https:\/\/marcali.plebania.hu\/wp-content\/uploads\/2021\/03\/31-1536x1024.jpg 1536w, https:\/\/marcali.plebania.hu\/wp-content\/uploads\/2021\/03\/31-2048x1365.jpg 2048w, https:\/\/marcali.plebania.hu\/wp-content\/uploads\/2021\/03\/31-405x270.jpg 405w\" sizes=\"auto, (max-width: 1024px) 100vw, 1024px\" \/><\/figure><\/li><li class=\"blocks-gallery-item\"><figure><img loading=\"lazy\" decoding=\"async\" width=\"1024\" height=\"683\" src=\"https:\/\/marcali.plebania.hu\/wp-content\/uploads\/2021\/03\/35-1024x683.jpg\" alt=\"\" data-id=\"2483\" data-full-url=\"https:\/\/marcali.plebania.hu\/wp-content\/uploads\/2021\/03\/35-scaled.jpg\" data-link=\"https:\/\/marcali.plebania.hu\/?attachment_id=2483\" class=\"wp-image-2483\" srcset=\"https:\/\/marcali.plebania.hu\/wp-content\/uploads\/2021\/03\/35-1024x683.jpg 1024w, https:\/\/marcali.plebania.hu\/wp-content\/uploads\/2021\/03\/35-300x200.jpg 300w, https:\/\/marcali.plebania.hu\/wp-content\/uploads\/2021\/03\/35-768x512.jpg 768w, https:\/\/marcali.plebania.hu\/wp-content\/uploads\/2021\/03\/35-1536x1024.jpg 1536w, https:\/\/marcali.plebania.hu\/wp-content\/uploads\/2021\/03\/35-2048x1365.jpg 2048w, https:\/\/marcali.plebania.hu\/wp-content\/uploads\/2021\/03\/35-405x270.jpg 405w\" sizes=\"auto, (max-width: 1024px) 100vw, 1024px\" \/><\/figure><\/li><\/ul><\/figure>\n\n\n\n<p>Az istentiszteletet k\u00f6vet\u0151en a megjelentek \u2013 az aktu\u00e1lis j\u00e1rv\u00e1ny\u00fcgyi int\u00e9zked\u00e9sek betart\u00e1s\u00e1val \u2013 m\u00e9csesekkel a k\u00e9zben vonultak \u00e1t a H\u0151s\u00f6k ter\u00e9re, az 1956-os eml\u00e9km\u0171h\u00f6z, ahol egyenk\u00e9nt m\u00e9csesek elhelyez\u00e9s\u00e9vel, f\u0151hajt\u00e1ssal r\u00f3tt\u00e1k le kegyelet\u00fcket a m\u00e1rt\u00edrok eml\u00e9ke el\u0151tt. Az \u00e1ldozatok\u00e9rt gy\u00fajtott gyerty\u00e1t Huszti G\u00e1bor, a Somogy Megyei K\u00f6zgy\u0171l\u00e9s aleln\u00f6ke; Moln\u00e1r \u00c1gnes Anna, a KDNP Marcali Csoportj\u00e1nak eln\u00f6ke \u00e9s \u00f6nkorm\u00e1nyzati k\u00e9pvisel\u0151; Gelencs\u00e9r R\u00f3bert, az egyh\u00e1zk\u00f6zs\u00e9g vil\u00e1gi eln\u00f6ke; Szaka Zsolt, a Marcali \u00e9s K\u00f6rny\u00e9ke Hagyom\u00e1ny\u0151rz\u0151 Ipartest\u00fclet eln\u00f6ke; Kiss K\u00e1lm\u00e1n, a Kereszt\u00e9ny \u00c9rtelmis\u00e9giek Sz\u00f6vets\u00e9ge (K\u00c9SZ) Marcali Csoportj\u00e1nak eln\u00f6ke; tov\u00e1bb\u00e1 a pl\u00e9b\u00e1nia megjelent k\u00f6z\u00f6ss\u00e9geinek tagjai, valamint a megjelent h\u00edvek is.<\/p>\n\n\n\n<figure class=\"wp-block-gallery columns-1 is-cropped wp-block-gallery-4 is-layout-flex wp-block-gallery-is-layout-flex\"><ul class=\"blocks-gallery-grid\"><li class=\"blocks-gallery-item\"><figure><img loading=\"lazy\" decoding=\"async\" width=\"1024\" height=\"683\" src=\"https:\/\/marcali.plebania.hu\/wp-content\/uploads\/2021\/03\/39-1-1024x683.jpg\" alt=\"\" data-id=\"2486\" data-full-url=\"https:\/\/marcali.plebania.hu\/wp-content\/uploads\/2021\/03\/39-1-scaled.jpg\" data-link=\"https:\/\/marcali.plebania.hu\/?attachment_id=2486\" class=\"wp-image-2486\" srcset=\"https:\/\/marcali.plebania.hu\/wp-content\/uploads\/2021\/03\/39-1-1024x683.jpg 1024w, https:\/\/marcali.plebania.hu\/wp-content\/uploads\/2021\/03\/39-1-300x200.jpg 300w, https:\/\/marcali.plebania.hu\/wp-content\/uploads\/2021\/03\/39-1-768x512.jpg 768w, https:\/\/marcali.plebania.hu\/wp-content\/uploads\/2021\/03\/39-1-1536x1024.jpg 1536w, https:\/\/marcali.plebania.hu\/wp-content\/uploads\/2021\/03\/39-1-2048x1365.jpg 2048w, https:\/\/marcali.plebania.hu\/wp-content\/uploads\/2021\/03\/39-1-405x270.jpg 405w\" sizes=\"auto, (max-width: 1024px) 100vw, 1024px\" \/><\/figure><\/li><\/ul><\/figure>\n","protected":false},"excerpt":{"rendered":"<p>2021. febru\u00e1r 26-\u00e1n, p\u00e9nteken 17 \u00f3r\u00e1t\u00f3l Kiss Iv\u00e1n c. pr\u00e9post, esperes-pl\u00e9b\u00e1nos a Gy\u00fcm\u00f6lcsolt\u00f3 Boldogasszony pl\u00e9b\u00e1niatemplomban engesztel\u0151 szentmis\u00e9t celebr\u00e1lt a kommunizmus \u00e1ldozatai\u00e9rt. Pr\u00e9dik\u00e1ci\u00f3j\u00e1ban az egykori diktat\u00f3rikus hatalomr\u00f3l besz\u00e9lt, Mindszenty b\u00edboros meghurcoltat\u00e1s\u00e1r\u00f3l. Kiemelte, hogy a kommunizmus \u00e1ldozatai m\u00e9rhetetlen szenved\u00e9sen mentek kereszt\u00fcl, \u00e9s a r\u00f3luk val\u00f3 megeml\u00e9kez\u00e9s m\u00e9g mindig nincs a hely\u00e9n kezelve. Ugyanis m\u00e9g ma is sokan pr\u00f3b\u00e1lj\u00e1k elkenni, elkend\u0151zni annak a rendszernek a val\u00f3di arc\u00e1t, mondv\u00e1n, hogy annakidej\u00e9n mindenkinek volt munk\u00e1ja. De abba m\u00e1r nem gondolnak bele, hogy milyen \u00e1ron\u2026 Amikor&#8230;<\/p>\n<p class=\"read-more\"><a class=\"btn btn-default\" href=\"https:\/\/marcali.plebania.hu\/?p=2471\"> Read More<span class=\"screen-reader-text\">  Read More<\/span><\/a><\/p>\n","protected":false},"author":2,"featured_media":0,"comment_status":"closed","ping_status":"open","sticky":false,"template":"","format":"standard","meta":{"footnotes":""},"categories":[1],"tags":[],"class_list":["post-2471","post","type-post","status-publish","format-standard","hentry","category-egyeb"],"_links":{"self":[{"href":"https:\/\/marcali.plebania.hu\/index.php?rest_route=\/wp\/v2\/posts\/2471","targetHints":{"allow":["GET"]}}],"collection":[{"href":"https:\/\/marcali.plebania.hu\/index.php?rest_route=\/wp\/v2\/posts"}],"about":[{"href":"https:\/\/marcali.plebania.hu\/index.php?rest_route=\/wp\/v2\/types\/post"}],"author":[{"embeddable":true,"href":"https:\/\/marcali.plebania.hu\/index.php?rest_route=\/wp\/v2\/users\/2"}],"replies":[{"embeddable":true,"href":"https:\/\/marcali.plebania.hu\/index.php?rest_route=%2Fwp%2Fv2%2Fcomments&post=2471"}],"version-history":[{"count":2,"href":"https:\/\/marcali.plebania.hu\/index.php?rest_route=\/wp\/v2\/posts\/2471\/revisions"}],"predecessor-version":[{"id":2488,"href":"https:\/\/marcali.plebania.hu\/index.php?rest_route=\/wp\/v2\/posts\/2471\/revisions\/2488"}],"wp:attachment":[{"href":"https:\/\/marcali.plebania.hu\/index.php?rest_route=%2Fwp%2Fv2%2Fmedia&parent=2471"}],"wp:term":[{"taxonomy":"category","embeddable":true,"href":"https:\/\/marcali.plebania.hu\/index.php?rest_route=%2Fwp%2Fv2%2Fcategories&post=2471"},{"taxonomy":"post_tag","embeddable":true,"href":"https:\/\/marcali.plebania.hu\/index.php?rest_route=%2Fwp%2Fv2%2Ftags&post=2471"}],"curies":[{"name":"wp","href":"https:\/\/api.w.org\/{rel}","templated":true}]}}