{"id":2497,"date":"2021-03-12T08:29:53","date_gmt":"2021-03-12T08:29:53","guid":{"rendered":"https:\/\/marcali.plebania.hu\/?p=2497"},"modified":"2021-03-12T08:29:53","modified_gmt":"2021-03-12T08:29:53","slug":"hirdetesek-2021-03-14","status":"publish","type":"post","link":"https:\/\/marcali.plebania.hu\/?p=2497","title":{"rendered":"Hirdet\u00e9sek, 2021. 03. 14."},"content":{"rendered":"\n<ol class=\"wp-block-list\"><li>Ma nagyb\u00f6jt 4. vas\u00e1rnapja van.<\/li><li>A h\u00e9ten, p\u00e9nteken 16.30-kor\nkereszt\u00fati \u00e1jtatoss\u00e1g, melyet a R\u00f3zsaf\u00fcz\u00e9r T\u00e1rsulat tagjai vezetnek.<\/li><li>P\u00e9nteken 17 \u00f3rakor szentmise, melyet\nKis-D\u00f6rnyei L\u00e1szl\u00f3 testv\u00e9r\u00fcnk\u00e9rt mutatunk be. Ez lesz marcali temet\u00e9si\nszentmis\u00e9je. Akik elj\u00f6nnek a szentmis\u00e9re, k\u00e9rem, maszkban j\u00f6jjenek, az ajt\u00f3ban\nl\u00e1zm\u00e9r\u00e9s, k\u00e9zfert\u0151tlen\u00edt\u00e9s lesz. A templomban minden m\u00e1sodik padot lez\u00e1runk,\nhogy a megfelel\u0151 t\u00e1vols\u00e1gtart\u00e1s biztos\u00edtott legyen. Kis-D\u00f6rnyei L\u00e1szl\u00f3t\u00f3l a\nmarcali pl\u00e9b\u00e1nia is b\u00facs\u00fazik, mivel p\u00e9ldamutat\u00f3 m\u00f3don minden vas\u00e1rnap templomi\nk\u00f6z\u00f6ss\u00e9g\u00fcnk tagja volt.<\/li><li>Szombaton 17 \u00f3rakor szentmise, melyet\nBabina S\u00e1ndorn\u00e9, most elhunyt testv\u00e9r\u00fcnk\u00e9rt mutatom be.<\/li><li>J\u00f6v\u0151 vas\u00e1rnap a pl\u00e9b\u00e1niatemplomban 9\n\u00f3rakor lesz a szentmise.<\/li><li>A szents\u00edr vir\u00e1gaira a vir\u00e1gp\u00e9nzt\nk\u00e9rn\u00e9m a sekresty\u00e9snek leadni.<\/li><\/ol>\n","protected":false},"excerpt":{"rendered":"<p>Ma nagyb\u00f6jt 4. vas\u00e1rnapja van. A h\u00e9ten, p\u00e9nteken 16.30-kor kereszt\u00fati \u00e1jtatoss\u00e1g, melyet a R\u00f3zsaf\u00fcz\u00e9r T\u00e1rsulat tagjai vezetnek. P\u00e9nteken 17 \u00f3rakor szentmise, melyet Kis-D\u00f6rnyei L\u00e1szl\u00f3 testv\u00e9r\u00fcnk\u00e9rt mutatunk be. Ez lesz marcali temet\u00e9si szentmis\u00e9je. Akik elj\u00f6nnek a szentmis\u00e9re, k\u00e9rem, maszkban j\u00f6jjenek, az ajt\u00f3ban l\u00e1zm\u00e9r\u00e9s, k\u00e9zfert\u0151tlen\u00edt\u00e9s lesz. A templomban minden m\u00e1sodik padot lez\u00e1runk, hogy a megfelel\u0151 t\u00e1vols\u00e1gtart\u00e1s biztos\u00edtott legyen. Kis-D\u00f6rnyei L\u00e1szl\u00f3t\u00f3l a marcali pl\u00e9b\u00e1nia is b\u00facs\u00fazik, mivel p\u00e9ldamutat\u00f3 m\u00f3don minden vas\u00e1rnap templomi k\u00f6z\u00f6ss\u00e9g\u00fcnk tagja volt. Szombaton 17 \u00f3rakor szentmise, melyet Babina S\u00e1ndorn\u00e9, most&#8230;<\/p>\n<p class=\"read-more\"><a class=\"btn btn-default\" href=\"https:\/\/marcali.plebania.hu\/?p=2497\"> Read More<span class=\"screen-reader-text\">  Read More<\/span><\/a><\/p>\n","protected":false},"author":2,"featured_media":0,"comment_status":"closed","ping_status":"open","sticky":false,"template":"","format":"standard","meta":{"footnotes":""},"categories":[1],"tags":[],"class_list":["post-2497","post","type-post","status-publish","format-standard","hentry","category-egyeb"],"_links":{"self":[{"href":"https:\/\/marcali.plebania.hu\/index.php?rest_route=\/wp\/v2\/posts\/2497","targetHints":{"allow":["GET"]}}],"collection":[{"href":"https:\/\/marcali.plebania.hu\/index.php?rest_route=\/wp\/v2\/posts"}],"about":[{"href":"https:\/\/marcali.plebania.hu\/index.php?rest_route=\/wp\/v2\/types\/post"}],"author":[{"embeddable":true,"href":"https:\/\/marcali.plebania.hu\/index.php?rest_route=\/wp\/v2\/users\/2"}],"replies":[{"embeddable":true,"href":"https:\/\/marcali.plebania.hu\/index.php?rest_route=%2Fwp%2Fv2%2Fcomments&post=2497"}],"version-history":[{"count":1,"href":"https:\/\/marcali.plebania.hu\/index.php?rest_route=\/wp\/v2\/posts\/2497\/revisions"}],"predecessor-version":[{"id":2498,"href":"https:\/\/marcali.plebania.hu\/index.php?rest_route=\/wp\/v2\/posts\/2497\/revisions\/2498"}],"wp:attachment":[{"href":"https:\/\/marcali.plebania.hu\/index.php?rest_route=%2Fwp%2Fv2%2Fmedia&parent=2497"}],"wp:term":[{"taxonomy":"category","embeddable":true,"href":"https:\/\/marcali.plebania.hu\/index.php?rest_route=%2Fwp%2Fv2%2Fcategories&post=2497"},{"taxonomy":"post_tag","embeddable":true,"href":"https:\/\/marcali.plebania.hu\/index.php?rest_route=%2Fwp%2Fv2%2Ftags&post=2497"}],"curies":[{"name":"wp","href":"https:\/\/api.w.org\/{rel}","templated":true}]}}