{"id":2499,"date":"2021-03-16T15:38:20","date_gmt":"2021-03-16T15:38:20","guid":{"rendered":"https:\/\/marcali.plebania.hu\/?p=2499"},"modified":"2021-03-16T15:38:20","modified_gmt":"2021-03-16T15:38:20","slug":"a-szentmisen-emlekeztek-meg-az-1848-as-szabadsagharcrol","status":"publish","type":"post","link":"https:\/\/marcali.plebania.hu\/?p=2499","title":{"rendered":"A szentmis\u00e9n eml\u00e9keztek meg az 1848-as szabads\u00e1gharcr\u00f3l"},"content":{"rendered":"\n<p>2021. m\u00e1rcius 14-\u00e9n, a 9 \u00f3r\u00e1s szentmise keretein bel\u00fcl r\u00f6vid m\u0171sorral eml\u00e9keztek az 1848-as forradalom \u00e9s szabads\u00e1gharc h\u0151seire, \u00e1ldozataira a nemzeti \u00fcnnep alkalm\u00e1b\u00f3l a Gy\u00fcm\u00f6lcsolt\u00f3 Boldogasszony pl\u00e9b\u00e1niatemplomban.<\/p>\n\n\n\n<figure class=\"wp-block-gallery columns-3 is-cropped wp-block-gallery-1 is-layout-flex wp-block-gallery-is-layout-flex\"><ul class=\"blocks-gallery-grid\"><li class=\"blocks-gallery-item\"><figure><img loading=\"lazy\" decoding=\"async\" width=\"1024\" height=\"683\" src=\"https:\/\/marcali.plebania.hu\/wp-content\/uploads\/2021\/03\/03-1024x683.jpg\" alt=\"\" data-id=\"2500\" data-link=\"https:\/\/marcali.plebania.hu\/?attachment_id=2500\" class=\"wp-image-2500\" srcset=\"https:\/\/marcali.plebania.hu\/wp-content\/uploads\/2021\/03\/03-1024x683.jpg 1024w, https:\/\/marcali.plebania.hu\/wp-content\/uploads\/2021\/03\/03-300x200.jpg 300w, https:\/\/marcali.plebania.hu\/wp-content\/uploads\/2021\/03\/03-768x512.jpg 768w, https:\/\/marcali.plebania.hu\/wp-content\/uploads\/2021\/03\/03-1536x1024.jpg 1536w, https:\/\/marcali.plebania.hu\/wp-content\/uploads\/2021\/03\/03-2048x1365.jpg 2048w, https:\/\/marcali.plebania.hu\/wp-content\/uploads\/2021\/03\/03-405x270.jpg 405w\" sizes=\"auto, (max-width: 1024px) 100vw, 1024px\" \/><\/figure><\/li><li class=\"blocks-gallery-item\"><figure><img loading=\"lazy\" decoding=\"async\" width=\"1024\" height=\"683\" src=\"https:\/\/marcali.plebania.hu\/wp-content\/uploads\/2021\/03\/04-1024x683.jpg\" alt=\"\" data-id=\"2501\" data-link=\"https:\/\/marcali.plebania.hu\/?attachment_id=2501\" class=\"wp-image-2501\" srcset=\"https:\/\/marcali.plebania.hu\/wp-content\/uploads\/2021\/03\/04-1024x683.jpg 1024w, https:\/\/marcali.plebania.hu\/wp-content\/uploads\/2021\/03\/04-300x200.jpg 300w, https:\/\/marcali.plebania.hu\/wp-content\/uploads\/2021\/03\/04-768x512.jpg 768w, https:\/\/marcali.plebania.hu\/wp-content\/uploads\/2021\/03\/04-1536x1024.jpg 1536w, https:\/\/marcali.plebania.hu\/wp-content\/uploads\/2021\/03\/04-2048x1365.jpg 2048w, https:\/\/marcali.plebania.hu\/wp-content\/uploads\/2021\/03\/04-405x270.jpg 405w\" sizes=\"auto, (max-width: 1024px) 100vw, 1024px\" \/><\/figure><\/li><li class=\"blocks-gallery-item\"><figure><img loading=\"lazy\" decoding=\"async\" width=\"1024\" height=\"683\" src=\"https:\/\/marcali.plebania.hu\/wp-content\/uploads\/2021\/03\/07-1024x683.jpg\" alt=\"\" data-id=\"2502\" data-link=\"https:\/\/marcali.plebania.hu\/?attachment_id=2502\" class=\"wp-image-2502\" srcset=\"https:\/\/marcali.plebania.hu\/wp-content\/uploads\/2021\/03\/07-1024x683.jpg 1024w, https:\/\/marcali.plebania.hu\/wp-content\/uploads\/2021\/03\/07-300x200.jpg 300w, https:\/\/marcali.plebania.hu\/wp-content\/uploads\/2021\/03\/07-768x512.jpg 768w, https:\/\/marcali.plebania.hu\/wp-content\/uploads\/2021\/03\/07-1536x1024.jpg 1536w, https:\/\/marcali.plebania.hu\/wp-content\/uploads\/2021\/03\/07-2048x1365.jpg 2048w, https:\/\/marcali.plebania.hu\/wp-content\/uploads\/2021\/03\/07-405x270.jpg 405w\" sizes=\"auto, (max-width: 1024px) 100vw, 1024px\" \/><\/figure><\/li><li class=\"blocks-gallery-item\"><figure><img loading=\"lazy\" decoding=\"async\" width=\"1024\" height=\"683\" src=\"https:\/\/marcali.plebania.hu\/wp-content\/uploads\/2021\/03\/01-1024x683.jpg\" alt=\"\" data-id=\"2503\" data-full-url=\"https:\/\/marcali.plebania.hu\/wp-content\/uploads\/2021\/03\/01-scaled.jpg\" data-link=\"https:\/\/marcali.plebania.hu\/?attachment_id=2503\" class=\"wp-image-2503\" srcset=\"https:\/\/marcali.plebania.hu\/wp-content\/uploads\/2021\/03\/01-1024x683.jpg 1024w, https:\/\/marcali.plebania.hu\/wp-content\/uploads\/2021\/03\/01-300x200.jpg 300w, https:\/\/marcali.plebania.hu\/wp-content\/uploads\/2021\/03\/01-768x512.jpg 768w, https:\/\/marcali.plebania.hu\/wp-content\/uploads\/2021\/03\/01-1536x1024.jpg 1536w, https:\/\/marcali.plebania.hu\/wp-content\/uploads\/2021\/03\/01-2048x1365.jpg 2048w, https:\/\/marcali.plebania.hu\/wp-content\/uploads\/2021\/03\/01-405x270.jpg 405w\" sizes=\"auto, (max-width: 1024px) 100vw, 1024px\" \/><\/figure><\/li><\/ul><\/figure>\n\n\n\n<p>Az istentiszteletet Kiss Iv\u00e1n c. pr\u00e9post, esperes-pl\u00e9b\u00e1nos celebr\u00e1lta, aki bevezet\u0151 gondolataiban az \u00e9vfordul\u00f3 fontoss\u00e1g\u00e1t hangs\u00falyozta. Majd ezut\u00e1n Kozma Kriszti\u00e1n Kazinczy-d\u00edjas el\u0151ad\u00f3, valamint a F\u00e9ny Gyermekei Zenekar k\u00f6zrem\u0171k\u00f6d\u00e9s\u00e9vel egy, az alkalomhoz ill\u0151 hazafias verses-zen\u00e9s \u00f6ssze\u00e1ll\u00edt\u00e1ssal tisztelegtek a forradalmi esem\u00e9nyek el\u0151tt.<\/p>\n\n\n\n<figure class=\"wp-block-gallery columns-3 is-cropped wp-block-gallery-2 is-layout-flex wp-block-gallery-is-layout-flex\"><ul class=\"blocks-gallery-grid\"><li class=\"blocks-gallery-item\"><figure><img loading=\"lazy\" decoding=\"async\" width=\"1024\" height=\"683\" src=\"https:\/\/marcali.plebania.hu\/wp-content\/uploads\/2021\/03\/11-1024x683.jpg\" alt=\"\" data-id=\"2505\" data-link=\"https:\/\/marcali.plebania.hu\/?attachment_id=2505\" class=\"wp-image-2505\" srcset=\"https:\/\/marcali.plebania.hu\/wp-content\/uploads\/2021\/03\/11-1024x683.jpg 1024w, https:\/\/marcali.plebania.hu\/wp-content\/uploads\/2021\/03\/11-300x200.jpg 300w, https:\/\/marcali.plebania.hu\/wp-content\/uploads\/2021\/03\/11-768x512.jpg 768w, https:\/\/marcali.plebania.hu\/wp-content\/uploads\/2021\/03\/11-1536x1024.jpg 1536w, https:\/\/marcali.plebania.hu\/wp-content\/uploads\/2021\/03\/11-2048x1365.jpg 2048w, https:\/\/marcali.plebania.hu\/wp-content\/uploads\/2021\/03\/11-405x270.jpg 405w\" sizes=\"auto, (max-width: 1024px) 100vw, 1024px\" \/><\/figure><\/li><li class=\"blocks-gallery-item\"><figure><img loading=\"lazy\" decoding=\"async\" width=\"1024\" height=\"683\" src=\"https:\/\/marcali.plebania.hu\/wp-content\/uploads\/2021\/03\/13-1024x683.jpg\" alt=\"\" data-id=\"2506\" data-link=\"https:\/\/marcali.plebania.hu\/?attachment_id=2506\" class=\"wp-image-2506\" srcset=\"https:\/\/marcali.plebania.hu\/wp-content\/uploads\/2021\/03\/13-1024x683.jpg 1024w, https:\/\/marcali.plebania.hu\/wp-content\/uploads\/2021\/03\/13-300x200.jpg 300w, https:\/\/marcali.plebania.hu\/wp-content\/uploads\/2021\/03\/13-768x512.jpg 768w, https:\/\/marcali.plebania.hu\/wp-content\/uploads\/2021\/03\/13-1536x1024.jpg 1536w, https:\/\/marcali.plebania.hu\/wp-content\/uploads\/2021\/03\/13-2048x1365.jpg 2048w, https:\/\/marcali.plebania.hu\/wp-content\/uploads\/2021\/03\/13-405x270.jpg 405w\" sizes=\"auto, (max-width: 1024px) 100vw, 1024px\" \/><\/figure><\/li><li class=\"blocks-gallery-item\"><figure><img loading=\"lazy\" decoding=\"async\" width=\"1024\" height=\"683\" src=\"https:\/\/marcali.plebania.hu\/wp-content\/uploads\/2021\/03\/12-1-1024x683.jpg\" alt=\"\" data-id=\"2507\" data-link=\"https:\/\/marcali.plebania.hu\/?attachment_id=2507\" class=\"wp-image-2507\" srcset=\"https:\/\/marcali.plebania.hu\/wp-content\/uploads\/2021\/03\/12-1-1024x683.jpg 1024w, https:\/\/marcali.plebania.hu\/wp-content\/uploads\/2021\/03\/12-1-300x200.jpg 300w, https:\/\/marcali.plebania.hu\/wp-content\/uploads\/2021\/03\/12-1-768x512.jpg 768w, https:\/\/marcali.plebania.hu\/wp-content\/uploads\/2021\/03\/12-1-1536x1024.jpg 1536w, https:\/\/marcali.plebania.hu\/wp-content\/uploads\/2021\/03\/12-1-2048x1365.jpg 2048w, https:\/\/marcali.plebania.hu\/wp-content\/uploads\/2021\/03\/12-1-405x270.jpg 405w\" sizes=\"auto, (max-width: 1024px) 100vw, 1024px\" \/><\/figure><\/li><li class=\"blocks-gallery-item\"><figure><img loading=\"lazy\" decoding=\"async\" width=\"1024\" height=\"683\" src=\"https:\/\/marcali.plebania.hu\/wp-content\/uploads\/2021\/03\/09-1-1024x683.jpg\" alt=\"\" data-id=\"2508\" data-full-url=\"https:\/\/marcali.plebania.hu\/wp-content\/uploads\/2021\/03\/09-1-scaled.jpg\" data-link=\"https:\/\/marcali.plebania.hu\/?attachment_id=2508\" class=\"wp-image-2508\" srcset=\"https:\/\/marcali.plebania.hu\/wp-content\/uploads\/2021\/03\/09-1-1024x683.jpg 1024w, https:\/\/marcali.plebania.hu\/wp-content\/uploads\/2021\/03\/09-1-300x200.jpg 300w, https:\/\/marcali.plebania.hu\/wp-content\/uploads\/2021\/03\/09-1-768x512.jpg 768w, https:\/\/marcali.plebania.hu\/wp-content\/uploads\/2021\/03\/09-1-1536x1024.jpg 1536w, https:\/\/marcali.plebania.hu\/wp-content\/uploads\/2021\/03\/09-1-2048x1365.jpg 2048w, https:\/\/marcali.plebania.hu\/wp-content\/uploads\/2021\/03\/09-1-405x270.jpg 405w\" sizes=\"auto, (max-width: 1024px) 100vw, 1024px\" \/><\/figure><\/li><\/ul><\/figure>\n\n\n\n<p>A jelenleg \u00e9rv\u00e9nyben l\u00e9v\u0151 j\u00e1rv\u00e1ny\u00fcgyi int\u00e9zked\u00e9sek betart\u00e1s\u00e1val ugyanis tov\u00e1bbra sem lehet m\u00e1rcius 15-\u00e9n \u00fcnnepi rendezv\u00e9nyeket tartani. A Kaposv\u00e1ri Egyh\u00e1zmegy\u00e9ben azonban szentmis\u00e9k \u2013 ezen bel\u00fcl a korl\u00e1tozott megeml\u00e9kez\u00e9sek \u2013 tov\u00e1bbra is tarthat\u00f3k a szigor\u00edt\u00e1sok figyelembev\u00e9tel\u00e9vel.<\/p>\n","protected":false},"excerpt":{"rendered":"<p>2021. m\u00e1rcius 14-\u00e9n, a 9 \u00f3r\u00e1s szentmise keretein bel\u00fcl r\u00f6vid m\u0171sorral eml\u00e9keztek az 1848-as forradalom \u00e9s szabads\u00e1gharc h\u0151seire, \u00e1ldozataira a nemzeti \u00fcnnep alkalm\u00e1b\u00f3l a Gy\u00fcm\u00f6lcsolt\u00f3 Boldogasszony pl\u00e9b\u00e1niatemplomban. Az istentiszteletet Kiss Iv\u00e1n c. pr\u00e9post, esperes-pl\u00e9b\u00e1nos celebr\u00e1lta, aki bevezet\u0151 gondolataiban az \u00e9vfordul\u00f3 fontoss\u00e1g\u00e1t hangs\u00falyozta. Majd ezut\u00e1n Kozma Kriszti\u00e1n Kazinczy-d\u00edjas el\u0151ad\u00f3, valamint a F\u00e9ny Gyermekei Zenekar k\u00f6zrem\u0171k\u00f6d\u00e9s\u00e9vel egy, az alkalomhoz ill\u0151 hazafias verses-zen\u00e9s \u00f6ssze\u00e1ll\u00edt\u00e1ssal tisztelegtek a forradalmi esem\u00e9nyek el\u0151tt. A jelenleg \u00e9rv\u00e9nyben l\u00e9v\u0151 j\u00e1rv\u00e1ny\u00fcgyi int\u00e9zked\u00e9sek betart\u00e1s\u00e1val ugyanis tov\u00e1bbra sem lehet m\u00e1rcius 15-\u00e9n \u00fcnnepi&#8230;<\/p>\n<p class=\"read-more\"><a class=\"btn btn-default\" href=\"https:\/\/marcali.plebania.hu\/?p=2499\"> Read More<span class=\"screen-reader-text\">  Read More<\/span><\/a><\/p>\n","protected":false},"author":2,"featured_media":0,"comment_status":"closed","ping_status":"open","sticky":false,"template":"","format":"standard","meta":{"footnotes":""},"categories":[1],"tags":[],"class_list":["post-2499","post","type-post","status-publish","format-standard","hentry","category-egyeb"],"_links":{"self":[{"href":"https:\/\/marcali.plebania.hu\/index.php?rest_route=\/wp\/v2\/posts\/2499","targetHints":{"allow":["GET"]}}],"collection":[{"href":"https:\/\/marcali.plebania.hu\/index.php?rest_route=\/wp\/v2\/posts"}],"about":[{"href":"https:\/\/marcali.plebania.hu\/index.php?rest_route=\/wp\/v2\/types\/post"}],"author":[{"embeddable":true,"href":"https:\/\/marcali.plebania.hu\/index.php?rest_route=\/wp\/v2\/users\/2"}],"replies":[{"embeddable":true,"href":"https:\/\/marcali.plebania.hu\/index.php?rest_route=%2Fwp%2Fv2%2Fcomments&post=2499"}],"version-history":[{"count":1,"href":"https:\/\/marcali.plebania.hu\/index.php?rest_route=\/wp\/v2\/posts\/2499\/revisions"}],"predecessor-version":[{"id":2509,"href":"https:\/\/marcali.plebania.hu\/index.php?rest_route=\/wp\/v2\/posts\/2499\/revisions\/2509"}],"wp:attachment":[{"href":"https:\/\/marcali.plebania.hu\/index.php?rest_route=%2Fwp%2Fv2%2Fmedia&parent=2499"}],"wp:term":[{"taxonomy":"category","embeddable":true,"href":"https:\/\/marcali.plebania.hu\/index.php?rest_route=%2Fwp%2Fv2%2Fcategories&post=2499"},{"taxonomy":"post_tag","embeddable":true,"href":"https:\/\/marcali.plebania.hu\/index.php?rest_route=%2Fwp%2Fv2%2Ftags&post=2499"}],"curies":[{"name":"wp","href":"https:\/\/api.w.org\/{rel}","templated":true}]}}