{"id":2510,"date":"2021-03-19T09:42:14","date_gmt":"2021-03-19T09:42:14","guid":{"rendered":"https:\/\/marcali.plebania.hu\/?p=2510"},"modified":"2021-03-19T09:42:14","modified_gmt":"2021-03-19T09:42:14","slug":"hirdetesek-2021-03-21","status":"publish","type":"post","link":"https:\/\/marcali.plebania.hu\/?p=2510","title":{"rendered":"Hirdet\u00e9sek, 2021. 03. 21."},"content":{"rendered":"\n<ol class=\"wp-block-list\"><li>Ma van Nagyb\u00f6jt 5. vas\u00e1rnapja.<\/li><li>Cs\u00fct\u00f6rt\u00f6k\u00f6n, Gy\u00fcm\u00f6lcsolt\u00f3 Boldogasszony \u00fcnnepe, templomunk v\u00e9d\u0151szentje. Az \u00fcnnepi szentmise este 17 \u00f3rakor lesz.<\/li><li>P\u00e9nteken 16.00-kor kereszt\u00fati \u00e1jtatoss\u00e1g, melyet a hittanos gyermekek v\u00e9geznek a F\u00e9ny Gyermekei Zenekarral. 17 \u00f3rakor szentmise.<\/li><li>Szombaton 17 \u00f3rakor, vas\u00e1rnap 9 \u00f3rakor lesz a szentmise a pl\u00e9b\u00e1niatemplomban.<\/li><li>A szents\u00edr vir\u00e1gaira a vir\u00e1gp\u00e9nzt k\u00e9rj\u00fck a sekresty\u00e9snek leadni.<\/li><\/ol>\n","protected":false},"excerpt":{"rendered":"<p>Ma van Nagyb\u00f6jt 5. vas\u00e1rnapja. Cs\u00fct\u00f6rt\u00f6k\u00f6n, Gy\u00fcm\u00f6lcsolt\u00f3 Boldogasszony \u00fcnnepe, templomunk v\u00e9d\u0151szentje. Az \u00fcnnepi szentmise este 17 \u00f3rakor lesz. P\u00e9nteken 16.00-kor kereszt\u00fati \u00e1jtatoss\u00e1g, melyet a hittanos gyermekek v\u00e9geznek a F\u00e9ny Gyermekei Zenekarral. 17 \u00f3rakor szentmise. Szombaton 17 \u00f3rakor, vas\u00e1rnap 9 \u00f3rakor lesz a szentmise a pl\u00e9b\u00e1niatemplomban. A szents\u00edr vir\u00e1gaira a vir\u00e1gp\u00e9nzt k\u00e9rj\u00fck a sekresty\u00e9snek leadni.<\/p>\n","protected":false},"author":2,"featured_media":0,"comment_status":"closed","ping_status":"open","sticky":false,"template":"","format":"standard","meta":{"footnotes":""},"categories":[1],"tags":[],"class_list":["post-2510","post","type-post","status-publish","format-standard","hentry","category-egyeb"],"_links":{"self":[{"href":"https:\/\/marcali.plebania.hu\/index.php?rest_route=\/wp\/v2\/posts\/2510","targetHints":{"allow":["GET"]}}],"collection":[{"href":"https:\/\/marcali.plebania.hu\/index.php?rest_route=\/wp\/v2\/posts"}],"about":[{"href":"https:\/\/marcali.plebania.hu\/index.php?rest_route=\/wp\/v2\/types\/post"}],"author":[{"embeddable":true,"href":"https:\/\/marcali.plebania.hu\/index.php?rest_route=\/wp\/v2\/users\/2"}],"replies":[{"embeddable":true,"href":"https:\/\/marcali.plebania.hu\/index.php?rest_route=%2Fwp%2Fv2%2Fcomments&post=2510"}],"version-history":[{"count":1,"href":"https:\/\/marcali.plebania.hu\/index.php?rest_route=\/wp\/v2\/posts\/2510\/revisions"}],"predecessor-version":[{"id":2511,"href":"https:\/\/marcali.plebania.hu\/index.php?rest_route=\/wp\/v2\/posts\/2510\/revisions\/2511"}],"wp:attachment":[{"href":"https:\/\/marcali.plebania.hu\/index.php?rest_route=%2Fwp%2Fv2%2Fmedia&parent=2510"}],"wp:term":[{"taxonomy":"category","embeddable":true,"href":"https:\/\/marcali.plebania.hu\/index.php?rest_route=%2Fwp%2Fv2%2Fcategories&post=2510"},{"taxonomy":"post_tag","embeddable":true,"href":"https:\/\/marcali.plebania.hu\/index.php?rest_route=%2Fwp%2Fv2%2Ftags&post=2510"}],"curies":[{"name":"wp","href":"https:\/\/api.w.org\/{rel}","templated":true}]}}