{"id":2512,"date":"2021-03-22T10:24:23","date_gmt":"2021-03-22T10:24:23","guid":{"rendered":"https:\/\/marcali.plebania.hu\/?p=2512"},"modified":"2021-03-22T10:24:23","modified_gmt":"2021-03-22T10:24:23","slug":"a-varos-bucsuzott-kis-dornyei-laszlotol-a-plebaniatemplomban","status":"publish","type":"post","link":"https:\/\/marcali.plebania.hu\/?p=2512","title":{"rendered":"A v\u00e1ros b\u00facs\u00fazott Kis-D\u00f6rnyei L\u00e1szl\u00f3t\u00f3l a pl\u00e9b\u00e1niatemplomban"},"content":{"rendered":"\n<p>M\u00e1rcius 19-\u00e9n, p\u00e9nteken 17 \u00f3rakor a Gy\u00fcm\u00f6lcsolt\u00f3 Boldogasszony pl\u00e9b\u00e1niatemplomban szentmis\u00e9vel eml\u00e9keztek a nemr\u00e9g elhunyt Kis-D\u00f6rnyei L\u00e1szl\u00f3ra. Az istentiszteleten r\u00e9szt vett a v\u00e1ros polg\u00e1rmestere, a Miksz\u00e1th utcai iskola vezet\u0151je, a v\u00e1ros k\u00e9ps\u00edel\u0151 test\u00fclet\u00e9nek tagjai a politikai p\u00e1rtok k\u00e9pvisel\u0151i \u00e9s a helyi sport\u00e9let vezet\u0151i.<\/p>\n\n\n\n<figure class=\"wp-block-gallery columns-3 is-cropped wp-block-gallery-1 is-layout-flex wp-block-gallery-is-layout-flex\"><ul class=\"blocks-gallery-grid\"><li class=\"blocks-gallery-item\"><figure><img loading=\"lazy\" decoding=\"async\" width=\"1024\" height=\"683\" src=\"https:\/\/marcali.plebania.hu\/wp-content\/uploads\/2021\/03\/03-1-1024x683.jpg\" alt=\"\" data-id=\"2513\" data-link=\"https:\/\/marcali.plebania.hu\/?attachment_id=2513\" class=\"wp-image-2513\" srcset=\"https:\/\/marcali.plebania.hu\/wp-content\/uploads\/2021\/03\/03-1-1024x683.jpg 1024w, https:\/\/marcali.plebania.hu\/wp-content\/uploads\/2021\/03\/03-1-300x200.jpg 300w, https:\/\/marcali.plebania.hu\/wp-content\/uploads\/2021\/03\/03-1-768x512.jpg 768w, https:\/\/marcali.plebania.hu\/wp-content\/uploads\/2021\/03\/03-1-1536x1024.jpg 1536w, https:\/\/marcali.plebania.hu\/wp-content\/uploads\/2021\/03\/03-1-2048x1365.jpg 2048w, https:\/\/marcali.plebania.hu\/wp-content\/uploads\/2021\/03\/03-1-405x270.jpg 405w\" sizes=\"auto, (max-width: 1024px) 100vw, 1024px\" \/><\/figure><\/li><li class=\"blocks-gallery-item\"><figure><img loading=\"lazy\" decoding=\"async\" width=\"1024\" height=\"683\" src=\"https:\/\/marcali.plebania.hu\/wp-content\/uploads\/2021\/03\/04-1-1024x683.jpg\" alt=\"\" data-id=\"2514\" data-link=\"https:\/\/marcali.plebania.hu\/?attachment_id=2514\" class=\"wp-image-2514\" srcset=\"https:\/\/marcali.plebania.hu\/wp-content\/uploads\/2021\/03\/04-1-1024x683.jpg 1024w, https:\/\/marcali.plebania.hu\/wp-content\/uploads\/2021\/03\/04-1-300x200.jpg 300w, https:\/\/marcali.plebania.hu\/wp-content\/uploads\/2021\/03\/04-1-768x512.jpg 768w, https:\/\/marcali.plebania.hu\/wp-content\/uploads\/2021\/03\/04-1-1536x1024.jpg 1536w, https:\/\/marcali.plebania.hu\/wp-content\/uploads\/2021\/03\/04-1-2048x1365.jpg 2048w, https:\/\/marcali.plebania.hu\/wp-content\/uploads\/2021\/03\/04-1-405x270.jpg 405w\" sizes=\"auto, (max-width: 1024px) 100vw, 1024px\" \/><\/figure><\/li><li class=\"blocks-gallery-item\"><figure><img loading=\"lazy\" decoding=\"async\" width=\"1024\" height=\"683\" src=\"https:\/\/marcali.plebania.hu\/wp-content\/uploads\/2021\/03\/05-1-1024x683.jpg\" alt=\"\" data-id=\"2515\" data-link=\"https:\/\/marcali.plebania.hu\/?attachment_id=2515\" class=\"wp-image-2515\" srcset=\"https:\/\/marcali.plebania.hu\/wp-content\/uploads\/2021\/03\/05-1-1024x683.jpg 1024w, https:\/\/marcali.plebania.hu\/wp-content\/uploads\/2021\/03\/05-1-300x200.jpg 300w, https:\/\/marcali.plebania.hu\/wp-content\/uploads\/2021\/03\/05-1-768x512.jpg 768w, https:\/\/marcali.plebania.hu\/wp-content\/uploads\/2021\/03\/05-1-1536x1024.jpg 1536w, https:\/\/marcali.plebania.hu\/wp-content\/uploads\/2021\/03\/05-1-2048x1365.jpg 2048w, https:\/\/marcali.plebania.hu\/wp-content\/uploads\/2021\/03\/05-1-405x270.jpg 405w\" sizes=\"auto, (max-width: 1024px) 100vw, 1024px\" \/><\/figure><\/li><li class=\"blocks-gallery-item\"><figure><img loading=\"lazy\" decoding=\"async\" width=\"1024\" height=\"683\" src=\"https:\/\/marcali.plebania.hu\/wp-content\/uploads\/2021\/03\/01-1-1024x683.jpg\" alt=\"\" data-id=\"2516\" data-full-url=\"https:\/\/marcali.plebania.hu\/wp-content\/uploads\/2021\/03\/01-1-scaled.jpg\" data-link=\"https:\/\/marcali.plebania.hu\/?attachment_id=2516\" class=\"wp-image-2516\" srcset=\"https:\/\/marcali.plebania.hu\/wp-content\/uploads\/2021\/03\/01-1-1024x683.jpg 1024w, https:\/\/marcali.plebania.hu\/wp-content\/uploads\/2021\/03\/01-1-300x200.jpg 300w, https:\/\/marcali.plebania.hu\/wp-content\/uploads\/2021\/03\/01-1-768x512.jpg 768w, https:\/\/marcali.plebania.hu\/wp-content\/uploads\/2021\/03\/01-1-1536x1024.jpg 1536w, https:\/\/marcali.plebania.hu\/wp-content\/uploads\/2021\/03\/01-1-2048x1365.jpg 2048w, https:\/\/marcali.plebania.hu\/wp-content\/uploads\/2021\/03\/01-1-405x270.jpg 405w\" sizes=\"auto, (max-width: 1024px) 100vw, 1024px\" \/><\/figure><\/li><\/ul><\/figure>\n\n\n\n<p>Szigor\u00faan\naz \u00e9rv\u00e9nyben l\u00e9v\u0151 j\u00e1rv\u00e1ny\u00fcgyi korl\u00e1toz\u00e1soknak megfelel\u0151en l\u00e1zm\u00e9r\u00e9ssel \u00e9s\nk\u00e9zfert\u0151tlen\u00edt\u00e9ssel lehetett csak bel\u00e9pni a templomba, ahol minden m\u00e1sodik pad\nle volt z\u00e1rva, hogy az el\u0151\u00edrt t\u00e1vols\u00e1g meglegyen.<\/p>\n\n\n\n<p>A szentmis\u00e9t Kiss Iv\u00e1n c. pr\u00e9post, esperes-pl\u00e9b\u00e1nos celebr\u00e1lta, aki arr\u00f3l besz\u00e9lt, hogy az egyh\u00e1zk\u00f6zs\u00e9g is b\u00facs\u00fazik, hiszen L\u00e1szl\u00f3 testv\u00e9r\u00fcnk a h\u00edv\u0151 k\u00f6z\u00f6ss\u00e9ghez tartozott, mivel minden vas\u00e1rnap ott volt a templomban. Hozz\u00e1tette, hogy kereszt\u00e9ny hit\u00fcnk szerint nem \u00f6r\u00f6kre b\u00facs\u00fazunk, hisz\u00fcnk a v\u00e9gs\u0151 tal\u00e1lkoz\u00e1s \u00f6r\u00f6m\u00e9ben. Az elhunyt testv\u00e9r\u00fcnk volt padj\u00e1n ott \u00e9g az \u00f6r\u00f6k \u00e9letet jelent\u0151 m\u00e9cses.<\/p>\n\n\n\n<figure class=\"wp-block-gallery columns-3 is-cropped wp-block-gallery-2 is-layout-flex wp-block-gallery-is-layout-flex\"><ul class=\"blocks-gallery-grid\"><li class=\"blocks-gallery-item\"><figure><img loading=\"lazy\" decoding=\"async\" width=\"1024\" height=\"683\" src=\"https:\/\/marcali.plebania.hu\/wp-content\/uploads\/2021\/03\/02-1024x683.jpg\" alt=\"\" data-id=\"2517\" data-link=\"https:\/\/marcali.plebania.hu\/?attachment_id=2517\" class=\"wp-image-2517\" srcset=\"https:\/\/marcali.plebania.hu\/wp-content\/uploads\/2021\/03\/02-1024x683.jpg 1024w, https:\/\/marcali.plebania.hu\/wp-content\/uploads\/2021\/03\/02-300x200.jpg 300w, https:\/\/marcali.plebania.hu\/wp-content\/uploads\/2021\/03\/02-768x512.jpg 768w, https:\/\/marcali.plebania.hu\/wp-content\/uploads\/2021\/03\/02-1536x1024.jpg 1536w, https:\/\/marcali.plebania.hu\/wp-content\/uploads\/2021\/03\/02-2048x1365.jpg 2048w, https:\/\/marcali.plebania.hu\/wp-content\/uploads\/2021\/03\/02-405x270.jpg 405w\" sizes=\"auto, (max-width: 1024px) 100vw, 1024px\" \/><\/figure><\/li><li class=\"blocks-gallery-item\"><figure><img loading=\"lazy\" decoding=\"async\" width=\"1024\" height=\"683\" src=\"https:\/\/marcali.plebania.hu\/wp-content\/uploads\/2021\/03\/12-2-1024x683.jpg\" alt=\"\" data-id=\"2518\" data-link=\"https:\/\/marcali.plebania.hu\/?attachment_id=2518\" class=\"wp-image-2518\" srcset=\"https:\/\/marcali.plebania.hu\/wp-content\/uploads\/2021\/03\/12-2-1024x683.jpg 1024w, https:\/\/marcali.plebania.hu\/wp-content\/uploads\/2021\/03\/12-2-300x200.jpg 300w, https:\/\/marcali.plebania.hu\/wp-content\/uploads\/2021\/03\/12-2-768x512.jpg 768w, https:\/\/marcali.plebania.hu\/wp-content\/uploads\/2021\/03\/12-2-1536x1024.jpg 1536w, https:\/\/marcali.plebania.hu\/wp-content\/uploads\/2021\/03\/12-2-2048x1365.jpg 2048w, https:\/\/marcali.plebania.hu\/wp-content\/uploads\/2021\/03\/12-2-405x270.jpg 405w\" sizes=\"auto, (max-width: 1024px) 100vw, 1024px\" \/><\/figure><\/li><li class=\"blocks-gallery-item\"><figure><img loading=\"lazy\" decoding=\"async\" width=\"1024\" height=\"683\" src=\"https:\/\/marcali.plebania.hu\/wp-content\/uploads\/2021\/03\/13-1-1024x683.jpg\" alt=\"\" data-id=\"2519\" data-link=\"https:\/\/marcali.plebania.hu\/?attachment_id=2519\" class=\"wp-image-2519\" srcset=\"https:\/\/marcali.plebania.hu\/wp-content\/uploads\/2021\/03\/13-1-1024x683.jpg 1024w, https:\/\/marcali.plebania.hu\/wp-content\/uploads\/2021\/03\/13-1-300x200.jpg 300w, https:\/\/marcali.plebania.hu\/wp-content\/uploads\/2021\/03\/13-1-768x512.jpg 768w, https:\/\/marcali.plebania.hu\/wp-content\/uploads\/2021\/03\/13-1-1536x1024.jpg 1536w, https:\/\/marcali.plebania.hu\/wp-content\/uploads\/2021\/03\/13-1-2048x1365.jpg 2048w, https:\/\/marcali.plebania.hu\/wp-content\/uploads\/2021\/03\/13-1-405x270.jpg 405w\" sizes=\"auto, (max-width: 1024px) 100vw, 1024px\" \/><\/figure><\/li><li class=\"blocks-gallery-item\"><figure><img loading=\"lazy\" decoding=\"async\" width=\"1024\" height=\"683\" src=\"https:\/\/marcali.plebania.hu\/wp-content\/uploads\/2021\/03\/16-1-1024x683.jpg\" alt=\"\" data-id=\"2520\" data-full-url=\"https:\/\/marcali.plebania.hu\/wp-content\/uploads\/2021\/03\/16-1-scaled.jpg\" data-link=\"https:\/\/marcali.plebania.hu\/?attachment_id=2520\" class=\"wp-image-2520\" srcset=\"https:\/\/marcali.plebania.hu\/wp-content\/uploads\/2021\/03\/16-1-1024x683.jpg 1024w, https:\/\/marcali.plebania.hu\/wp-content\/uploads\/2021\/03\/16-1-300x200.jpg 300w, https:\/\/marcali.plebania.hu\/wp-content\/uploads\/2021\/03\/16-1-768x512.jpg 768w, https:\/\/marcali.plebania.hu\/wp-content\/uploads\/2021\/03\/16-1-1536x1024.jpg 1536w, https:\/\/marcali.plebania.hu\/wp-content\/uploads\/2021\/03\/16-1-2048x1365.jpg 2048w, https:\/\/marcali.plebania.hu\/wp-content\/uploads\/2021\/03\/16-1-405x270.jpg 405w\" sizes=\"auto, (max-width: 1024px) 100vw, 1024px\" \/><\/figure><\/li><\/ul><\/figure>\n\n\n\n<p>T\u00f3th Eszter el\u0151ad\u00e1s\u00e1ban elhangzott T\u00farmezei Erzs\u00e9bet: Nekem k\u00e9t haz\u00e1m van c\u00edm\u0171 verse.<\/p>\n\n\n\n<figure class=\"wp-block-gallery columns-3 is-cropped wp-block-gallery-3 is-layout-flex wp-block-gallery-is-layout-flex\"><ul class=\"blocks-gallery-grid\"><li class=\"blocks-gallery-item\"><figure><img loading=\"lazy\" decoding=\"async\" width=\"683\" height=\"1024\" src=\"https:\/\/marcali.plebania.hu\/wp-content\/uploads\/2021\/03\/08-683x1024.jpg\" alt=\"\" data-id=\"2521\" data-link=\"https:\/\/marcali.plebania.hu\/?attachment_id=2521\" class=\"wp-image-2521\" srcset=\"https:\/\/marcali.plebania.hu\/wp-content\/uploads\/2021\/03\/08-683x1024.jpg 683w, https:\/\/marcali.plebania.hu\/wp-content\/uploads\/2021\/03\/08-200x300.jpg 200w, https:\/\/marcali.plebania.hu\/wp-content\/uploads\/2021\/03\/08-768x1152.jpg 768w, https:\/\/marcali.plebania.hu\/wp-content\/uploads\/2021\/03\/08-1024x1536.jpg 1024w, https:\/\/marcali.plebania.hu\/wp-content\/uploads\/2021\/03\/08-1365x2048.jpg 1365w, https:\/\/marcali.plebania.hu\/wp-content\/uploads\/2021\/03\/08-180x270.jpg 180w, https:\/\/marcali.plebania.hu\/wp-content\/uploads\/2021\/03\/08-scaled.jpg 1707w\" sizes=\"auto, (max-width: 683px) 100vw, 683px\" \/><\/figure><\/li><li class=\"blocks-gallery-item\"><figure><img loading=\"lazy\" decoding=\"async\" width=\"683\" height=\"1024\" src=\"https:\/\/marcali.plebania.hu\/wp-content\/uploads\/2021\/03\/09-2-683x1024.jpg\" alt=\"\" data-id=\"2522\" data-link=\"https:\/\/marcali.plebania.hu\/?attachment_id=2522\" class=\"wp-image-2522\" srcset=\"https:\/\/marcali.plebania.hu\/wp-content\/uploads\/2021\/03\/09-2-683x1024.jpg 683w, https:\/\/marcali.plebania.hu\/wp-content\/uploads\/2021\/03\/09-2-200x300.jpg 200w, https:\/\/marcali.plebania.hu\/wp-content\/uploads\/2021\/03\/09-2-768x1152.jpg 768w, https:\/\/marcali.plebania.hu\/wp-content\/uploads\/2021\/03\/09-2-1024x1536.jpg 1024w, https:\/\/marcali.plebania.hu\/wp-content\/uploads\/2021\/03\/09-2-1365x2048.jpg 1365w, https:\/\/marcali.plebania.hu\/wp-content\/uploads\/2021\/03\/09-2-180x270.jpg 180w, https:\/\/marcali.plebania.hu\/wp-content\/uploads\/2021\/03\/09-2-scaled.jpg 1707w\" sizes=\"auto, (max-width: 683px) 100vw, 683px\" \/><\/figure><\/li><li class=\"blocks-gallery-item\"><figure><img loading=\"lazy\" decoding=\"async\" width=\"683\" height=\"1024\" src=\"https:\/\/marcali.plebania.hu\/wp-content\/uploads\/2021\/03\/11-1-683x1024.jpg\" alt=\"\" data-id=\"2523\" data-link=\"https:\/\/marcali.plebania.hu\/?attachment_id=2523\" class=\"wp-image-2523\" srcset=\"https:\/\/marcali.plebania.hu\/wp-content\/uploads\/2021\/03\/11-1-683x1024.jpg 683w, https:\/\/marcali.plebania.hu\/wp-content\/uploads\/2021\/03\/11-1-200x300.jpg 200w, https:\/\/marcali.plebania.hu\/wp-content\/uploads\/2021\/03\/11-1-768x1152.jpg 768w, https:\/\/marcali.plebania.hu\/wp-content\/uploads\/2021\/03\/11-1-1024x1536.jpg 1024w, https:\/\/marcali.plebania.hu\/wp-content\/uploads\/2021\/03\/11-1-1365x2048.jpg 1365w, https:\/\/marcali.plebania.hu\/wp-content\/uploads\/2021\/03\/11-1-180x270.jpg 180w, https:\/\/marcali.plebania.hu\/wp-content\/uploads\/2021\/03\/11-1-scaled.jpg 1707w\" sizes=\"auto, (max-width: 683px) 100vw, 683px\" \/><\/figure><\/li><li class=\"blocks-gallery-item\"><figure><img loading=\"lazy\" decoding=\"async\" width=\"1024\" height=\"683\" src=\"https:\/\/marcali.plebania.hu\/wp-content\/uploads\/2021\/03\/21-1024x683.jpg\" alt=\"\" data-id=\"2524\" data-full-url=\"https:\/\/marcali.plebania.hu\/wp-content\/uploads\/2021\/03\/21-scaled.jpg\" data-link=\"https:\/\/marcali.plebania.hu\/?attachment_id=2524\" class=\"wp-image-2524\" srcset=\"https:\/\/marcali.plebania.hu\/wp-content\/uploads\/2021\/03\/21-1024x683.jpg 1024w, https:\/\/marcali.plebania.hu\/wp-content\/uploads\/2021\/03\/21-300x200.jpg 300w, https:\/\/marcali.plebania.hu\/wp-content\/uploads\/2021\/03\/21-768x512.jpg 768w, https:\/\/marcali.plebania.hu\/wp-content\/uploads\/2021\/03\/21-1536x1024.jpg 1536w, https:\/\/marcali.plebania.hu\/wp-content\/uploads\/2021\/03\/21-2048x1365.jpg 2048w, https:\/\/marcali.plebania.hu\/wp-content\/uploads\/2021\/03\/21-405x270.jpg 405w\" sizes=\"auto, (max-width: 1024px) 100vw, 1024px\" \/><\/figure><\/li><\/ul><\/figure>\n\n\n\n<p>Dr. S\u00fct\u0151 L\u00e1szl\u00f3, Marcali polg\u00e1rmestere Kis-D\u00f6rn\u00edei L\u00e1szl\u00f3 \u00e9let\u00e9r\u0151l besz\u00e9lt. Arr\u00f3l a sokoldal\u00fa tev\u00e9kenys\u00e9gr\u0151l, amit a v\u00e1rosban kifejtett. Nyolc \u00e9vig volt a v\u00e1ros alpolg\u00e1rmestere. Egyenes ember volt, nem megoszt\u00f3 szem\u00e9lyis\u00e9g \u00e9s soha nem v\u00e1ltoztatta n\u00e9zeteit. Eml\u00edt\u00e9st tett tan\u00e1ri munk\u00e1j\u00e1r\u00f3l \u00e9s a helyi sport\u00e9letben bet\u00f6lt\u00f6tt szerep\u00e9r\u0151l. A polg\u00e1rmester elmondta, hogy az elhunyt p\u00e9ld\u00e1s csal\u00e1di \u00e9letet \u00e9let \u00e9s b\u00fcszke lehetett gyermekeire is.<\/p>\n\n\n\n<figure class=\"wp-block-gallery columns-1 is-cropped wp-block-gallery-4 is-layout-flex wp-block-gallery-is-layout-flex\"><ul class=\"blocks-gallery-grid\"><li class=\"blocks-gallery-item\"><figure><img loading=\"lazy\" decoding=\"async\" width=\"683\" height=\"1024\" src=\"https:\/\/marcali.plebania.hu\/wp-content\/uploads\/2021\/03\/28-683x1024.jpg\" alt=\"\" data-id=\"2525\" data-full-url=\"https:\/\/marcali.plebania.hu\/wp-content\/uploads\/2021\/03\/28-scaled.jpg\" data-link=\"https:\/\/marcali.plebania.hu\/?attachment_id=2525\" class=\"wp-image-2525\" srcset=\"https:\/\/marcali.plebania.hu\/wp-content\/uploads\/2021\/03\/28-683x1024.jpg 683w, https:\/\/marcali.plebania.hu\/wp-content\/uploads\/2021\/03\/28-200x300.jpg 200w, https:\/\/marcali.plebania.hu\/wp-content\/uploads\/2021\/03\/28-768x1152.jpg 768w, https:\/\/marcali.plebania.hu\/wp-content\/uploads\/2021\/03\/28-1024x1536.jpg 1024w, https:\/\/marcali.plebania.hu\/wp-content\/uploads\/2021\/03\/28-1365x2048.jpg 1365w, https:\/\/marcali.plebania.hu\/wp-content\/uploads\/2021\/03\/28-180x270.jpg 180w, https:\/\/marcali.plebania.hu\/wp-content\/uploads\/2021\/03\/28-scaled.jpg 1707w\" sizes=\"auto, (max-width: 683px) 100vw, 683px\" \/><\/figure><\/li><\/ul><\/figure>\n\n\n\n<p>A szentmise v\u00e9g\u00e9n a h\u00fasv\u00e9ti gyerty\u00e1n\u00e1l im\u00e1dkoztak Kis-D\u00f6rnyei L\u00e1szl\u00f3 lelki \u00fcdv\u00e9\u00e9rt.<\/p>\n\n\n\n<figure class=\"wp-block-gallery columns-3 is-cropped wp-block-gallery-5 is-layout-flex wp-block-gallery-is-layout-flex\"><ul class=\"blocks-gallery-grid\"><li class=\"blocks-gallery-item\"><figure><img loading=\"lazy\" decoding=\"async\" width=\"1024\" height=\"683\" src=\"https:\/\/marcali.plebania.hu\/wp-content\/uploads\/2021\/03\/19-1024x683.jpg\" alt=\"\" data-id=\"2526\" data-link=\"https:\/\/marcali.plebania.hu\/?attachment_id=2526\" class=\"wp-image-2526\" srcset=\"https:\/\/marcali.plebania.hu\/wp-content\/uploads\/2021\/03\/19-1024x683.jpg 1024w, https:\/\/marcali.plebania.hu\/wp-content\/uploads\/2021\/03\/19-300x200.jpg 300w, https:\/\/marcali.plebania.hu\/wp-content\/uploads\/2021\/03\/19-768x512.jpg 768w, https:\/\/marcali.plebania.hu\/wp-content\/uploads\/2021\/03\/19-1536x1024.jpg 1536w, https:\/\/marcali.plebania.hu\/wp-content\/uploads\/2021\/03\/19-2048x1365.jpg 2048w, https:\/\/marcali.plebania.hu\/wp-content\/uploads\/2021\/03\/19-405x270.jpg 405w\" sizes=\"auto, (max-width: 1024px) 100vw, 1024px\" \/><\/figure><\/li><li class=\"blocks-gallery-item\"><figure><img loading=\"lazy\" decoding=\"async\" width=\"1024\" height=\"683\" src=\"https:\/\/marcali.plebania.hu\/wp-content\/uploads\/2021\/03\/22-1024x683.jpg\" alt=\"\" data-id=\"2527\" data-link=\"https:\/\/marcali.plebania.hu\/?attachment_id=2527\" class=\"wp-image-2527\" srcset=\"https:\/\/marcali.plebania.hu\/wp-content\/uploads\/2021\/03\/22-1024x683.jpg 1024w, https:\/\/marcali.plebania.hu\/wp-content\/uploads\/2021\/03\/22-300x200.jpg 300w, https:\/\/marcali.plebania.hu\/wp-content\/uploads\/2021\/03\/22-768x512.jpg 768w, https:\/\/marcali.plebania.hu\/wp-content\/uploads\/2021\/03\/22-1536x1024.jpg 1536w, https:\/\/marcali.plebania.hu\/wp-content\/uploads\/2021\/03\/22-2048x1365.jpg 2048w, https:\/\/marcali.plebania.hu\/wp-content\/uploads\/2021\/03\/22-405x270.jpg 405w\" sizes=\"auto, (max-width: 1024px) 100vw, 1024px\" \/><\/figure><\/li><li class=\"blocks-gallery-item\"><figure><img loading=\"lazy\" decoding=\"async\" width=\"1024\" height=\"683\" src=\"https:\/\/marcali.plebania.hu\/wp-content\/uploads\/2021\/03\/24-1-1024x683.jpg\" alt=\"\" data-id=\"2528\" data-link=\"https:\/\/marcali.plebania.hu\/?attachment_id=2528\" class=\"wp-image-2528\" srcset=\"https:\/\/marcali.plebania.hu\/wp-content\/uploads\/2021\/03\/24-1-1024x683.jpg 1024w, https:\/\/marcali.plebania.hu\/wp-content\/uploads\/2021\/03\/24-1-300x200.jpg 300w, https:\/\/marcali.plebania.hu\/wp-content\/uploads\/2021\/03\/24-1-768x512.jpg 768w, https:\/\/marcali.plebania.hu\/wp-content\/uploads\/2021\/03\/24-1-1536x1024.jpg 1536w, https:\/\/marcali.plebania.hu\/wp-content\/uploads\/2021\/03\/24-1-2048x1365.jpg 2048w, https:\/\/marcali.plebania.hu\/wp-content\/uploads\/2021\/03\/24-1-405x270.jpg 405w\" sizes=\"auto, (max-width: 1024px) 100vw, 1024px\" \/><\/figure><\/li><li class=\"blocks-gallery-item\"><figure><img loading=\"lazy\" decoding=\"async\" width=\"1024\" height=\"683\" src=\"https:\/\/marcali.plebania.hu\/wp-content\/uploads\/2021\/03\/23-1024x683.jpg\" alt=\"\" data-id=\"2529\" data-full-url=\"https:\/\/marcali.plebania.hu\/wp-content\/uploads\/2021\/03\/23-scaled.jpg\" data-link=\"https:\/\/marcali.plebania.hu\/?attachment_id=2529\" class=\"wp-image-2529\" srcset=\"https:\/\/marcali.plebania.hu\/wp-content\/uploads\/2021\/03\/23-1024x683.jpg 1024w, https:\/\/marcali.plebania.hu\/wp-content\/uploads\/2021\/03\/23-300x200.jpg 300w, https:\/\/marcali.plebania.hu\/wp-content\/uploads\/2021\/03\/23-768x512.jpg 768w, https:\/\/marcali.plebania.hu\/wp-content\/uploads\/2021\/03\/23-1536x1024.jpg 1536w, https:\/\/marcali.plebania.hu\/wp-content\/uploads\/2021\/03\/23-2048x1365.jpg 2048w, https:\/\/marcali.plebania.hu\/wp-content\/uploads\/2021\/03\/23-405x270.jpg 405w\" sizes=\"auto, (max-width: 1024px) 100vw, 1024px\" \/><\/figure><\/li><\/ul><\/figure>\n","protected":false},"excerpt":{"rendered":"<p>M\u00e1rcius 19-\u00e9n, p\u00e9nteken 17 \u00f3rakor a Gy\u00fcm\u00f6lcsolt\u00f3 Boldogasszony pl\u00e9b\u00e1niatemplomban szentmis\u00e9vel eml\u00e9keztek a nemr\u00e9g elhunyt Kis-D\u00f6rnyei L\u00e1szl\u00f3ra. Az istentiszteleten r\u00e9szt vett a v\u00e1ros polg\u00e1rmestere, a Miksz\u00e1th utcai iskola vezet\u0151je, a v\u00e1ros k\u00e9ps\u00edel\u0151 test\u00fclet\u00e9nek tagjai a politikai p\u00e1rtok k\u00e9pvisel\u0151i \u00e9s a helyi sport\u00e9let vezet\u0151i. Szigor\u00faan az \u00e9rv\u00e9nyben l\u00e9v\u0151 j\u00e1rv\u00e1ny\u00fcgyi korl\u00e1toz\u00e1soknak megfelel\u0151en l\u00e1zm\u00e9r\u00e9ssel \u00e9s k\u00e9zfert\u0151tlen\u00edt\u00e9ssel lehetett csak bel\u00e9pni a templomba, ahol minden m\u00e1sodik pad le volt z\u00e1rva, hogy az el\u0151\u00edrt t\u00e1vols\u00e1g meglegyen. A szentmis\u00e9t Kiss Iv\u00e1n c. pr\u00e9post, esperes-pl\u00e9b\u00e1nos celebr\u00e1lta, aki arr\u00f3l besz\u00e9lt,&#8230;<\/p>\n<p class=\"read-more\"><a class=\"btn btn-default\" href=\"https:\/\/marcali.plebania.hu\/?p=2512\"> Read More<span class=\"screen-reader-text\">  Read More<\/span><\/a><\/p>\n","protected":false},"author":2,"featured_media":0,"comment_status":"closed","ping_status":"open","sticky":false,"template":"","format":"standard","meta":{"footnotes":""},"categories":[1],"tags":[],"class_list":["post-2512","post","type-post","status-publish","format-standard","hentry","category-egyeb"],"_links":{"self":[{"href":"https:\/\/marcali.plebania.hu\/index.php?rest_route=\/wp\/v2\/posts\/2512","targetHints":{"allow":["GET"]}}],"collection":[{"href":"https:\/\/marcali.plebania.hu\/index.php?rest_route=\/wp\/v2\/posts"}],"about":[{"href":"https:\/\/marcali.plebania.hu\/index.php?rest_route=\/wp\/v2\/types\/post"}],"author":[{"embeddable":true,"href":"https:\/\/marcali.plebania.hu\/index.php?rest_route=\/wp\/v2\/users\/2"}],"replies":[{"embeddable":true,"href":"https:\/\/marcali.plebania.hu\/index.php?rest_route=%2Fwp%2Fv2%2Fcomments&post=2512"}],"version-history":[{"count":1,"href":"https:\/\/marcali.plebania.hu\/index.php?rest_route=\/wp\/v2\/posts\/2512\/revisions"}],"predecessor-version":[{"id":2530,"href":"https:\/\/marcali.plebania.hu\/index.php?rest_route=\/wp\/v2\/posts\/2512\/revisions\/2530"}],"wp:attachment":[{"href":"https:\/\/marcali.plebania.hu\/index.php?rest_route=%2Fwp%2Fv2%2Fmedia&parent=2512"}],"wp:term":[{"taxonomy":"category","embeddable":true,"href":"https:\/\/marcali.plebania.hu\/index.php?rest_route=%2Fwp%2Fv2%2Fcategories&post=2512"},{"taxonomy":"post_tag","embeddable":true,"href":"https:\/\/marcali.plebania.hu\/index.php?rest_route=%2Fwp%2Fv2%2Ftags&post=2512"}],"curies":[{"name":"wp","href":"https:\/\/api.w.org\/{rel}","templated":true}]}}