{"id":253,"date":"2018-06-01T09:49:32","date_gmt":"2018-06-01T09:49:32","guid":{"rendered":"https:\/\/marcali.plebania.hu\/?p=253"},"modified":"2018-06-01T09:49:32","modified_gmt":"2018-06-01T09:49:32","slug":"hirdetesek-2018-06-03","status":"publish","type":"post","link":"https:\/\/marcali.plebania.hu\/?p=253","title":{"rendered":"Hirdet\u00e9sek, 2018. 06. 03."},"content":{"rendered":"<ol>\n<li>Ma \u00darnapja van.<\/li>\n<li>H\u00e9tf\u0151n este 18 \u00f3rakor a K\u00c9SZ Marcali Csoportja \u00e9s az Ipartest\u00fclet szervez\u00e9s\u00e9ben trianoni megeml\u00e9kez\u00e9s lesz az iparosh\u00e1zban, melyre minden \u00e9rdekl\u0151d\u0151t v\u00e1rnak a szervez\u0151k.<\/li>\n<li>P\u00e9nteken, J\u00e9zus Szents\u00e9ges Sz\u00edv\u00e9nek \u00fcnnepe, 18.30-t\u00f3l szents\u00e9gim\u00e1d\u00e1s, 19 \u00f3rakor szentmise.<\/li>\n<li>J\u00f6v\u0151 vas\u00e1rnap 2 szentmise lesz Marcaliban: 9 \u00f3rakor a pl\u00e9b\u00e1niatemplomban, 19 \u00f3rakor a Boldog Gizella templomban.<\/li>\n<li>Fel\u00faj\u00edt\u00e1sok: a gr\u00e1nit anyagot megvett\u00fck a pl\u00e9b\u00e1niatemplom padl\u00f3zat\u00e1ra, j\u00fanius 18-\u00e1n kezd\u0151dik a lerak\u00e1sa. Kb. 2 h\u00e9tig tart, ennek ideje alatt a h\u00e9tk\u00f6znapi szentmis\u00e9k az X-h\u00e1z nagyterm\u00e9ben lesznek. A k\u00f6zbees\u0151 vas\u00e1rnap a mise helysz\u00edneit el\u0151tte vas\u00e1rnap hirdetj\u00fck. Elkezd\u0151d\u00f6tt a Szenth\u00e1roms\u00e1g szobor fel\u00faj\u00edt\u00e1sa is. El\u0151re l\u00e1that\u00f3lag a munk\u00e1k tov\u00e1bb tartanak, mivel a rajta l\u00e9v\u0151 szobrok el\u00e9g rossz \u00e1llapotban vannak.<\/li>\n<li>Megjelent a Marcali Katolikus \u00dajs\u00e1g \u00darnapi sz\u00e1ma.<\/li>\n<\/ol>\n","protected":false},"excerpt":{"rendered":"<p>Ma \u00darnapja van. H\u00e9tf\u0151n este 18 \u00f3rakor a K\u00c9SZ Marcali Csoportja \u00e9s az Ipartest\u00fclet szervez\u00e9s\u00e9ben trianoni megeml\u00e9kez\u00e9s lesz az iparosh\u00e1zban, melyre minden \u00e9rdekl\u0151d\u0151t v\u00e1rnak a szervez\u0151k. P\u00e9nteken, J\u00e9zus Szents\u00e9ges Sz\u00edv\u00e9nek \u00fcnnepe, 18.30-t\u00f3l szents\u00e9gim\u00e1d\u00e1s, 19 \u00f3rakor szentmise. J\u00f6v\u0151 vas\u00e1rnap 2 szentmise lesz Marcaliban: 9 \u00f3rakor a pl\u00e9b\u00e1niatemplomban, 19 \u00f3rakor a Boldog Gizella templomban. Fel\u00faj\u00edt\u00e1sok: a gr\u00e1nit anyagot megvett\u00fck a pl\u00e9b\u00e1niatemplom padl\u00f3zat\u00e1ra, j\u00fanius 18-\u00e1n kezd\u0151dik a lerak\u00e1sa. Kb. 2 h\u00e9tig tart, ennek ideje alatt a h\u00e9tk\u00f6znapi szentmis\u00e9k az X-h\u00e1z nagyterm\u00e9ben lesznek. A&#8230;<\/p>\n<p class=\"read-more\"><a class=\"btn btn-default\" href=\"https:\/\/marcali.plebania.hu\/?p=253\"> Read More<span class=\"screen-reader-text\">  Read More<\/span><\/a><\/p>\n","protected":false},"author":2,"featured_media":0,"comment_status":"closed","ping_status":"open","sticky":false,"template":"","format":"standard","meta":{"footnotes":""},"categories":[1],"tags":[],"class_list":["post-253","post","type-post","status-publish","format-standard","hentry","category-egyeb"],"_links":{"self":[{"href":"https:\/\/marcali.plebania.hu\/index.php?rest_route=\/wp\/v2\/posts\/253","targetHints":{"allow":["GET"]}}],"collection":[{"href":"https:\/\/marcali.plebania.hu\/index.php?rest_route=\/wp\/v2\/posts"}],"about":[{"href":"https:\/\/marcali.plebania.hu\/index.php?rest_route=\/wp\/v2\/types\/post"}],"author":[{"embeddable":true,"href":"https:\/\/marcali.plebania.hu\/index.php?rest_route=\/wp\/v2\/users\/2"}],"replies":[{"embeddable":true,"href":"https:\/\/marcali.plebania.hu\/index.php?rest_route=%2Fwp%2Fv2%2Fcomments&post=253"}],"version-history":[{"count":2,"href":"https:\/\/marcali.plebania.hu\/index.php?rest_route=\/wp\/v2\/posts\/253\/revisions"}],"predecessor-version":[{"id":255,"href":"https:\/\/marcali.plebania.hu\/index.php?rest_route=\/wp\/v2\/posts\/253\/revisions\/255"}],"wp:attachment":[{"href":"https:\/\/marcali.plebania.hu\/index.php?rest_route=%2Fwp%2Fv2%2Fmedia&parent=253"}],"wp:term":[{"taxonomy":"category","embeddable":true,"href":"https:\/\/marcali.plebania.hu\/index.php?rest_route=%2Fwp%2Fv2%2Fcategories&post=253"},{"taxonomy":"post_tag","embeddable":true,"href":"https:\/\/marcali.plebania.hu\/index.php?rest_route=%2Fwp%2Fv2%2Ftags&post=253"}],"curies":[{"name":"wp","href":"https:\/\/api.w.org\/{rel}","templated":true}]}}