{"id":2535,"date":"2021-03-26T09:47:32","date_gmt":"2021-03-26T09:47:32","guid":{"rendered":"https:\/\/marcali.plebania.hu\/?p=2535"},"modified":"2021-03-26T09:47:32","modified_gmt":"2021-03-26T09:47:32","slug":"hirdetesek-2021-03-28","status":"publish","type":"post","link":"https:\/\/marcali.plebania.hu\/?p=2535","title":{"rendered":"Hirdet\u00e9sek, 2021. 03. 28."},"content":{"rendered":"\n<ol class=\"wp-block-list\"><li>Ma\nvir\u00e1gvas\u00e1rnap van.<\/li><li>Nagyheti\nszentmis\u00e9k \u00e9s szertart\u00e1sok: Nagycs\u00fct\u00f6rt\u00f6k (\u00e1prilis 1.): 18.00 \u00f3ra: szentmise \u2013 pl\u00e9b\u00e1niatemplom, Nagyp\u00e9ntek (\u00e1prilis 2.): 18.00 \u00f3ra:\nszertart\u00e1sok \u2013 pl\u00e9b\u00e1niatemplom,\nNagyszombat (\u00e1prilis 3.): 18.00\n\u00f3ra: nagyszombati liturgia, felt\u00e1mad\u00e1si szentmise \u2013 pl\u00e9b\u00e1niatemplom, H\u00fasv\u00e9t\n(\u00e1prilis 4.): 9.00 \u00f3ra: pl\u00e9b\u00e1niatemplom,\n11.00 \u00f3ra: Gomba, 18.00 \u00f3ra: B. Gizella templom, H\u00fasv\u00e9th\u00e9tf\u0151 (\u00e1prilis 5.): 9.00 \u00f3ra: pl\u00e9b\u00e1niatemplom.<\/li><li>\u00c1prilis\n10-\u00e9n hozz\u00e1nk \u00e9rkezik az \u00c9let \u00fatja zar\u00e1ndoklat keret\u00e9ben Martin Hud\u00e1\u010dek,\nszlov\u00e1k szobr\u00e1szm\u0171v\u00e9sz alkot\u00e1sa, a \u201eMeg nem sz\u00fcletett gyermek\u201d szobra. \u00c1prilis\n11-\u00e9n, vas\u00e1rnap 10 \u00f3rakor a Marcali Pl\u00e9b\u00e1niatemplomban szentmise keret\u00e9ben\nfogadjuk a szobrot \u00e9s el\u0151ad\u00e1st tart Udvardy M\u00e1rton p\u00fcsp\u00f6ki szertart\u00f3. A\nj\u00e1rv\u00e1ny\u00fcgyi szab\u00e1lyok betart\u00e1s\u00e1val v\u00e1rjuk a h\u00edveket.<\/li><li>A szents\u00edr vir\u00e1gaira a vir\u00e1gp\u00e9nzt k\u00e9rj\u00fck a\nsekresty\u00e9snek leadni.<\/li><\/ol>\n","protected":false},"excerpt":{"rendered":"<p>Ma vir\u00e1gvas\u00e1rnap van. Nagyheti szentmis\u00e9k \u00e9s szertart\u00e1sok: Nagycs\u00fct\u00f6rt\u00f6k (\u00e1prilis 1.): 18.00 \u00f3ra: szentmise \u2013 pl\u00e9b\u00e1niatemplom, Nagyp\u00e9ntek (\u00e1prilis 2.): 18.00 \u00f3ra: szertart\u00e1sok \u2013 pl\u00e9b\u00e1niatemplom, Nagyszombat (\u00e1prilis 3.): 18.00 \u00f3ra: nagyszombati liturgia, felt\u00e1mad\u00e1si szentmise \u2013 pl\u00e9b\u00e1niatemplom, H\u00fasv\u00e9t (\u00e1prilis 4.): 9.00 \u00f3ra: pl\u00e9b\u00e1niatemplom, 11.00 \u00f3ra: Gomba, 18.00 \u00f3ra: B. Gizella templom, H\u00fasv\u00e9th\u00e9tf\u0151 (\u00e1prilis 5.): 9.00 \u00f3ra: pl\u00e9b\u00e1niatemplom. \u00c1prilis 10-\u00e9n hozz\u00e1nk \u00e9rkezik az \u00c9let \u00fatja zar\u00e1ndoklat keret\u00e9ben Martin Hud\u00e1\u010dek, szlov\u00e1k szobr\u00e1szm\u0171v\u00e9sz alkot\u00e1sa, a \u201eMeg nem sz\u00fcletett gyermek\u201d szobra. \u00c1prilis 11-\u00e9n, vas\u00e1rnap 10 \u00f3rakor a&#8230;<\/p>\n<p class=\"read-more\"><a class=\"btn btn-default\" href=\"https:\/\/marcali.plebania.hu\/?p=2535\"> Read More<span class=\"screen-reader-text\">  Read More<\/span><\/a><\/p>\n","protected":false},"author":2,"featured_media":0,"comment_status":"closed","ping_status":"open","sticky":false,"template":"","format":"standard","meta":{"footnotes":""},"categories":[1],"tags":[],"class_list":["post-2535","post","type-post","status-publish","format-standard","hentry","category-egyeb"],"_links":{"self":[{"href":"https:\/\/marcali.plebania.hu\/index.php?rest_route=\/wp\/v2\/posts\/2535","targetHints":{"allow":["GET"]}}],"collection":[{"href":"https:\/\/marcali.plebania.hu\/index.php?rest_route=\/wp\/v2\/posts"}],"about":[{"href":"https:\/\/marcali.plebania.hu\/index.php?rest_route=\/wp\/v2\/types\/post"}],"author":[{"embeddable":true,"href":"https:\/\/marcali.plebania.hu\/index.php?rest_route=\/wp\/v2\/users\/2"}],"replies":[{"embeddable":true,"href":"https:\/\/marcali.plebania.hu\/index.php?rest_route=%2Fwp%2Fv2%2Fcomments&post=2535"}],"version-history":[{"count":1,"href":"https:\/\/marcali.plebania.hu\/index.php?rest_route=\/wp\/v2\/posts\/2535\/revisions"}],"predecessor-version":[{"id":2536,"href":"https:\/\/marcali.plebania.hu\/index.php?rest_route=\/wp\/v2\/posts\/2535\/revisions\/2536"}],"wp:attachment":[{"href":"https:\/\/marcali.plebania.hu\/index.php?rest_route=%2Fwp%2Fv2%2Fmedia&parent=2535"}],"wp:term":[{"taxonomy":"category","embeddable":true,"href":"https:\/\/marcali.plebania.hu\/index.php?rest_route=%2Fwp%2Fv2%2Fcategories&post=2535"},{"taxonomy":"post_tag","embeddable":true,"href":"https:\/\/marcali.plebania.hu\/index.php?rest_route=%2Fwp%2Fv2%2Ftags&post=2535"}],"curies":[{"name":"wp","href":"https:\/\/api.w.org\/{rel}","templated":true}]}}