{"id":2539,"date":"2021-03-30T13:42:10","date_gmt":"2021-03-30T13:42:10","guid":{"rendered":"https:\/\/marcali.plebania.hu\/?p=2539"},"modified":"2021-03-30T13:42:10","modified_gmt":"2021-03-30T13:42:10","slug":"viragvasarnap-marcaliban-2021","status":"publish","type":"post","link":"https:\/\/marcali.plebania.hu\/?p=2539","title":{"rendered":"Vir\u00e1gvas\u00e1rnap Marcaliban &#8211; 2021"},"content":{"rendered":"\n<p> A nagyh\u00e9t els\u0151 napj\u00e1n vir\u00e1gvas\u00e1rnap, a j\u00e1rv\u00e1ny\u00fcgyi szab\u00e1lyok betart\u00e1s\u00e1val<br> gy\u00fclekeztek a marcali katolikus h\u00edvek a reggeli szentmis\u00e9re. Vir\u00e1gvas\u00e1rnap<br> J\u00e9zus jeruzs\u00e1lemi bevonul\u00e1s\u00e1ra eml\u00e9keznek.<\/p>\n\n\n\n<figure class=\"wp-block-gallery columns-3 is-cropped wp-block-gallery-1 is-layout-flex wp-block-gallery-is-layout-flex\"><ul class=\"blocks-gallery-grid\"><li class=\"blocks-gallery-item\"><figure><img loading=\"lazy\" decoding=\"async\" width=\"1024\" height=\"678\" src=\"https:\/\/marcali.plebania.hu\/wp-content\/uploads\/2021\/03\/vir\u00e1gvas\u00e1rnap-001.jpg\" alt=\"\" data-id=\"2540\" data-link=\"https:\/\/marcali.plebania.hu\/?attachment_id=2540\" class=\"wp-image-2540\" srcset=\"https:\/\/marcali.plebania.hu\/wp-content\/uploads\/2021\/03\/vir\u00e1gvas\u00e1rnap-001.jpg 1024w, https:\/\/marcali.plebania.hu\/wp-content\/uploads\/2021\/03\/vir\u00e1gvas\u00e1rnap-001-300x199.jpg 300w, https:\/\/marcali.plebania.hu\/wp-content\/uploads\/2021\/03\/vir\u00e1gvas\u00e1rnap-001-768x509.jpg 768w, https:\/\/marcali.plebania.hu\/wp-content\/uploads\/2021\/03\/vir\u00e1gvas\u00e1rnap-001-408x270.jpg 408w\" sizes=\"auto, (max-width: 1024px) 100vw, 1024px\" \/><\/figure><\/li><li class=\"blocks-gallery-item\"><figure><img loading=\"lazy\" decoding=\"async\" width=\"1024\" height=\"678\" src=\"https:\/\/marcali.plebania.hu\/wp-content\/uploads\/2021\/03\/vir\u00e1gvas\u00e1rnap-004.jpg\" alt=\"\" data-id=\"2541\" data-link=\"https:\/\/marcali.plebania.hu\/?attachment_id=2541\" class=\"wp-image-2541\" srcset=\"https:\/\/marcali.plebania.hu\/wp-content\/uploads\/2021\/03\/vir\u00e1gvas\u00e1rnap-004.jpg 1024w, https:\/\/marcali.plebania.hu\/wp-content\/uploads\/2021\/03\/vir\u00e1gvas\u00e1rnap-004-300x199.jpg 300w, https:\/\/marcali.plebania.hu\/wp-content\/uploads\/2021\/03\/vir\u00e1gvas\u00e1rnap-004-768x509.jpg 768w, https:\/\/marcali.plebania.hu\/wp-content\/uploads\/2021\/03\/vir\u00e1gvas\u00e1rnap-004-408x270.jpg 408w\" sizes=\"auto, (max-width: 1024px) 100vw, 1024px\" \/><\/figure><\/li><li class=\"blocks-gallery-item\"><figure><img loading=\"lazy\" decoding=\"async\" width=\"1024\" height=\"678\" src=\"https:\/\/marcali.plebania.hu\/wp-content\/uploads\/2021\/03\/vir\u00e1gvas\u00e1rnap-006.jpg\" alt=\"\" data-id=\"2542\" data-link=\"https:\/\/marcali.plebania.hu\/?attachment_id=2542\" class=\"wp-image-2542\" srcset=\"https:\/\/marcali.plebania.hu\/wp-content\/uploads\/2021\/03\/vir\u00e1gvas\u00e1rnap-006.jpg 1024w, https:\/\/marcali.plebania.hu\/wp-content\/uploads\/2021\/03\/vir\u00e1gvas\u00e1rnap-006-300x199.jpg 300w, https:\/\/marcali.plebania.hu\/wp-content\/uploads\/2021\/03\/vir\u00e1gvas\u00e1rnap-006-768x509.jpg 768w, https:\/\/marcali.plebania.hu\/wp-content\/uploads\/2021\/03\/vir\u00e1gvas\u00e1rnap-006-408x270.jpg 408w\" sizes=\"auto, (max-width: 1024px) 100vw, 1024px\" \/><\/figure><\/li><li class=\"blocks-gallery-item\"><figure><img loading=\"lazy\" decoding=\"async\" width=\"1024\" height=\"678\" src=\"https:\/\/marcali.plebania.hu\/wp-content\/uploads\/2021\/03\/vir\u00e1gvas\u00e1rnap-009.jpg\" alt=\"\" data-id=\"2544\" data-full-url=\"https:\/\/marcali.plebania.hu\/wp-content\/uploads\/2021\/03\/vir\u00e1gvas\u00e1rnap-009.jpg\" data-link=\"https:\/\/marcali.plebania.hu\/?attachment_id=2544\" class=\"wp-image-2544\" srcset=\"https:\/\/marcali.plebania.hu\/wp-content\/uploads\/2021\/03\/vir\u00e1gvas\u00e1rnap-009.jpg 1024w, https:\/\/marcali.plebania.hu\/wp-content\/uploads\/2021\/03\/vir\u00e1gvas\u00e1rnap-009-300x199.jpg 300w, https:\/\/marcali.plebania.hu\/wp-content\/uploads\/2021\/03\/vir\u00e1gvas\u00e1rnap-009-768x509.jpg 768w, https:\/\/marcali.plebania.hu\/wp-content\/uploads\/2021\/03\/vir\u00e1gvas\u00e1rnap-009-408x270.jpg 408w\" sizes=\"auto, (max-width: 1024px) 100vw, 1024px\" \/><\/figure><\/li><\/ul><\/figure>\n\n\n\n<p>Az idei \u00e9vben szer\u00e9nyebb k\u00f6r\u00fclm\u00e9nyek k\u00f6z\u00f6tt \u00fcnnepeltek. A barkaszentel\u00e9s  szertart\u00e1sa ugyan megvolt, de az \u00fcnnep\u00e9lyes k\u00f6rmenet elmaradt.<\/p>\n\n\n\n<figure class=\"wp-block-gallery columns-3 is-cropped wp-block-gallery-2 is-layout-flex wp-block-gallery-is-layout-flex\"><ul class=\"blocks-gallery-grid\"><li class=\"blocks-gallery-item\"><figure><img loading=\"lazy\" decoding=\"async\" width=\"1024\" height=\"678\" src=\"https:\/\/marcali.plebania.hu\/wp-content\/uploads\/2021\/03\/vir\u00e1gvas\u00e1rnap-033.jpg\" alt=\"\" data-id=\"2551\" data-link=\"https:\/\/marcali.plebania.hu\/?attachment_id=2551\" class=\"wp-image-2551\" srcset=\"https:\/\/marcali.plebania.hu\/wp-content\/uploads\/2021\/03\/vir\u00e1gvas\u00e1rnap-033.jpg 1024w, https:\/\/marcali.plebania.hu\/wp-content\/uploads\/2021\/03\/vir\u00e1gvas\u00e1rnap-033-300x199.jpg 300w, https:\/\/marcali.plebania.hu\/wp-content\/uploads\/2021\/03\/vir\u00e1gvas\u00e1rnap-033-768x509.jpg 768w, https:\/\/marcali.plebania.hu\/wp-content\/uploads\/2021\/03\/vir\u00e1gvas\u00e1rnap-033-408x270.jpg 408w\" sizes=\"auto, (max-width: 1024px) 100vw, 1024px\" \/><\/figure><\/li><li class=\"blocks-gallery-item\"><figure><img loading=\"lazy\" decoding=\"async\" width=\"1024\" height=\"678\" src=\"https:\/\/marcali.plebania.hu\/wp-content\/uploads\/2021\/03\/vir\u00e1gvas\u00e1rnap-034.jpg\" alt=\"\" data-id=\"2552\" data-link=\"https:\/\/marcali.plebania.hu\/?attachment_id=2552\" class=\"wp-image-2552\" srcset=\"https:\/\/marcali.plebania.hu\/wp-content\/uploads\/2021\/03\/vir\u00e1gvas\u00e1rnap-034.jpg 1024w, https:\/\/marcali.plebania.hu\/wp-content\/uploads\/2021\/03\/vir\u00e1gvas\u00e1rnap-034-300x199.jpg 300w, https:\/\/marcali.plebania.hu\/wp-content\/uploads\/2021\/03\/vir\u00e1gvas\u00e1rnap-034-768x509.jpg 768w, https:\/\/marcali.plebania.hu\/wp-content\/uploads\/2021\/03\/vir\u00e1gvas\u00e1rnap-034-408x270.jpg 408w\" sizes=\"auto, (max-width: 1024px) 100vw, 1024px\" \/><\/figure><\/li><li class=\"blocks-gallery-item\"><figure><img loading=\"lazy\" decoding=\"async\" width=\"1024\" height=\"678\" src=\"https:\/\/marcali.plebania.hu\/wp-content\/uploads\/2021\/03\/vir\u00e1gvas\u00e1rnap-030.jpg\" alt=\"\" data-id=\"2553\" data-full-url=\"https:\/\/marcali.plebania.hu\/wp-content\/uploads\/2021\/03\/vir\u00e1gvas\u00e1rnap-030.jpg\" data-link=\"https:\/\/marcali.plebania.hu\/?attachment_id=2553\" class=\"wp-image-2553\" srcset=\"https:\/\/marcali.plebania.hu\/wp-content\/uploads\/2021\/03\/vir\u00e1gvas\u00e1rnap-030.jpg 1024w, https:\/\/marcali.plebania.hu\/wp-content\/uploads\/2021\/03\/vir\u00e1gvas\u00e1rnap-030-300x199.jpg 300w, https:\/\/marcali.plebania.hu\/wp-content\/uploads\/2021\/03\/vir\u00e1gvas\u00e1rnap-030-768x509.jpg 768w, https:\/\/marcali.plebania.hu\/wp-content\/uploads\/2021\/03\/vir\u00e1gvas\u00e1rnap-030-408x270.jpg 408w\" sizes=\"auto, (max-width: 1024px) 100vw, 1024px\" \/><\/figure><\/li><li class=\"blocks-gallery-item\"><figure><img loading=\"lazy\" decoding=\"async\" width=\"1024\" height=\"678\" src=\"https:\/\/marcali.plebania.hu\/wp-content\/uploads\/2021\/03\/vir\u00e1gvas\u00e1rnap-031.jpg\" alt=\"\" data-id=\"2554\" data-full-url=\"https:\/\/marcali.plebania.hu\/wp-content\/uploads\/2021\/03\/vir\u00e1gvas\u00e1rnap-031.jpg\" data-link=\"https:\/\/marcali.plebania.hu\/?attachment_id=2554\" class=\"wp-image-2554\" srcset=\"https:\/\/marcali.plebania.hu\/wp-content\/uploads\/2021\/03\/vir\u00e1gvas\u00e1rnap-031.jpg 1024w, https:\/\/marcali.plebania.hu\/wp-content\/uploads\/2021\/03\/vir\u00e1gvas\u00e1rnap-031-300x199.jpg 300w, https:\/\/marcali.plebania.hu\/wp-content\/uploads\/2021\/03\/vir\u00e1gvas\u00e1rnap-031-768x509.jpg 768w, https:\/\/marcali.plebania.hu\/wp-content\/uploads\/2021\/03\/vir\u00e1gvas\u00e1rnap-031-408x270.jpg 408w\" sizes=\"auto, (max-width: 1024px) 100vw, 1024px\" \/><\/figure><\/li><\/ul><\/figure>\n\n\n\n<p>A fiatalok felolvast\u00e1k J\u00e9zus szenved\u00e9s\u00e9nek t\u00f6rt\u00e9net\u00e9t, a passi\u00f3t, amit az el\u0151bbi \u00e9vekben az \u00e9nekkar adott\u00a0 el\u0151.\u00a0 Majd elhangzott Bod\u00e1s J\u00e1nos Vir\u00e1gvas\u00e1rnap c\u00edm\u0171 verse.<\/p>\n\n\n\n<figure class=\"wp-block-gallery columns-3 is-cropped wp-block-gallery-3 is-layout-flex wp-block-gallery-is-layout-flex\"><ul class=\"blocks-gallery-grid\"><li class=\"blocks-gallery-item\"><figure><img loading=\"lazy\" decoding=\"async\" width=\"1024\" height=\"678\" src=\"https:\/\/marcali.plebania.hu\/wp-content\/uploads\/2021\/03\/vir\u00e1gvas\u00e1rnap-023.jpg\" alt=\"\" data-id=\"2546\" data-link=\"https:\/\/marcali.plebania.hu\/?attachment_id=2546\" class=\"wp-image-2546\" srcset=\"https:\/\/marcali.plebania.hu\/wp-content\/uploads\/2021\/03\/vir\u00e1gvas\u00e1rnap-023.jpg 1024w, https:\/\/marcali.plebania.hu\/wp-content\/uploads\/2021\/03\/vir\u00e1gvas\u00e1rnap-023-300x199.jpg 300w, https:\/\/marcali.plebania.hu\/wp-content\/uploads\/2021\/03\/vir\u00e1gvas\u00e1rnap-023-768x509.jpg 768w, https:\/\/marcali.plebania.hu\/wp-content\/uploads\/2021\/03\/vir\u00e1gvas\u00e1rnap-023-408x270.jpg 408w\" sizes=\"auto, (max-width: 1024px) 100vw, 1024px\" \/><\/figure><\/li><li class=\"blocks-gallery-item\"><figure><img loading=\"lazy\" decoding=\"async\" width=\"1024\" height=\"678\" src=\"https:\/\/marcali.plebania.hu\/wp-content\/uploads\/2021\/03\/vir\u00e1gvas\u00e1rnap-024.jpg\" alt=\"\" data-id=\"2547\" data-link=\"https:\/\/marcali.plebania.hu\/?attachment_id=2547\" class=\"wp-image-2547\" srcset=\"https:\/\/marcali.plebania.hu\/wp-content\/uploads\/2021\/03\/vir\u00e1gvas\u00e1rnap-024.jpg 1024w, https:\/\/marcali.plebania.hu\/wp-content\/uploads\/2021\/03\/vir\u00e1gvas\u00e1rnap-024-300x199.jpg 300w, https:\/\/marcali.plebania.hu\/wp-content\/uploads\/2021\/03\/vir\u00e1gvas\u00e1rnap-024-768x509.jpg 768w, https:\/\/marcali.plebania.hu\/wp-content\/uploads\/2021\/03\/vir\u00e1gvas\u00e1rnap-024-408x270.jpg 408w\" sizes=\"auto, (max-width: 1024px) 100vw, 1024px\" \/><\/figure><\/li><li class=\"blocks-gallery-item\"><figure><img loading=\"lazy\" decoding=\"async\" width=\"1024\" height=\"678\" src=\"https:\/\/marcali.plebania.hu\/wp-content\/uploads\/2021\/03\/vir\u00e1gvas\u00e1rnap-025.jpg\" alt=\"\" data-id=\"2548\" data-link=\"https:\/\/marcali.plebania.hu\/?attachment_id=2548\" class=\"wp-image-2548\" srcset=\"https:\/\/marcali.plebania.hu\/wp-content\/uploads\/2021\/03\/vir\u00e1gvas\u00e1rnap-025.jpg 1024w, https:\/\/marcali.plebania.hu\/wp-content\/uploads\/2021\/03\/vir\u00e1gvas\u00e1rnap-025-300x199.jpg 300w, https:\/\/marcali.plebania.hu\/wp-content\/uploads\/2021\/03\/vir\u00e1gvas\u00e1rnap-025-768x509.jpg 768w, https:\/\/marcali.plebania.hu\/wp-content\/uploads\/2021\/03\/vir\u00e1gvas\u00e1rnap-025-408x270.jpg 408w\" sizes=\"auto, (max-width: 1024px) 100vw, 1024px\" \/><\/figure><\/li><li class=\"blocks-gallery-item\"><figure><img loading=\"lazy\" decoding=\"async\" width=\"1024\" height=\"678\" src=\"https:\/\/marcali.plebania.hu\/wp-content\/uploads\/2021\/03\/vir\u00e1gvas\u00e1rnap-019.jpg\" alt=\"\" data-id=\"2550\" data-full-url=\"https:\/\/marcali.plebania.hu\/wp-content\/uploads\/2021\/03\/vir\u00e1gvas\u00e1rnap-019.jpg\" data-link=\"https:\/\/marcali.plebania.hu\/?attachment_id=2550\" class=\"wp-image-2550\" srcset=\"https:\/\/marcali.plebania.hu\/wp-content\/uploads\/2021\/03\/vir\u00e1gvas\u00e1rnap-019.jpg 1024w, https:\/\/marcali.plebania.hu\/wp-content\/uploads\/2021\/03\/vir\u00e1gvas\u00e1rnap-019-300x199.jpg 300w, https:\/\/marcali.plebania.hu\/wp-content\/uploads\/2021\/03\/vir\u00e1gvas\u00e1rnap-019-768x509.jpg 768w, https:\/\/marcali.plebania.hu\/wp-content\/uploads\/2021\/03\/vir\u00e1gvas\u00e1rnap-019-408x270.jpg 408w\" sizes=\"auto, (max-width: 1024px) 100vw, 1024px\" \/><\/figure><\/li><\/ul><\/figure>\n\n\n\n<p>Dr. Gyulain\u00e9 Domj\u00e1n Zsuzsanna pedig ismertette, hogy v\u00e1rosunkba \u00e9rkezik \u00c9let \u00fatja zar\u00e1ndoklat keret\u00e9ben Martin Hud\u00e1\u010dek, szlov\u00e1k szobr\u00e1szm\u0171v\u00e9sz alkot\u00e1sa, a &#8222;Meg nem sz\u00fcletett gyermek&#8221; szobra.<\/p>\n\n\n\n<figure class=\"wp-block-gallery columns-3 is-cropped wp-block-gallery-4 is-layout-flex wp-block-gallery-is-layout-flex\"><ul class=\"blocks-gallery-grid\"><li class=\"blocks-gallery-item\"><figure><img loading=\"lazy\" decoding=\"async\" width=\"1024\" height=\"678\" src=\"https:\/\/marcali.plebania.hu\/wp-content\/uploads\/2021\/03\/vir\u00e1gvas\u00e1rnap-037.jpg\" alt=\"\" data-id=\"2555\" data-link=\"https:\/\/marcali.plebania.hu\/?attachment_id=2555\" class=\"wp-image-2555\" srcset=\"https:\/\/marcali.plebania.hu\/wp-content\/uploads\/2021\/03\/vir\u00e1gvas\u00e1rnap-037.jpg 1024w, https:\/\/marcali.plebania.hu\/wp-content\/uploads\/2021\/03\/vir\u00e1gvas\u00e1rnap-037-300x199.jpg 300w, https:\/\/marcali.plebania.hu\/wp-content\/uploads\/2021\/03\/vir\u00e1gvas\u00e1rnap-037-768x509.jpg 768w, https:\/\/marcali.plebania.hu\/wp-content\/uploads\/2021\/03\/vir\u00e1gvas\u00e1rnap-037-408x270.jpg 408w\" sizes=\"auto, (max-width: 1024px) 100vw, 1024px\" \/><\/figure><\/li><li class=\"blocks-gallery-item\"><figure><img loading=\"lazy\" decoding=\"async\" width=\"1024\" height=\"678\" src=\"https:\/\/marcali.plebania.hu\/wp-content\/uploads\/2021\/03\/vir\u00e1gvas\u00e1rnap-038.jpg\" alt=\"\" data-id=\"2556\" data-full-url=\"https:\/\/marcali.plebania.hu\/wp-content\/uploads\/2021\/03\/vir\u00e1gvas\u00e1rnap-038.jpg\" data-link=\"https:\/\/marcali.plebania.hu\/?attachment_id=2556\" class=\"wp-image-2556\" srcset=\"https:\/\/marcali.plebania.hu\/wp-content\/uploads\/2021\/03\/vir\u00e1gvas\u00e1rnap-038.jpg 1024w, https:\/\/marcali.plebania.hu\/wp-content\/uploads\/2021\/03\/vir\u00e1gvas\u00e1rnap-038-300x199.jpg 300w, https:\/\/marcali.plebania.hu\/wp-content\/uploads\/2021\/03\/vir\u00e1gvas\u00e1rnap-038-768x509.jpg 768w, https:\/\/marcali.plebania.hu\/wp-content\/uploads\/2021\/03\/vir\u00e1gvas\u00e1rnap-038-408x270.jpg 408w\" sizes=\"auto, (max-width: 1024px) 100vw, 1024px\" \/><\/figure><\/li><li class=\"blocks-gallery-item\"><figure><img loading=\"lazy\" decoding=\"async\" width=\"1024\" height=\"678\" src=\"https:\/\/marcali.plebania.hu\/wp-content\/uploads\/2021\/03\/vir\u00e1gvas\u00e1rnap-039.jpg\" alt=\"\" data-id=\"2557\" data-full-url=\"https:\/\/marcali.plebania.hu\/wp-content\/uploads\/2021\/03\/vir\u00e1gvas\u00e1rnap-039.jpg\" data-link=\"https:\/\/marcali.plebania.hu\/?attachment_id=2557\" class=\"wp-image-2557\" srcset=\"https:\/\/marcali.plebania.hu\/wp-content\/uploads\/2021\/03\/vir\u00e1gvas\u00e1rnap-039.jpg 1024w, https:\/\/marcali.plebania.hu\/wp-content\/uploads\/2021\/03\/vir\u00e1gvas\u00e1rnap-039-300x199.jpg 300w, https:\/\/marcali.plebania.hu\/wp-content\/uploads\/2021\/03\/vir\u00e1gvas\u00e1rnap-039-768x509.jpg 768w, https:\/\/marcali.plebania.hu\/wp-content\/uploads\/2021\/03\/vir\u00e1gvas\u00e1rnap-039-408x270.jpg 408w\" sizes=\"auto, (max-width: 1024px) 100vw, 1024px\" \/><\/figure><\/li><li class=\"blocks-gallery-item\"><figure><img loading=\"lazy\" decoding=\"async\" width=\"1024\" height=\"678\" src=\"https:\/\/marcali.plebania.hu\/wp-content\/uploads\/2021\/03\/vir\u00e1gvas\u00e1rnap-040.jpg\" alt=\"\" data-id=\"2558\" data-full-url=\"https:\/\/marcali.plebania.hu\/wp-content\/uploads\/2021\/03\/vir\u00e1gvas\u00e1rnap-040.jpg\" data-link=\"https:\/\/marcali.plebania.hu\/?attachment_id=2558\" class=\"wp-image-2558\" srcset=\"https:\/\/marcali.plebania.hu\/wp-content\/uploads\/2021\/03\/vir\u00e1gvas\u00e1rnap-040.jpg 1024w, https:\/\/marcali.plebania.hu\/wp-content\/uploads\/2021\/03\/vir\u00e1gvas\u00e1rnap-040-300x199.jpg 300w, https:\/\/marcali.plebania.hu\/wp-content\/uploads\/2021\/03\/vir\u00e1gvas\u00e1rnap-040-768x509.jpg 768w, https:\/\/marcali.plebania.hu\/wp-content\/uploads\/2021\/03\/vir\u00e1gvas\u00e1rnap-040-408x270.jpg 408w\" sizes=\"auto, (max-width: 1024px) 100vw, 1024px\" \/><\/figure><\/li><\/ul><\/figure>\n\n\n\n<p>\u00c1prilis 11-\u00e9n, vas\u00e1rnap 10 \u00f3rakor a Marcali Pl\u00e9b\u00e1niatemplomban szentmise keret\u00e9ben fogadjuk a szobrot \u00e9s el\u0151ad\u00e1st tart Udvardy M\u00e1rton p\u00fcsp\u00f6ki szertart\u00f3.<\/p>\n\n\n\n<p>A j\u00e1rv\u00e1ny\u00fcgyi szab\u00e1lyok betart\u00e1s\u00e1val v\u00e1rjuk a h\u00edveket.<br> <\/p>\n","protected":false},"excerpt":{"rendered":"<p>A nagyh\u00e9t els\u0151 napj\u00e1n vir\u00e1gvas\u00e1rnap, a j\u00e1rv\u00e1ny\u00fcgyi szab\u00e1lyok betart\u00e1s\u00e1val gy\u00fclekeztek a marcali katolikus h\u00edvek a reggeli szentmis\u00e9re. Vir\u00e1gvas\u00e1rnap J\u00e9zus jeruzs\u00e1lemi bevonul\u00e1s\u00e1ra eml\u00e9keznek. Az idei \u00e9vben szer\u00e9nyebb k\u00f6r\u00fclm\u00e9nyek k\u00f6z\u00f6tt \u00fcnnepeltek. A barkaszentel\u00e9s szertart\u00e1sa ugyan megvolt, de az \u00fcnnep\u00e9lyes k\u00f6rmenet elmaradt. A fiatalok felolvast\u00e1k J\u00e9zus szenved\u00e9s\u00e9nek t\u00f6rt\u00e9net\u00e9t, a passi\u00f3t, amit az el\u0151bbi \u00e9vekben az \u00e9nekkar adott\u00a0 el\u0151.\u00a0 Majd elhangzott Bod\u00e1s J\u00e1nos Vir\u00e1gvas\u00e1rnap c\u00edm\u0171 verse. Dr. Gyulain\u00e9 Domj\u00e1n Zsuzsanna pedig ismertette, hogy v\u00e1rosunkba \u00e9rkezik \u00c9let \u00fatja zar\u00e1ndoklat keret\u00e9ben Martin Hud\u00e1\u010dek, szlov\u00e1k szobr\u00e1szm\u0171v\u00e9sz alkot\u00e1sa,&#8230;<\/p>\n<p class=\"read-more\"><a class=\"btn btn-default\" href=\"https:\/\/marcali.plebania.hu\/?p=2539\"> Read More<span class=\"screen-reader-text\">  Read More<\/span><\/a><\/p>\n","protected":false},"author":2,"featured_media":0,"comment_status":"closed","ping_status":"open","sticky":false,"template":"","format":"standard","meta":{"footnotes":""},"categories":[1],"tags":[],"class_list":["post-2539","post","type-post","status-publish","format-standard","hentry","category-egyeb"],"_links":{"self":[{"href":"https:\/\/marcali.plebania.hu\/index.php?rest_route=\/wp\/v2\/posts\/2539","targetHints":{"allow":["GET"]}}],"collection":[{"href":"https:\/\/marcali.plebania.hu\/index.php?rest_route=\/wp\/v2\/posts"}],"about":[{"href":"https:\/\/marcali.plebania.hu\/index.php?rest_route=\/wp\/v2\/types\/post"}],"author":[{"embeddable":true,"href":"https:\/\/marcali.plebania.hu\/index.php?rest_route=\/wp\/v2\/users\/2"}],"replies":[{"embeddable":true,"href":"https:\/\/marcali.plebania.hu\/index.php?rest_route=%2Fwp%2Fv2%2Fcomments&post=2539"}],"version-history":[{"count":1,"href":"https:\/\/marcali.plebania.hu\/index.php?rest_route=\/wp\/v2\/posts\/2539\/revisions"}],"predecessor-version":[{"id":2559,"href":"https:\/\/marcali.plebania.hu\/index.php?rest_route=\/wp\/v2\/posts\/2539\/revisions\/2559"}],"wp:attachment":[{"href":"https:\/\/marcali.plebania.hu\/index.php?rest_route=%2Fwp%2Fv2%2Fmedia&parent=2539"}],"wp:term":[{"taxonomy":"category","embeddable":true,"href":"https:\/\/marcali.plebania.hu\/index.php?rest_route=%2Fwp%2Fv2%2Fcategories&post=2539"},{"taxonomy":"post_tag","embeddable":true,"href":"https:\/\/marcali.plebania.hu\/index.php?rest_route=%2Fwp%2Fv2%2Ftags&post=2539"}],"curies":[{"name":"wp","href":"https:\/\/api.w.org\/{rel}","templated":true}]}}