{"id":2561,"date":"2021-04-01T08:55:57","date_gmt":"2021-04-01T08:55:57","guid":{"rendered":"https:\/\/marcali.plebania.hu\/?p=2561"},"modified":"2021-04-01T08:55:57","modified_gmt":"2021-04-01T08:55:57","slug":"hirdetesek-2021-04-04","status":"publish","type":"post","link":"https:\/\/marcali.plebania.hu\/?p=2561","title":{"rendered":"Hirdet\u00e9sek, 2021. 04. 04."},"content":{"rendered":"\n<ol class=\"wp-block-list\"><li>Ma\nH\u00fasv\u00e9t vas\u00e1rnapja van.<\/li><li>H\u00fasv\u00e9t\nh\u00e9tf\u0151n 9 \u00f3rakor lesz szentmise a pl\u00e9b\u00e1niatemplomban.<\/li><li>A\nh\u00e9ten, p\u00e9nteken 17.30-kor szents\u00e9gim\u00e1d\u00e1s, 18 \u00f3rakor szentmise.<\/li><li>J\u00f6v\u0151\nvas\u00e1rnap, \u00e1prilis 11-\u00e9n v\u00e1rosunkba \u00e9rkezik az \u00c9let \u00fatja zar\u00e1ndoklat keret\u00e9ben\nMartin Hud\u00e1\u010dek, szlov\u00e1k szobr\u00e1szm\u0171v\u00e9sz alkot\u00e1sa, a \u201eMeg nem sz\u00fcletett gyermek\u201d\nszobra. 10 \u00f3rakor a Marcali Pl\u00e9b\u00e1niatemplomban szentmise keret\u00e9ben fogadjuk a\nszobrot \u00e9s el\u0151ad\u00e1st tart Udvardy M\u00e1rton p\u00fcsp\u00f6ki szertart\u00f3. A j\u00e1rv\u00e1ny\u00fcgyi\nszab\u00e1lyok betart\u00e1s\u00e1val v\u00e1rjuk a h\u00edveket.<\/li><li>Megjelent\na Marcali Katolikus \u00dajs\u00e1g h\u00fasv\u00e9ti sz\u00e1ma.<\/li><\/ol>\n","protected":false},"excerpt":{"rendered":"<p>Ma H\u00fasv\u00e9t vas\u00e1rnapja van. H\u00fasv\u00e9t h\u00e9tf\u0151n 9 \u00f3rakor lesz szentmise a pl\u00e9b\u00e1niatemplomban. A h\u00e9ten, p\u00e9nteken 17.30-kor szents\u00e9gim\u00e1d\u00e1s, 18 \u00f3rakor szentmise. J\u00f6v\u0151 vas\u00e1rnap, \u00e1prilis 11-\u00e9n v\u00e1rosunkba \u00e9rkezik az \u00c9let \u00fatja zar\u00e1ndoklat keret\u00e9ben Martin Hud\u00e1\u010dek, szlov\u00e1k szobr\u00e1szm\u0171v\u00e9sz alkot\u00e1sa, a \u201eMeg nem sz\u00fcletett gyermek\u201d szobra. 10 \u00f3rakor a Marcali Pl\u00e9b\u00e1niatemplomban szentmise keret\u00e9ben fogadjuk a szobrot \u00e9s el\u0151ad\u00e1st tart Udvardy M\u00e1rton p\u00fcsp\u00f6ki szertart\u00f3. A j\u00e1rv\u00e1ny\u00fcgyi szab\u00e1lyok betart\u00e1s\u00e1val v\u00e1rjuk a h\u00edveket. Megjelent a Marcali Katolikus \u00dajs\u00e1g h\u00fasv\u00e9ti sz\u00e1ma.<\/p>\n","protected":false},"author":2,"featured_media":0,"comment_status":"closed","ping_status":"open","sticky":false,"template":"","format":"standard","meta":{"footnotes":""},"categories":[1],"tags":[],"class_list":["post-2561","post","type-post","status-publish","format-standard","hentry","category-egyeb"],"_links":{"self":[{"href":"https:\/\/marcali.plebania.hu\/index.php?rest_route=\/wp\/v2\/posts\/2561","targetHints":{"allow":["GET"]}}],"collection":[{"href":"https:\/\/marcali.plebania.hu\/index.php?rest_route=\/wp\/v2\/posts"}],"about":[{"href":"https:\/\/marcali.plebania.hu\/index.php?rest_route=\/wp\/v2\/types\/post"}],"author":[{"embeddable":true,"href":"https:\/\/marcali.plebania.hu\/index.php?rest_route=\/wp\/v2\/users\/2"}],"replies":[{"embeddable":true,"href":"https:\/\/marcali.plebania.hu\/index.php?rest_route=%2Fwp%2Fv2%2Fcomments&post=2561"}],"version-history":[{"count":1,"href":"https:\/\/marcali.plebania.hu\/index.php?rest_route=\/wp\/v2\/posts\/2561\/revisions"}],"predecessor-version":[{"id":2562,"href":"https:\/\/marcali.plebania.hu\/index.php?rest_route=\/wp\/v2\/posts\/2561\/revisions\/2562"}],"wp:attachment":[{"href":"https:\/\/marcali.plebania.hu\/index.php?rest_route=%2Fwp%2Fv2%2Fmedia&parent=2561"}],"wp:term":[{"taxonomy":"category","embeddable":true,"href":"https:\/\/marcali.plebania.hu\/index.php?rest_route=%2Fwp%2Fv2%2Fcategories&post=2561"},{"taxonomy":"post_tag","embeddable":true,"href":"https:\/\/marcali.plebania.hu\/index.php?rest_route=%2Fwp%2Fv2%2Ftags&post=2561"}],"curies":[{"name":"wp","href":"https:\/\/api.w.org\/{rel}","templated":true}]}}