{"id":2563,"date":"2021-04-06T14:44:45","date_gmt":"2021-04-06T14:44:45","guid":{"rendered":"https:\/\/marcali.plebania.hu\/?p=2563"},"modified":"2021-04-06T14:44:45","modified_gmt":"2021-04-06T14:44:45","slug":"csonkamise-nagypenteken-marcaliban","status":"publish","type":"post","link":"https:\/\/marcali.plebania.hu\/?p=2563","title":{"rendered":"Csonkamise Nagyp\u00e9nteken Marcaliban"},"content":{"rendered":"\n<p>2021. \u00e1prilis 2-\u00e1n Nagyp\u00e9nteken, 17.30-kor a Gy\u00fcm\u00f6lcsolt\u00f3 Boldogasszony Pl\u00e9b\u00e1niatemplomban kereszt\u00fati \u00e1jtatoss\u00e1ggal eml\u00e9keztek J\u00e9zus kereszthal\u00e1l\u00e1ra. Az elm\u00e9lked\u00e9sb\u0151l, im\u00e1ds\u00e1gb\u00f3l \u00e9s \u00e9nekekb\u0151l \u00e1ll\u00f3 keresztutat ez\u00fattal a R\u00f3mai Katolikus Egyh\u00e1zk\u00f6zs\u00e9g K\u00e9pvisel\u0151 Test\u00fclet\u00e9nek tagjai v\u00e9gzet\u00e9k.<\/p>\n\n\n\n<figure class=\"wp-block-gallery columns-3 is-cropped wp-block-gallery-1 is-layout-flex wp-block-gallery-is-layout-flex\"><ul class=\"blocks-gallery-grid\"><li class=\"blocks-gallery-item\"><figure><img loading=\"lazy\" decoding=\"async\" width=\"1024\" height=\"683\" src=\"https:\/\/marcali.plebania.hu\/wp-content\/uploads\/2021\/04\/01-1024x683.jpg\" alt=\"\" data-id=\"2564\" data-full-url=\"https:\/\/marcali.plebania.hu\/wp-content\/uploads\/2021\/04\/01-scaled.jpg\" data-link=\"https:\/\/marcali.plebania.hu\/?attachment_id=2564\" class=\"wp-image-2564\" srcset=\"https:\/\/marcali.plebania.hu\/wp-content\/uploads\/2021\/04\/01-1024x683.jpg 1024w, https:\/\/marcali.plebania.hu\/wp-content\/uploads\/2021\/04\/01-300x200.jpg 300w, https:\/\/marcali.plebania.hu\/wp-content\/uploads\/2021\/04\/01-768x512.jpg 768w, https:\/\/marcali.plebania.hu\/wp-content\/uploads\/2021\/04\/01-1536x1024.jpg 1536w, https:\/\/marcali.plebania.hu\/wp-content\/uploads\/2021\/04\/01-2048x1365.jpg 2048w, https:\/\/marcali.plebania.hu\/wp-content\/uploads\/2021\/04\/01-405x270.jpg 405w\" sizes=\"auto, (max-width: 1024px) 100vw, 1024px\" \/><\/figure><\/li><li class=\"blocks-gallery-item\"><figure><img loading=\"lazy\" decoding=\"async\" width=\"1024\" height=\"683\" src=\"https:\/\/marcali.plebania.hu\/wp-content\/uploads\/2021\/04\/02-1024x683.jpg\" alt=\"\" data-id=\"2565\" data-full-url=\"https:\/\/marcali.plebania.hu\/wp-content\/uploads\/2021\/04\/02-scaled.jpg\" data-link=\"https:\/\/marcali.plebania.hu\/?attachment_id=2565\" class=\"wp-image-2565\" srcset=\"https:\/\/marcali.plebania.hu\/wp-content\/uploads\/2021\/04\/02-1024x683.jpg 1024w, https:\/\/marcali.plebania.hu\/wp-content\/uploads\/2021\/04\/02-300x200.jpg 300w, https:\/\/marcali.plebania.hu\/wp-content\/uploads\/2021\/04\/02-768x512.jpg 768w, https:\/\/marcali.plebania.hu\/wp-content\/uploads\/2021\/04\/02-1536x1024.jpg 1536w, https:\/\/marcali.plebania.hu\/wp-content\/uploads\/2021\/04\/02-2048x1365.jpg 2048w, https:\/\/marcali.plebania.hu\/wp-content\/uploads\/2021\/04\/02-405x270.jpg 405w\" sizes=\"auto, (max-width: 1024px) 100vw, 1024px\" \/><\/figure><\/li><li class=\"blocks-gallery-item\"><figure><img loading=\"lazy\" decoding=\"async\" width=\"1024\" height=\"683\" src=\"https:\/\/marcali.plebania.hu\/wp-content\/uploads\/2021\/04\/03-1024x683.jpg\" alt=\"\" data-id=\"2566\" data-full-url=\"https:\/\/marcali.plebania.hu\/wp-content\/uploads\/2021\/04\/03-scaled.jpg\" data-link=\"https:\/\/marcali.plebania.hu\/?attachment_id=2566\" class=\"wp-image-2566\" srcset=\"https:\/\/marcali.plebania.hu\/wp-content\/uploads\/2021\/04\/03-1024x683.jpg 1024w, https:\/\/marcali.plebania.hu\/wp-content\/uploads\/2021\/04\/03-300x200.jpg 300w, https:\/\/marcali.plebania.hu\/wp-content\/uploads\/2021\/04\/03-768x512.jpg 768w, https:\/\/marcali.plebania.hu\/wp-content\/uploads\/2021\/04\/03-1536x1024.jpg 1536w, https:\/\/marcali.plebania.hu\/wp-content\/uploads\/2021\/04\/03-2048x1365.jpg 2048w, https:\/\/marcali.plebania.hu\/wp-content\/uploads\/2021\/04\/03-405x270.jpg 405w\" sizes=\"auto, (max-width: 1024px) 100vw, 1024px\" \/><\/figure><\/li><li class=\"blocks-gallery-item\"><figure><img loading=\"lazy\" decoding=\"async\" width=\"1024\" height=\"683\" src=\"https:\/\/marcali.plebania.hu\/wp-content\/uploads\/2021\/04\/04-1024x683.jpg\" alt=\"\" data-id=\"2567\" data-full-url=\"https:\/\/marcali.plebania.hu\/wp-content\/uploads\/2021\/04\/04-scaled.jpg\" data-link=\"https:\/\/marcali.plebania.hu\/?attachment_id=2567\" class=\"wp-image-2567\" srcset=\"https:\/\/marcali.plebania.hu\/wp-content\/uploads\/2021\/04\/04-1024x683.jpg 1024w, https:\/\/marcali.plebania.hu\/wp-content\/uploads\/2021\/04\/04-300x200.jpg 300w, https:\/\/marcali.plebania.hu\/wp-content\/uploads\/2021\/04\/04-768x512.jpg 768w, https:\/\/marcali.plebania.hu\/wp-content\/uploads\/2021\/04\/04-1536x1024.jpg 1536w, https:\/\/marcali.plebania.hu\/wp-content\/uploads\/2021\/04\/04-2048x1365.jpg 2048w, https:\/\/marcali.plebania.hu\/wp-content\/uploads\/2021\/04\/04-405x270.jpg 405w\" sizes=\"auto, (max-width: 1024px) 100vw, 1024px\" \/><\/figure><\/li><\/ul><\/figure>\n\n\n\n<p>Majd ezt k\u00f6vet\u0151en 18 \u00f3r\u00e1t\u00f3l az \u00fan. \u201ecsonkamis\u00e9vel\u201d folytat\u00f3dott a nagyp\u00e9nteki liturgia, melyet Kiss Iv\u00e1n c. pr\u00e9post, esperes-pl\u00e9b\u00e1nos celebr\u00e1lt a jelenl\u00e9v\u0151 h\u00edveknek. A koronav\u00edrus-j\u00e1rv\u00e1ny miatt az olvasm\u00e1ny \u00e9s a szentlecke felolvas\u00e1sa ut\u00e1n mind\u00f6ssze n\u00e9gyen olvast\u00e1k fel J\u00e9zus szenved\u00e9st\u00f6rt\u00e9net\u00e9t, a passi\u00f3t, melyet Balogh B\u00e1lint k\u00e1ntor vezet\u00e9s\u00e9vel, J\u00e1ki Zolt\u00e1nn\u00e9, J\u00e1ki Zolt\u00e1n \u00e9s S\u00e1gv\u00e1ri R\u00f3bert adtak el\u0151 dramatiz\u00e1lt form\u00e1ban.<\/p>\n\n\n\n<figure class=\"wp-block-gallery columns-3 is-cropped wp-block-gallery-2 is-layout-flex wp-block-gallery-is-layout-flex\"><ul class=\"blocks-gallery-grid\"><li class=\"blocks-gallery-item\"><figure><img loading=\"lazy\" decoding=\"async\" width=\"1024\" height=\"683\" src=\"https:\/\/marcali.plebania.hu\/wp-content\/uploads\/2021\/04\/07-1024x683.jpg\" alt=\"\" data-id=\"2568\" data-link=\"https:\/\/marcali.plebania.hu\/?attachment_id=2568\" class=\"wp-image-2568\" srcset=\"https:\/\/marcali.plebania.hu\/wp-content\/uploads\/2021\/04\/07-1024x683.jpg 1024w, https:\/\/marcali.plebania.hu\/wp-content\/uploads\/2021\/04\/07-300x200.jpg 300w, https:\/\/marcali.plebania.hu\/wp-content\/uploads\/2021\/04\/07-768x512.jpg 768w, https:\/\/marcali.plebania.hu\/wp-content\/uploads\/2021\/04\/07-1536x1024.jpg 1536w, https:\/\/marcali.plebania.hu\/wp-content\/uploads\/2021\/04\/07-2048x1365.jpg 2048w, https:\/\/marcali.plebania.hu\/wp-content\/uploads\/2021\/04\/07-405x270.jpg 405w\" sizes=\"auto, (max-width: 1024px) 100vw, 1024px\" \/><\/figure><\/li><li class=\"blocks-gallery-item\"><figure><img loading=\"lazy\" decoding=\"async\" width=\"1024\" height=\"683\" src=\"https:\/\/marcali.plebania.hu\/wp-content\/uploads\/2021\/04\/08-1024x683.jpg\" alt=\"\" data-id=\"2569\" data-link=\"https:\/\/marcali.plebania.hu\/?attachment_id=2569\" class=\"wp-image-2569\" srcset=\"https:\/\/marcali.plebania.hu\/wp-content\/uploads\/2021\/04\/08-1024x683.jpg 1024w, https:\/\/marcali.plebania.hu\/wp-content\/uploads\/2021\/04\/08-300x200.jpg 300w, https:\/\/marcali.plebania.hu\/wp-content\/uploads\/2021\/04\/08-768x512.jpg 768w, https:\/\/marcali.plebania.hu\/wp-content\/uploads\/2021\/04\/08-1536x1024.jpg 1536w, https:\/\/marcali.plebania.hu\/wp-content\/uploads\/2021\/04\/08-2048x1365.jpg 2048w, https:\/\/marcali.plebania.hu\/wp-content\/uploads\/2021\/04\/08-405x270.jpg 405w\" sizes=\"auto, (max-width: 1024px) 100vw, 1024px\" \/><\/figure><\/li><li class=\"blocks-gallery-item\"><figure><img loading=\"lazy\" decoding=\"async\" width=\"1024\" height=\"683\" src=\"https:\/\/marcali.plebania.hu\/wp-content\/uploads\/2021\/04\/09-1024x683.jpg\" alt=\"\" data-id=\"2570\" data-link=\"https:\/\/marcali.plebania.hu\/?attachment_id=2570\" class=\"wp-image-2570\" srcset=\"https:\/\/marcali.plebania.hu\/wp-content\/uploads\/2021\/04\/09-1024x683.jpg 1024w, https:\/\/marcali.plebania.hu\/wp-content\/uploads\/2021\/04\/09-300x200.jpg 300w, https:\/\/marcali.plebania.hu\/wp-content\/uploads\/2021\/04\/09-768x512.jpg 768w, https:\/\/marcali.plebania.hu\/wp-content\/uploads\/2021\/04\/09-1536x1024.jpg 1536w, https:\/\/marcali.plebania.hu\/wp-content\/uploads\/2021\/04\/09-2048x1365.jpg 2048w, https:\/\/marcali.plebania.hu\/wp-content\/uploads\/2021\/04\/09-405x270.jpg 405w\" sizes=\"auto, (max-width: 1024px) 100vw, 1024px\" \/><\/figure><\/li><li class=\"blocks-gallery-item\"><figure><img loading=\"lazy\" decoding=\"async\" width=\"1024\" height=\"683\" src=\"https:\/\/marcali.plebania.hu\/wp-content\/uploads\/2021\/04\/06-1024x683.jpg\" alt=\"\" data-id=\"2571\" data-full-url=\"https:\/\/marcali.plebania.hu\/wp-content\/uploads\/2021\/04\/06-scaled.jpg\" data-link=\"https:\/\/marcali.plebania.hu\/?attachment_id=2571\" class=\"wp-image-2571\" srcset=\"https:\/\/marcali.plebania.hu\/wp-content\/uploads\/2021\/04\/06-1024x683.jpg 1024w, https:\/\/marcali.plebania.hu\/wp-content\/uploads\/2021\/04\/06-300x200.jpg 300w, https:\/\/marcali.plebania.hu\/wp-content\/uploads\/2021\/04\/06-768x512.jpg 768w, https:\/\/marcali.plebania.hu\/wp-content\/uploads\/2021\/04\/06-1536x1024.jpg 1536w, https:\/\/marcali.plebania.hu\/wp-content\/uploads\/2021\/04\/06-2048x1365.jpg 2048w, https:\/\/marcali.plebania.hu\/wp-content\/uploads\/2021\/04\/06-405x270.jpg 405w\" sizes=\"auto, (max-width: 1024px) 100vw, 1024px\" \/><\/figure><\/li><\/ul><\/figure>\n\n\n\n<p>Iv\u00e1n atya szentbesz\u00e9d\u00e9ben\np\u00e1rhuzamot vont J\u00e9zus sz\u00f6rny\u0171 szenved\u00e9se \u00e9s a mostani Covid-19 j\u00e1rv\u00e1nyban\nszenved\u0151k sorsa k\u00f6z\u00f6tt. Krisztus kereszthal\u00e1l\u00e1val a megv\u00e1lt\u00e1st, az \u00fcdv\u00f6ss\u00e9get\n\u00e9s a vele val\u00f3 kiengesztel\u0151d\u00e9st hozta el minden ember sz\u00e1m\u00e1ra. A felt\u00e1mad\u00e1s\nh\u00fasv\u00e9ti \u00fcnnepl\u00e9se rem\u00e9nyt ad arra, hogy Isten \u00f6r\u00f6k \u00e9letet ad az embereknek.<\/p>\n\n\n\n<p>A szertart\u00e1s ezut\u00e1n a kereszth\u00f3dolattal folytat\u00f3dott. \u00c1m ez\u00fattal \u2013 az \u00e9rv\u00e9nyben l\u00e9v\u0151 j\u00e1rv\u00e1ny\u00fcgyi szab\u00e1lyok betart\u00e1s\u00e1val \u2013, egyed\u00fcl csak Iv\u00e1n atya h\u00f3dolt a templom szent\u00e9ly\u00e9ben l\u00e9v\u0151 kereszt el\u0151tt. A jelenl\u00e9v\u0151 h\u00edvek a padokban maradtak \u00e9s t\u00e9rdeltek le az isteni szeretet jele \u00e9s titka, a kereszt el\u0151tt. Majd szent\u00e1ldoz\u00e1ssal z\u00e1rult a szertart\u00e1s.<\/p>\n\n\n\n<figure class=\"wp-block-gallery columns-3 is-cropped wp-block-gallery-3 is-layout-flex wp-block-gallery-is-layout-flex\"><ul class=\"blocks-gallery-grid\"><li class=\"blocks-gallery-item\"><figure><img loading=\"lazy\" decoding=\"async\" width=\"1024\" height=\"683\" src=\"https:\/\/marcali.plebania.hu\/wp-content\/uploads\/2021\/04\/10-1024x683.jpg\" alt=\"\" data-id=\"2572\" data-link=\"https:\/\/marcali.plebania.hu\/?attachment_id=2572\" class=\"wp-image-2572\" srcset=\"https:\/\/marcali.plebania.hu\/wp-content\/uploads\/2021\/04\/10-1024x683.jpg 1024w, https:\/\/marcali.plebania.hu\/wp-content\/uploads\/2021\/04\/10-300x200.jpg 300w, https:\/\/marcali.plebania.hu\/wp-content\/uploads\/2021\/04\/10-768x512.jpg 768w, https:\/\/marcali.plebania.hu\/wp-content\/uploads\/2021\/04\/10-1536x1024.jpg 1536w, https:\/\/marcali.plebania.hu\/wp-content\/uploads\/2021\/04\/10-2048x1365.jpg 2048w, https:\/\/marcali.plebania.hu\/wp-content\/uploads\/2021\/04\/10-405x270.jpg 405w\" sizes=\"auto, (max-width: 1024px) 100vw, 1024px\" \/><\/figure><\/li><li class=\"blocks-gallery-item\"><figure><img loading=\"lazy\" decoding=\"async\" width=\"1024\" height=\"683\" src=\"https:\/\/marcali.plebania.hu\/wp-content\/uploads\/2021\/04\/14-1024x683.jpg\" alt=\"\" data-id=\"2573\" data-link=\"https:\/\/marcali.plebania.hu\/?attachment_id=2573\" class=\"wp-image-2573\" srcset=\"https:\/\/marcali.plebania.hu\/wp-content\/uploads\/2021\/04\/14-1024x683.jpg 1024w, https:\/\/marcali.plebania.hu\/wp-content\/uploads\/2021\/04\/14-300x200.jpg 300w, https:\/\/marcali.plebania.hu\/wp-content\/uploads\/2021\/04\/14-768x512.jpg 768w, https:\/\/marcali.plebania.hu\/wp-content\/uploads\/2021\/04\/14-1536x1024.jpg 1536w, https:\/\/marcali.plebania.hu\/wp-content\/uploads\/2021\/04\/14-2048x1365.jpg 2048w, https:\/\/marcali.plebania.hu\/wp-content\/uploads\/2021\/04\/14-405x270.jpg 405w\" sizes=\"auto, (max-width: 1024px) 100vw, 1024px\" \/><\/figure><\/li><li class=\"blocks-gallery-item\"><figure><img loading=\"lazy\" decoding=\"async\" width=\"1024\" height=\"683\" src=\"https:\/\/marcali.plebania.hu\/wp-content\/uploads\/2021\/04\/16-1024x683.jpg\" alt=\"\" data-id=\"2574\" data-link=\"https:\/\/marcali.plebania.hu\/?attachment_id=2574\" class=\"wp-image-2574\" srcset=\"https:\/\/marcali.plebania.hu\/wp-content\/uploads\/2021\/04\/16-1024x683.jpg 1024w, https:\/\/marcali.plebania.hu\/wp-content\/uploads\/2021\/04\/16-300x200.jpg 300w, https:\/\/marcali.plebania.hu\/wp-content\/uploads\/2021\/04\/16-768x512.jpg 768w, https:\/\/marcali.plebania.hu\/wp-content\/uploads\/2021\/04\/16-1536x1024.jpg 1536w, https:\/\/marcali.plebania.hu\/wp-content\/uploads\/2021\/04\/16-2048x1365.jpg 2048w, https:\/\/marcali.plebania.hu\/wp-content\/uploads\/2021\/04\/16-405x270.jpg 405w\" sizes=\"auto, (max-width: 1024px) 100vw, 1024px\" \/><\/figure><\/li><li class=\"blocks-gallery-item\"><figure><img loading=\"lazy\" decoding=\"async\" width=\"1024\" height=\"683\" src=\"https:\/\/marcali.plebania.hu\/wp-content\/uploads\/2021\/04\/17-1024x683.jpg\" alt=\"\" data-id=\"2575\" data-full-url=\"https:\/\/marcali.plebania.hu\/wp-content\/uploads\/2021\/04\/17-scaled.jpg\" data-link=\"https:\/\/marcali.plebania.hu\/?attachment_id=2575\" class=\"wp-image-2575\" srcset=\"https:\/\/marcali.plebania.hu\/wp-content\/uploads\/2021\/04\/17-1024x683.jpg 1024w, https:\/\/marcali.plebania.hu\/wp-content\/uploads\/2021\/04\/17-300x200.jpg 300w, https:\/\/marcali.plebania.hu\/wp-content\/uploads\/2021\/04\/17-768x512.jpg 768w, https:\/\/marcali.plebania.hu\/wp-content\/uploads\/2021\/04\/17-1536x1024.jpg 1536w, https:\/\/marcali.plebania.hu\/wp-content\/uploads\/2021\/04\/17-2048x1365.jpg 2048w, https:\/\/marcali.plebania.hu\/wp-content\/uploads\/2021\/04\/17-405x270.jpg 405w\" sizes=\"auto, (max-width: 1024px) 100vw, 1024px\" \/><\/figure><\/li><\/ul><\/figure>\n\n\n\n<p>A nagyh\u00e9t el\u0151k\u00e9sz\u00fclet a h\u00fasv\u00e9tra,\na kereszt\u00e9nyek legnagyobb \u00fcnnep\u00e9re, amely J\u00e9zus felt\u00e1mad\u00e1s\u00e1ra \u00e9s szeretet\u00e9re eml\u00e9keztet\nminden j\u00f3akarat\u00fa embert. El\u0151tte Nagyszombaton szint\u00e9n 18 \u00f3rakor kezd\u0151nek a\n(t\u0171z-, v\u00edzszentel\u00e9si) szertart\u00e1sok, majd a felt\u00e1mad\u00e1si szentmise a\npl\u00e9b\u00e1niatemplomban. Az idei \u00e9vben a pand\u00e9mia miatt azonban ism\u00e9t elmarad a\nhagyom\u00e1nyos felt\u00e1mad\u00e1si k\u00f6rmenet a R\u00e1k\u00f3czi utc\u00e1n. Viszont az \u00e9telszentel\u00e9st is\nugyanekkor \u2013 \u00e9s nem h\u00fasv\u00e9tvas\u00e1rnap reggel \u2013 tartj\u00e1k meg, amelyre a h\u00edvek\nelhozhatj\u00e1k \u00fcnnepi \u00e9teleiket (sonka, toj\u00e1s, kal\u00e1cs, torma, bor) meg\u00e1ld\u00e1sra.<\/p>\n","protected":false},"excerpt":{"rendered":"<p>2021. \u00e1prilis 2-\u00e1n Nagyp\u00e9nteken, 17.30-kor a Gy\u00fcm\u00f6lcsolt\u00f3 Boldogasszony Pl\u00e9b\u00e1niatemplomban kereszt\u00fati \u00e1jtatoss\u00e1ggal eml\u00e9keztek J\u00e9zus kereszthal\u00e1l\u00e1ra. Az elm\u00e9lked\u00e9sb\u0151l, im\u00e1ds\u00e1gb\u00f3l \u00e9s \u00e9nekekb\u0151l \u00e1ll\u00f3 keresztutat ez\u00fattal a R\u00f3mai Katolikus Egyh\u00e1zk\u00f6zs\u00e9g K\u00e9pvisel\u0151 Test\u00fclet\u00e9nek tagjai v\u00e9gzet\u00e9k. Majd ezt k\u00f6vet\u0151en 18 \u00f3r\u00e1t\u00f3l az \u00fan. \u201ecsonkamis\u00e9vel\u201d folytat\u00f3dott a nagyp\u00e9nteki liturgia, melyet Kiss Iv\u00e1n c. pr\u00e9post, esperes-pl\u00e9b\u00e1nos celebr\u00e1lt a jelenl\u00e9v\u0151 h\u00edveknek. A koronav\u00edrus-j\u00e1rv\u00e1ny miatt az olvasm\u00e1ny \u00e9s a szentlecke felolvas\u00e1sa ut\u00e1n mind\u00f6ssze n\u00e9gyen olvast\u00e1k fel J\u00e9zus szenved\u00e9st\u00f6rt\u00e9net\u00e9t, a passi\u00f3t, melyet Balogh B\u00e1lint k\u00e1ntor vezet\u00e9s\u00e9vel, J\u00e1ki Zolt\u00e1nn\u00e9, J\u00e1ki Zolt\u00e1n \u00e9s&#8230;<\/p>\n<p class=\"read-more\"><a class=\"btn btn-default\" href=\"https:\/\/marcali.plebania.hu\/?p=2563\"> Read More<span class=\"screen-reader-text\">  Read More<\/span><\/a><\/p>\n","protected":false},"author":2,"featured_media":0,"comment_status":"closed","ping_status":"open","sticky":false,"template":"","format":"standard","meta":{"footnotes":""},"categories":[1],"tags":[],"class_list":["post-2563","post","type-post","status-publish","format-standard","hentry","category-egyeb"],"_links":{"self":[{"href":"https:\/\/marcali.plebania.hu\/index.php?rest_route=\/wp\/v2\/posts\/2563","targetHints":{"allow":["GET"]}}],"collection":[{"href":"https:\/\/marcali.plebania.hu\/index.php?rest_route=\/wp\/v2\/posts"}],"about":[{"href":"https:\/\/marcali.plebania.hu\/index.php?rest_route=\/wp\/v2\/types\/post"}],"author":[{"embeddable":true,"href":"https:\/\/marcali.plebania.hu\/index.php?rest_route=\/wp\/v2\/users\/2"}],"replies":[{"embeddable":true,"href":"https:\/\/marcali.plebania.hu\/index.php?rest_route=%2Fwp%2Fv2%2Fcomments&post=2563"}],"version-history":[{"count":1,"href":"https:\/\/marcali.plebania.hu\/index.php?rest_route=\/wp\/v2\/posts\/2563\/revisions"}],"predecessor-version":[{"id":2576,"href":"https:\/\/marcali.plebania.hu\/index.php?rest_route=\/wp\/v2\/posts\/2563\/revisions\/2576"}],"wp:attachment":[{"href":"https:\/\/marcali.plebania.hu\/index.php?rest_route=%2Fwp%2Fv2%2Fmedia&parent=2563"}],"wp:term":[{"taxonomy":"category","embeddable":true,"href":"https:\/\/marcali.plebania.hu\/index.php?rest_route=%2Fwp%2Fv2%2Fcategories&post=2563"},{"taxonomy":"post_tag","embeddable":true,"href":"https:\/\/marcali.plebania.hu\/index.php?rest_route=%2Fwp%2Fv2%2Ftags&post=2563"}],"curies":[{"name":"wp","href":"https:\/\/api.w.org\/{rel}","templated":true}]}}