{"id":257,"date":"2018-06-05T09:39:33","date_gmt":"2018-06-05T09:39:33","guid":{"rendered":"https:\/\/marcali.plebania.hu\/?p=257"},"modified":"2018-06-05T09:39:33","modified_gmt":"2018-06-05T09:39:33","slug":"hosok-napja","status":"publish","type":"post","link":"https:\/\/marcali.plebania.hu\/?p=257","title":{"rendered":"H\u0151s\u00f6k Napja"},"content":{"rendered":"<p><img loading=\"lazy\" decoding=\"async\" class=\"aligncenter wp-image-258 size-large\" src=\"https:\/\/marcali.plebania.hu\/wp-content\/uploads\/2018\/06\/H\u0151s\u00f6k-napja1-1024x683.jpg\" alt=\"\" width=\"640\" height=\"427\" srcset=\"https:\/\/marcali.plebania.hu\/wp-content\/uploads\/2018\/06\/H\u0151s\u00f6k-napja1-1024x683.jpg 1024w, https:\/\/marcali.plebania.hu\/wp-content\/uploads\/2018\/06\/H\u0151s\u00f6k-napja1-300x200.jpg 300w, https:\/\/marcali.plebania.hu\/wp-content\/uploads\/2018\/06\/H\u0151s\u00f6k-napja1-768x512.jpg 768w, https:\/\/marcali.plebania.hu\/wp-content\/uploads\/2018\/06\/H\u0151s\u00f6k-napja1-405x270.jpg 405w\" sizes=\"auto, (max-width: 640px) 100vw, 640px\" \/><\/p>\n<p>2018. m\u00e1jus 27-\u00e9n, vas\u00e1rnap 10 \u00f3rakor Marcaliban is H\u0151s\u00f6k napi megeml\u00e9kez\u00e9st tartottak a H\u0151s\u00f6k ter\u00e9n l\u00e9v\u0151 els\u0151 vil\u00e1gh\u00e1bor\u00fas eml\u00e9km\u0171n\u00e9l.<\/p>\n<p>Az egyh\u00e1zk\u00f6zs\u00e9g r\u00e9sz\u00e9r\u0151l Kiss Iv\u00e1n c. pr\u00e9post, esperes-pl\u00e9b\u00e1nos, Gelencs\u00e9r R\u00f3bert vil\u00e1gi eln\u00f6k \u00e9s Kir\u00e1ly Jen\u0151 templomatya koszor\u00fazott \u00e9s hajtott fejet a h\u0151s\u00f6k \u00e9s \u00e1ldozatok el\u0151tt.<\/p>\n<p>\u00dcnnepi besz\u00e9det M\u00e9sz\u00e1ros K\u00e1roly \u0151rnagy, az MH. Katonai Igazgat\u00e1si \u00e9s K\u00f6zponti Nyilv\u00e1ntart\u00f3 Parancsnoks\u00e1g \u00c9rdekv\u00e9delmi R\u00e9szlegvezet\u0151je mondott, k\u00f6zrem\u0171k\u00f6d\u00f6tt a Balaton M. &amp; K. F\u00fav\u00f3szenekar.<\/p>\n","protected":false},"excerpt":{"rendered":"<p>2018. m\u00e1jus 27-\u00e9n, vas\u00e1rnap 10 \u00f3rakor Marcaliban is H\u0151s\u00f6k napi megeml\u00e9kez\u00e9st tartottak a H\u0151s\u00f6k ter\u00e9n l\u00e9v\u0151 els\u0151 vil\u00e1gh\u00e1bor\u00fas eml\u00e9km\u0171n\u00e9l. Az egyh\u00e1zk\u00f6zs\u00e9g r\u00e9sz\u00e9r\u0151l Kiss Iv\u00e1n c. pr\u00e9post, esperes-pl\u00e9b\u00e1nos, Gelencs\u00e9r R\u00f3bert vil\u00e1gi eln\u00f6k \u00e9s Kir\u00e1ly Jen\u0151 templomatya koszor\u00fazott \u00e9s hajtott fejet a h\u0151s\u00f6k \u00e9s \u00e1ldozatok el\u0151tt. \u00dcnnepi besz\u00e9det M\u00e9sz\u00e1ros K\u00e1roly \u0151rnagy, az MH. Katonai Igazgat\u00e1si \u00e9s K\u00f6zponti Nyilv\u00e1ntart\u00f3 Parancsnoks\u00e1g \u00c9rdekv\u00e9delmi R\u00e9szlegvezet\u0151je mondott, k\u00f6zrem\u0171k\u00f6d\u00f6tt a Balaton M. &amp; K. F\u00fav\u00f3szenekar.<\/p>\n","protected":false},"author":2,"featured_media":0,"comment_status":"closed","ping_status":"open","sticky":false,"template":"","format":"standard","meta":{"footnotes":""},"categories":[1],"tags":[],"class_list":["post-257","post","type-post","status-publish","format-standard","hentry","category-egyeb"],"_links":{"self":[{"href":"https:\/\/marcali.plebania.hu\/index.php?rest_route=\/wp\/v2\/posts\/257","targetHints":{"allow":["GET"]}}],"collection":[{"href":"https:\/\/marcali.plebania.hu\/index.php?rest_route=\/wp\/v2\/posts"}],"about":[{"href":"https:\/\/marcali.plebania.hu\/index.php?rest_route=\/wp\/v2\/types\/post"}],"author":[{"embeddable":true,"href":"https:\/\/marcali.plebania.hu\/index.php?rest_route=\/wp\/v2\/users\/2"}],"replies":[{"embeddable":true,"href":"https:\/\/marcali.plebania.hu\/index.php?rest_route=%2Fwp%2Fv2%2Fcomments&post=257"}],"version-history":[{"count":1,"href":"https:\/\/marcali.plebania.hu\/index.php?rest_route=\/wp\/v2\/posts\/257\/revisions"}],"predecessor-version":[{"id":259,"href":"https:\/\/marcali.plebania.hu\/index.php?rest_route=\/wp\/v2\/posts\/257\/revisions\/259"}],"wp:attachment":[{"href":"https:\/\/marcali.plebania.hu\/index.php?rest_route=%2Fwp%2Fv2%2Fmedia&parent=257"}],"wp:term":[{"taxonomy":"category","embeddable":true,"href":"https:\/\/marcali.plebania.hu\/index.php?rest_route=%2Fwp%2Fv2%2Fcategories&post=257"},{"taxonomy":"post_tag","embeddable":true,"href":"https:\/\/marcali.plebania.hu\/index.php?rest_route=%2Fwp%2Fv2%2Ftags&post=257"}],"curies":[{"name":"wp","href":"https:\/\/api.w.org\/{rel}","templated":true}]}}