{"id":2577,"date":"2021-04-06T14:52:36","date_gmt":"2021-04-06T14:52:36","guid":{"rendered":"https:\/\/marcali.plebania.hu\/?p=2577"},"modified":"2021-04-06T14:52:36","modified_gmt":"2021-04-06T14:52:36","slug":"nagyszombat-marcaliban","status":"publish","type":"post","link":"https:\/\/marcali.plebania.hu\/?p=2577","title":{"rendered":"Nagyszombat Marcaliban"},"content":{"rendered":"\n<p>2021. \u00e1prilis 3-\u00e1n, Nagyszombaton 18 \u00f3rakor kezd\u0151d\u00f6tt h\u00fasv\u00e9t vig\u00edli\u00e1ja, melyet Kiss Iv\u00e1n c. pr\u00e9post, esperes-pl\u00e9b\u00e1nos celebr\u00e1lt a Gy\u00fcm\u00f6lcsolt\u00f3 Boldogasszony pl\u00e9b\u00e1niatemplomban.<\/p>\n\n\n\n<figure class=\"wp-block-gallery columns-3 is-cropped wp-block-gallery-1 is-layout-flex wp-block-gallery-is-layout-flex\"><ul class=\"blocks-gallery-grid\"><li class=\"blocks-gallery-item\"><figure><img loading=\"lazy\" decoding=\"async\" width=\"1024\" height=\"683\" src=\"https:\/\/marcali.plebania.hu\/wp-content\/uploads\/2021\/04\/02-1-1024x683.jpg\" alt=\"\" data-id=\"2578\" data-link=\"https:\/\/marcali.plebania.hu\/?attachment_id=2578\" class=\"wp-image-2578\" srcset=\"https:\/\/marcali.plebania.hu\/wp-content\/uploads\/2021\/04\/02-1-1024x683.jpg 1024w, https:\/\/marcali.plebania.hu\/wp-content\/uploads\/2021\/04\/02-1-300x200.jpg 300w, https:\/\/marcali.plebania.hu\/wp-content\/uploads\/2021\/04\/02-1-768x512.jpg 768w, https:\/\/marcali.plebania.hu\/wp-content\/uploads\/2021\/04\/02-1-1536x1024.jpg 1536w, https:\/\/marcali.plebania.hu\/wp-content\/uploads\/2021\/04\/02-1-2048x1365.jpg 2048w, https:\/\/marcali.plebania.hu\/wp-content\/uploads\/2021\/04\/02-1-405x270.jpg 405w\" sizes=\"auto, (max-width: 1024px) 100vw, 1024px\" \/><\/figure><\/li><li class=\"blocks-gallery-item\"><figure><img loading=\"lazy\" decoding=\"async\" width=\"1024\" height=\"683\" src=\"https:\/\/marcali.plebania.hu\/wp-content\/uploads\/2021\/04\/06-1-1024x683.jpg\" alt=\"\" data-id=\"2579\" data-link=\"https:\/\/marcali.plebania.hu\/?attachment_id=2579\" class=\"wp-image-2579\" srcset=\"https:\/\/marcali.plebania.hu\/wp-content\/uploads\/2021\/04\/06-1-1024x683.jpg 1024w, https:\/\/marcali.plebania.hu\/wp-content\/uploads\/2021\/04\/06-1-300x200.jpg 300w, https:\/\/marcali.plebania.hu\/wp-content\/uploads\/2021\/04\/06-1-768x512.jpg 768w, https:\/\/marcali.plebania.hu\/wp-content\/uploads\/2021\/04\/06-1-1536x1024.jpg 1536w, https:\/\/marcali.plebania.hu\/wp-content\/uploads\/2021\/04\/06-1-2048x1365.jpg 2048w, https:\/\/marcali.plebania.hu\/wp-content\/uploads\/2021\/04\/06-1-405x270.jpg 405w\" sizes=\"auto, (max-width: 1024px) 100vw, 1024px\" \/><\/figure><\/li><li class=\"blocks-gallery-item\"><figure><img loading=\"lazy\" decoding=\"async\" width=\"1024\" height=\"683\" src=\"https:\/\/marcali.plebania.hu\/wp-content\/uploads\/2021\/04\/07-1-1024x683.jpg\" alt=\"\" data-id=\"2580\" data-link=\"https:\/\/marcali.plebania.hu\/?attachment_id=2580\" class=\"wp-image-2580\" srcset=\"https:\/\/marcali.plebania.hu\/wp-content\/uploads\/2021\/04\/07-1-1024x683.jpg 1024w, https:\/\/marcali.plebania.hu\/wp-content\/uploads\/2021\/04\/07-1-300x200.jpg 300w, https:\/\/marcali.plebania.hu\/wp-content\/uploads\/2021\/04\/07-1-768x512.jpg 768w, https:\/\/marcali.plebania.hu\/wp-content\/uploads\/2021\/04\/07-1-1536x1024.jpg 1536w, https:\/\/marcali.plebania.hu\/wp-content\/uploads\/2021\/04\/07-1-2048x1365.jpg 2048w, https:\/\/marcali.plebania.hu\/wp-content\/uploads\/2021\/04\/07-1-405x270.jpg 405w\" sizes=\"auto, (max-width: 1024px) 100vw, 1024px\" \/><\/figure><\/li><li class=\"blocks-gallery-item\"><figure><img loading=\"lazy\" decoding=\"async\" width=\"1024\" height=\"683\" src=\"https:\/\/marcali.plebania.hu\/wp-content\/uploads\/2021\/04\/05-1024x683.jpg\" alt=\"\" data-id=\"2581\" data-full-url=\"https:\/\/marcali.plebania.hu\/wp-content\/uploads\/2021\/04\/05-scaled.jpg\" data-link=\"https:\/\/marcali.plebania.hu\/?attachment_id=2581\" class=\"wp-image-2581\" srcset=\"https:\/\/marcali.plebania.hu\/wp-content\/uploads\/2021\/04\/05-1024x683.jpg 1024w, https:\/\/marcali.plebania.hu\/wp-content\/uploads\/2021\/04\/05-300x200.jpg 300w, https:\/\/marcali.plebania.hu\/wp-content\/uploads\/2021\/04\/05-768x512.jpg 768w, https:\/\/marcali.plebania.hu\/wp-content\/uploads\/2021\/04\/05-1536x1024.jpg 1536w, https:\/\/marcali.plebania.hu\/wp-content\/uploads\/2021\/04\/05-2048x1365.jpg 2048w, https:\/\/marcali.plebania.hu\/wp-content\/uploads\/2021\/04\/05-405x270.jpg 405w\" sizes=\"auto, (max-width: 1024px) 100vw, 1024px\" \/><\/figure><\/li><\/ul><\/figure>\n\n\n\n<p>Az \u00e9rv\u00e9nyben l\u00e9v\u0151 j\u00e1rv\u00e1ny\u00fcgyi int\u00e9zked\u00e9sek betart\u00e1s\u00e1val lehetett szentmis\u00e9t tartani, de a t\u0171zszentel\u00e9s szertart\u00e1sa \u00e9s az \u00fcnnepi bevonul\u00e1s az \u00faj h\u00fasv\u00e9ti gyerty\u00e1val ez\u00fattal elmaradt. Els\u0151k\u00e9nt Balogh B\u00e1lint k\u00e1ntor el\u00e9nekelte a h\u00fasv\u00e9ti \u00f6r\u00f6m\u00e9neket. Majd az \u00f3sz\u00f6vets\u00e9gi olvasm\u00e1nyok r\u00e9v\u00e9n a teremt\u00e9s t\u00f6rt\u00e9net\u00e9t\u0151l J\u00e9zus megjelent\u00e9s\u00e9ig, valamint a zsid\u00f3 h\u00fasv\u00e9tot id\u00e9zt\u00e9k fel. Ezt k\u00f6vet\u0151en a dics\u0151ss\u00e9g elmond\u00e1s\u00e1val kezd\u0151d\u00f6tt meg a felt\u00e1mad\u00e1si szentmise, mik\u00f6zben \u00fajb\u00f3l megsz\u00f3laltak a nagycs\u00fct\u00f6rt\u00f6k este \u00f3ta n\u00e9ma harangok. (A hagyom\u00e1ny szerint visszaj\u00f6ttek R\u00f3m\u00e1b\u00f3l a harangok.)<\/p>\n\n\n\n<figure class=\"wp-block-gallery columns-3 is-cropped wp-block-gallery-2 is-layout-flex wp-block-gallery-is-layout-flex\"><ul class=\"blocks-gallery-grid\"><li class=\"blocks-gallery-item\"><figure><img loading=\"lazy\" decoding=\"async\" width=\"1024\" height=\"683\" src=\"https:\/\/marcali.plebania.hu\/wp-content\/uploads\/2021\/04\/09-1-1024x683.jpg\" alt=\"\" data-id=\"2582\" data-link=\"https:\/\/marcali.plebania.hu\/?attachment_id=2582\" class=\"wp-image-2582\" srcset=\"https:\/\/marcali.plebania.hu\/wp-content\/uploads\/2021\/04\/09-1-1024x683.jpg 1024w, https:\/\/marcali.plebania.hu\/wp-content\/uploads\/2021\/04\/09-1-300x200.jpg 300w, https:\/\/marcali.plebania.hu\/wp-content\/uploads\/2021\/04\/09-1-768x512.jpg 768w, https:\/\/marcali.plebania.hu\/wp-content\/uploads\/2021\/04\/09-1-1536x1024.jpg 1536w, https:\/\/marcali.plebania.hu\/wp-content\/uploads\/2021\/04\/09-1-2048x1365.jpg 2048w, https:\/\/marcali.plebania.hu\/wp-content\/uploads\/2021\/04\/09-1-405x270.jpg 405w\" sizes=\"auto, (max-width: 1024px) 100vw, 1024px\" \/><\/figure><\/li><li class=\"blocks-gallery-item\"><figure><img loading=\"lazy\" decoding=\"async\" width=\"1024\" height=\"683\" src=\"https:\/\/marcali.plebania.hu\/wp-content\/uploads\/2021\/04\/10-1-1024x683.jpg\" alt=\"\" data-id=\"2583\" data-link=\"https:\/\/marcali.plebania.hu\/?attachment_id=2583\" class=\"wp-image-2583\" srcset=\"https:\/\/marcali.plebania.hu\/wp-content\/uploads\/2021\/04\/10-1-1024x683.jpg 1024w, https:\/\/marcali.plebania.hu\/wp-content\/uploads\/2021\/04\/10-1-300x200.jpg 300w, https:\/\/marcali.plebania.hu\/wp-content\/uploads\/2021\/04\/10-1-768x512.jpg 768w, https:\/\/marcali.plebania.hu\/wp-content\/uploads\/2021\/04\/10-1-1536x1024.jpg 1536w, https:\/\/marcali.plebania.hu\/wp-content\/uploads\/2021\/04\/10-1-2048x1365.jpg 2048w, https:\/\/marcali.plebania.hu\/wp-content\/uploads\/2021\/04\/10-1-405x270.jpg 405w\" sizes=\"auto, (max-width: 1024px) 100vw, 1024px\" \/><\/figure><\/li><li class=\"blocks-gallery-item\"><figure><img loading=\"lazy\" decoding=\"async\" width=\"1024\" height=\"683\" src=\"https:\/\/marcali.plebania.hu\/wp-content\/uploads\/2021\/04\/11-1024x683.jpg\" alt=\"\" data-id=\"2584\" data-link=\"https:\/\/marcali.plebania.hu\/?attachment_id=2584\" class=\"wp-image-2584\" srcset=\"https:\/\/marcali.plebania.hu\/wp-content\/uploads\/2021\/04\/11-1024x683.jpg 1024w, https:\/\/marcali.plebania.hu\/wp-content\/uploads\/2021\/04\/11-300x200.jpg 300w, https:\/\/marcali.plebania.hu\/wp-content\/uploads\/2021\/04\/11-768x512.jpg 768w, https:\/\/marcali.plebania.hu\/wp-content\/uploads\/2021\/04\/11-1536x1024.jpg 1536w, https:\/\/marcali.plebania.hu\/wp-content\/uploads\/2021\/04\/11-2048x1365.jpg 2048w, https:\/\/marcali.plebania.hu\/wp-content\/uploads\/2021\/04\/11-405x270.jpg 405w\" sizes=\"auto, (max-width: 1024px) 100vw, 1024px\" \/><\/figure><\/li><li class=\"blocks-gallery-item\"><figure><img loading=\"lazy\" decoding=\"async\" width=\"1024\" height=\"683\" src=\"https:\/\/marcali.plebania.hu\/wp-content\/uploads\/2021\/04\/08-1-1024x683.jpg\" alt=\"\" data-id=\"2585\" data-full-url=\"https:\/\/marcali.plebania.hu\/wp-content\/uploads\/2021\/04\/08-1-scaled.jpg\" data-link=\"https:\/\/marcali.plebania.hu\/?attachment_id=2585\" class=\"wp-image-2585\" srcset=\"https:\/\/marcali.plebania.hu\/wp-content\/uploads\/2021\/04\/08-1-1024x683.jpg 1024w, https:\/\/marcali.plebania.hu\/wp-content\/uploads\/2021\/04\/08-1-300x200.jpg 300w, https:\/\/marcali.plebania.hu\/wp-content\/uploads\/2021\/04\/08-1-768x512.jpg 768w, https:\/\/marcali.plebania.hu\/wp-content\/uploads\/2021\/04\/08-1-1536x1024.jpg 1536w, https:\/\/marcali.plebania.hu\/wp-content\/uploads\/2021\/04\/08-1-2048x1365.jpg 2048w, https:\/\/marcali.plebania.hu\/wp-content\/uploads\/2021\/04\/08-1-405x270.jpg 405w\" sizes=\"auto, (max-width: 1024px) 100vw, 1024px\" \/><\/figure><\/li><\/ul><\/figure>\n\n\n\n<p>Iv\u00e1n atya szentbesz\u00e9d\u00e9ben a Bibli\u00e1b\u00f3l vett: \u201eNe f\u00e9ljetek!\u201d mondatot elemezte, amelyet Szent II. J\u00e1nos P\u00e1l p\u00e1pa is t\u00f6bbsz\u00f6r hangoztatott. \u201eEzen a covidos h\u00fasv\u00e9ton, amikor tele vagyunk szorong\u00e1ssal, hallgassunk az angyal szav\u00e1ra. Aki azt \u00fczeni nek\u00fcnk, hogy ne f\u00e9ljetek. Krisztus f\u00f6lt\u00e1madt. Nincs itt. N\u00e9zz\u00e9tek, itt van a hely, ahol eltemett\u00e9k. J\u00e9zus s\u00edrja \u00fcres. S mi kereszt\u00e9nyek ezt \u00fcnnepelj\u00fck h\u00fasv\u00e9t vig\u00edli\u00e1j\u00e1n, h\u00fasv\u00e9t \u00e9jszak\u00e1j\u00e1n, hogy Isten a N\u00e1z\u00e1reti J\u00e9zust f\u00f6lt\u00e1masztotta a hal\u00e1lb\u00f3l. S anyagok hirdett\u00e9k akkor is, hogy ne f\u00e9ljetek. \u2013 z\u00e1rta gondolat\u00e1t a pl\u00e9b\u00e1nos.<\/p>\n\n\n\n<figure class=\"wp-block-gallery columns-3 is-cropped wp-block-gallery-3 is-layout-flex wp-block-gallery-is-layout-flex\"><ul class=\"blocks-gallery-grid\"><li class=\"blocks-gallery-item\"><figure><img loading=\"lazy\" decoding=\"async\" width=\"1024\" height=\"683\" src=\"https:\/\/marcali.plebania.hu\/wp-content\/uploads\/2021\/04\/12-1024x683.jpg\" alt=\"\" data-id=\"2586\" data-link=\"https:\/\/marcali.plebania.hu\/?attachment_id=2586\" class=\"wp-image-2586\" srcset=\"https:\/\/marcali.plebania.hu\/wp-content\/uploads\/2021\/04\/12-1024x683.jpg 1024w, https:\/\/marcali.plebania.hu\/wp-content\/uploads\/2021\/04\/12-300x200.jpg 300w, https:\/\/marcali.plebania.hu\/wp-content\/uploads\/2021\/04\/12-768x512.jpg 768w, https:\/\/marcali.plebania.hu\/wp-content\/uploads\/2021\/04\/12-1536x1024.jpg 1536w, https:\/\/marcali.plebania.hu\/wp-content\/uploads\/2021\/04\/12-2048x1365.jpg 2048w, https:\/\/marcali.plebania.hu\/wp-content\/uploads\/2021\/04\/12-405x270.jpg 405w\" sizes=\"auto, (max-width: 1024px) 100vw, 1024px\" \/><\/figure><\/li><li class=\"blocks-gallery-item\"><figure><img loading=\"lazy\" decoding=\"async\" width=\"1024\" height=\"683\" src=\"https:\/\/marcali.plebania.hu\/wp-content\/uploads\/2021\/04\/13-1024x683.jpg\" alt=\"\" data-id=\"2587\" data-link=\"https:\/\/marcali.plebania.hu\/?attachment_id=2587\" class=\"wp-image-2587\" srcset=\"https:\/\/marcali.plebania.hu\/wp-content\/uploads\/2021\/04\/13-1024x683.jpg 1024w, https:\/\/marcali.plebania.hu\/wp-content\/uploads\/2021\/04\/13-300x200.jpg 300w, https:\/\/marcali.plebania.hu\/wp-content\/uploads\/2021\/04\/13-768x512.jpg 768w, https:\/\/marcali.plebania.hu\/wp-content\/uploads\/2021\/04\/13-1536x1024.jpg 1536w, https:\/\/marcali.plebania.hu\/wp-content\/uploads\/2021\/04\/13-2048x1365.jpg 2048w, https:\/\/marcali.plebania.hu\/wp-content\/uploads\/2021\/04\/13-405x270.jpg 405w\" sizes=\"auto, (max-width: 1024px) 100vw, 1024px\" \/><\/figure><\/li><li class=\"blocks-gallery-item\"><figure><img loading=\"lazy\" decoding=\"async\" width=\"1024\" height=\"683\" src=\"https:\/\/marcali.plebania.hu\/wp-content\/uploads\/2021\/04\/16-1-1024x683.jpg\" alt=\"\" data-id=\"2588\" data-full-url=\"https:\/\/marcali.plebania.hu\/wp-content\/uploads\/2021\/04\/16-1-scaled.jpg\" data-link=\"https:\/\/marcali.plebania.hu\/?attachment_id=2588\" class=\"wp-image-2588\" srcset=\"https:\/\/marcali.plebania.hu\/wp-content\/uploads\/2021\/04\/16-1-1024x683.jpg 1024w, https:\/\/marcali.plebania.hu\/wp-content\/uploads\/2021\/04\/16-1-300x200.jpg 300w, https:\/\/marcali.plebania.hu\/wp-content\/uploads\/2021\/04\/16-1-768x512.jpg 768w, https:\/\/marcali.plebania.hu\/wp-content\/uploads\/2021\/04\/16-1-1536x1024.jpg 1536w, https:\/\/marcali.plebania.hu\/wp-content\/uploads\/2021\/04\/16-1-2048x1365.jpg 2048w, https:\/\/marcali.plebania.hu\/wp-content\/uploads\/2021\/04\/16-1-405x270.jpg 405w\" sizes=\"auto, (max-width: 1024px) 100vw, 1024px\" \/><\/figure><\/li><li class=\"blocks-gallery-item\"><figure><img loading=\"lazy\" decoding=\"async\" width=\"1024\" height=\"683\" src=\"https:\/\/marcali.plebania.hu\/wp-content\/uploads\/2021\/04\/17-1-1024x683.jpg\" alt=\"\" data-id=\"2589\" data-full-url=\"https:\/\/marcali.plebania.hu\/wp-content\/uploads\/2021\/04\/17-1-scaled.jpg\" data-link=\"https:\/\/marcali.plebania.hu\/?attachment_id=2589\" class=\"wp-image-2589\" srcset=\"https:\/\/marcali.plebania.hu\/wp-content\/uploads\/2021\/04\/17-1-1024x683.jpg 1024w, https:\/\/marcali.plebania.hu\/wp-content\/uploads\/2021\/04\/17-1-300x200.jpg 300w, https:\/\/marcali.plebania.hu\/wp-content\/uploads\/2021\/04\/17-1-768x512.jpg 768w, https:\/\/marcali.plebania.hu\/wp-content\/uploads\/2021\/04\/17-1-1536x1024.jpg 1536w, https:\/\/marcali.plebania.hu\/wp-content\/uploads\/2021\/04\/17-1-2048x1365.jpg 2048w, https:\/\/marcali.plebania.hu\/wp-content\/uploads\/2021\/04\/17-1-405x270.jpg 405w\" sizes=\"auto, (max-width: 1024px) 100vw, 1024px\" \/><\/figure><\/li><\/ul><\/figure>\n\n\n\n<p>A szentmise alatt a h\u00edvek meg\u00faj\u00edtott\u00e1k kereszts\u00e9gi fogadalmukat, majd Iv\u00e1n atya elv\u00e9gezte a v\u00edzszentel\u00e9si szertart\u00e1st. Git\u00e1ros \u00e9nekekkel k\u00f6zrem\u0171k\u00f6d\u00f6tt a F\u00e9ny Gyermekei Zenekar.<\/p>\n\n\n\n<figure class=\"wp-block-gallery columns-3 is-cropped wp-block-gallery-4 is-layout-flex wp-block-gallery-is-layout-flex\"><ul class=\"blocks-gallery-grid\"><li class=\"blocks-gallery-item\"><figure><img loading=\"lazy\" decoding=\"async\" width=\"1024\" height=\"683\" src=\"https:\/\/marcali.plebania.hu\/wp-content\/uploads\/2021\/04\/06-2-1024x683.jpg\" alt=\"\" data-id=\"2590\" data-link=\"https:\/\/marcali.plebania.hu\/?attachment_id=2590\" class=\"wp-image-2590\" srcset=\"https:\/\/marcali.plebania.hu\/wp-content\/uploads\/2021\/04\/06-2-1024x683.jpg 1024w, https:\/\/marcali.plebania.hu\/wp-content\/uploads\/2021\/04\/06-2-300x200.jpg 300w, https:\/\/marcali.plebania.hu\/wp-content\/uploads\/2021\/04\/06-2-768x512.jpg 768w, https:\/\/marcali.plebania.hu\/wp-content\/uploads\/2021\/04\/06-2-1536x1024.jpg 1536w, https:\/\/marcali.plebania.hu\/wp-content\/uploads\/2021\/04\/06-2-2048x1365.jpg 2048w, https:\/\/marcali.plebania.hu\/wp-content\/uploads\/2021\/04\/06-2-405x270.jpg 405w\" sizes=\"auto, (max-width: 1024px) 100vw, 1024px\" \/><\/figure><\/li><li class=\"blocks-gallery-item\"><figure><img loading=\"lazy\" decoding=\"async\" width=\"1024\" height=\"683\" src=\"https:\/\/marcali.plebania.hu\/wp-content\/uploads\/2021\/04\/18-1024x683.jpg\" alt=\"\" data-id=\"2591\" data-full-url=\"https:\/\/marcali.plebania.hu\/wp-content\/uploads\/2021\/04\/18-scaled.jpg\" data-link=\"https:\/\/marcali.plebania.hu\/?attachment_id=2591\" class=\"wp-image-2591\" srcset=\"https:\/\/marcali.plebania.hu\/wp-content\/uploads\/2021\/04\/18-1024x683.jpg 1024w, https:\/\/marcali.plebania.hu\/wp-content\/uploads\/2021\/04\/18-300x200.jpg 300w, https:\/\/marcali.plebania.hu\/wp-content\/uploads\/2021\/04\/18-768x512.jpg 768w, https:\/\/marcali.plebania.hu\/wp-content\/uploads\/2021\/04\/18-1536x1024.jpg 1536w, https:\/\/marcali.plebania.hu\/wp-content\/uploads\/2021\/04\/18-2048x1365.jpg 2048w, https:\/\/marcali.plebania.hu\/wp-content\/uploads\/2021\/04\/18-405x270.jpg 405w\" sizes=\"auto, (max-width: 1024px) 100vw, 1024px\" \/><\/figure><\/li><li class=\"blocks-gallery-item\"><figure><img loading=\"lazy\" decoding=\"async\" width=\"1024\" height=\"683\" src=\"https:\/\/marcali.plebania.hu\/wp-content\/uploads\/2021\/04\/19-1024x683.jpg\" alt=\"\" data-id=\"2592\" data-full-url=\"https:\/\/marcali.plebania.hu\/wp-content\/uploads\/2021\/04\/19-scaled.jpg\" data-link=\"https:\/\/marcali.plebania.hu\/?attachment_id=2592\" class=\"wp-image-2592\" srcset=\"https:\/\/marcali.plebania.hu\/wp-content\/uploads\/2021\/04\/19-1024x683.jpg 1024w, https:\/\/marcali.plebania.hu\/wp-content\/uploads\/2021\/04\/19-300x200.jpg 300w, https:\/\/marcali.plebania.hu\/wp-content\/uploads\/2021\/04\/19-768x512.jpg 768w, https:\/\/marcali.plebania.hu\/wp-content\/uploads\/2021\/04\/19-1536x1024.jpg 1536w, https:\/\/marcali.plebania.hu\/wp-content\/uploads\/2021\/04\/19-2048x1365.jpg 2048w, https:\/\/marcali.plebania.hu\/wp-content\/uploads\/2021\/04\/19-405x270.jpg 405w\" sizes=\"auto, (max-width: 1024px) 100vw, 1024px\" \/><\/figure><\/li><li class=\"blocks-gallery-item\"><figure><img loading=\"lazy\" decoding=\"async\" width=\"1024\" height=\"683\" src=\"https:\/\/marcali.plebania.hu\/wp-content\/uploads\/2021\/04\/20-1024x683.jpg\" alt=\"\" data-id=\"2593\" data-full-url=\"https:\/\/marcali.plebania.hu\/wp-content\/uploads\/2021\/04\/20-scaled.jpg\" data-link=\"https:\/\/marcali.plebania.hu\/?attachment_id=2593\" class=\"wp-image-2593\" srcset=\"https:\/\/marcali.plebania.hu\/wp-content\/uploads\/2021\/04\/20-1024x683.jpg 1024w, https:\/\/marcali.plebania.hu\/wp-content\/uploads\/2021\/04\/20-300x200.jpg 300w, https:\/\/marcali.plebania.hu\/wp-content\/uploads\/2021\/04\/20-768x512.jpg 768w, https:\/\/marcali.plebania.hu\/wp-content\/uploads\/2021\/04\/20-1536x1024.jpg 1536w, https:\/\/marcali.plebania.hu\/wp-content\/uploads\/2021\/04\/20-2048x1365.jpg 2048w, https:\/\/marcali.plebania.hu\/wp-content\/uploads\/2021\/04\/20-405x270.jpg 405w\" sizes=\"auto, (max-width: 1024px) 100vw, 1024px\" \/><\/figure><\/li><\/ul><\/figure>\n\n\n\n<p>A felt\u00e1mad\u00e1si k\u00f6rmenet a templomon k\u00edv\u00fcl,\na pand\u00e9mia miatt szint\u00e9n elmaradt. Helyette csak egy jelk\u00e9pes vonul\u00e1s \u00e9s\n\u00e1ld\u00e1soszt\u00e1s t\u00f6rt\u00e9nt a f\u0151olt\u00e1r el\u0151tt.<\/p>\n\n\n\n<p>Az istentisztelet v\u00e9g\u00e9n \u2013 az eddigi hagyom\u00e1nyokt\u00f3l elt\u00e9r\u0151en \u2013 Iv\u00e1n atya meg\u00e1ldotta a sonk\u00e1t, kal\u00e1csot, torm\u00e1t \u00e9s a toj\u00e1st, melyeket a h\u00edvek \u00edzl\u00e9sesen \u00f6ssze\u00e1ll\u00edtott kosaraikban hoztak magukkal.<\/p>\n\n\n\n<figure class=\"wp-block-gallery columns-3 is-cropped wp-block-gallery-5 is-layout-flex wp-block-gallery-is-layout-flex\"><ul class=\"blocks-gallery-grid\"><li class=\"blocks-gallery-item\"><figure><img loading=\"lazy\" decoding=\"async\" width=\"1024\" height=\"683\" src=\"https:\/\/marcali.plebania.hu\/wp-content\/uploads\/2021\/04\/21-1024x683.jpg\" alt=\"\" data-id=\"2594\" data-link=\"https:\/\/marcali.plebania.hu\/?attachment_id=2594\" class=\"wp-image-2594\" srcset=\"https:\/\/marcali.plebania.hu\/wp-content\/uploads\/2021\/04\/21-1024x683.jpg 1024w, https:\/\/marcali.plebania.hu\/wp-content\/uploads\/2021\/04\/21-300x200.jpg 300w, https:\/\/marcali.plebania.hu\/wp-content\/uploads\/2021\/04\/21-768x512.jpg 768w, https:\/\/marcali.plebania.hu\/wp-content\/uploads\/2021\/04\/21-1536x1024.jpg 1536w, https:\/\/marcali.plebania.hu\/wp-content\/uploads\/2021\/04\/21-2048x1365.jpg 2048w, https:\/\/marcali.plebania.hu\/wp-content\/uploads\/2021\/04\/21-405x270.jpg 405w\" sizes=\"auto, (max-width: 1024px) 100vw, 1024px\" \/><\/figure><\/li><li class=\"blocks-gallery-item\"><figure><img loading=\"lazy\" decoding=\"async\" width=\"1024\" height=\"683\" src=\"https:\/\/marcali.plebania.hu\/wp-content\/uploads\/2021\/04\/24-1024x683.jpg\" alt=\"\" data-id=\"2595\" data-link=\"https:\/\/marcali.plebania.hu\/?attachment_id=2595\" class=\"wp-image-2595\" srcset=\"https:\/\/marcali.plebania.hu\/wp-content\/uploads\/2021\/04\/24-1024x683.jpg 1024w, https:\/\/marcali.plebania.hu\/wp-content\/uploads\/2021\/04\/24-300x200.jpg 300w, https:\/\/marcali.plebania.hu\/wp-content\/uploads\/2021\/04\/24-768x512.jpg 768w, https:\/\/marcali.plebania.hu\/wp-content\/uploads\/2021\/04\/24-1536x1024.jpg 1536w, https:\/\/marcali.plebania.hu\/wp-content\/uploads\/2021\/04\/24-2048x1365.jpg 2048w, https:\/\/marcali.plebania.hu\/wp-content\/uploads\/2021\/04\/24-405x270.jpg 405w\" sizes=\"auto, (max-width: 1024px) 100vw, 1024px\" \/><\/figure><\/li><li class=\"blocks-gallery-item\"><figure><img loading=\"lazy\" decoding=\"async\" width=\"1024\" height=\"683\" src=\"https:\/\/marcali.plebania.hu\/wp-content\/uploads\/2021\/04\/27-1024x683.jpg\" alt=\"\" data-id=\"2596\" data-link=\"https:\/\/marcali.plebania.hu\/?attachment_id=2596\" class=\"wp-image-2596\" srcset=\"https:\/\/marcali.plebania.hu\/wp-content\/uploads\/2021\/04\/27-1024x683.jpg 1024w, https:\/\/marcali.plebania.hu\/wp-content\/uploads\/2021\/04\/27-300x200.jpg 300w, https:\/\/marcali.plebania.hu\/wp-content\/uploads\/2021\/04\/27-768x512.jpg 768w, https:\/\/marcali.plebania.hu\/wp-content\/uploads\/2021\/04\/27-1536x1024.jpg 1536w, https:\/\/marcali.plebania.hu\/wp-content\/uploads\/2021\/04\/27-2048x1365.jpg 2048w, https:\/\/marcali.plebania.hu\/wp-content\/uploads\/2021\/04\/27-405x270.jpg 405w\" sizes=\"auto, (max-width: 1024px) 100vw, 1024px\" \/><\/figure><\/li><li class=\"blocks-gallery-item\"><figure><img loading=\"lazy\" decoding=\"async\" width=\"1024\" height=\"683\" src=\"https:\/\/marcali.plebania.hu\/wp-content\/uploads\/2021\/04\/29-1024x683.jpg\" alt=\"\" data-id=\"2597\" data-full-url=\"https:\/\/marcali.plebania.hu\/wp-content\/uploads\/2021\/04\/29-scaled.jpg\" data-link=\"https:\/\/marcali.plebania.hu\/?attachment_id=2597\" class=\"wp-image-2597\" srcset=\"https:\/\/marcali.plebania.hu\/wp-content\/uploads\/2021\/04\/29-1024x683.jpg 1024w, https:\/\/marcali.plebania.hu\/wp-content\/uploads\/2021\/04\/29-300x200.jpg 300w, https:\/\/marcali.plebania.hu\/wp-content\/uploads\/2021\/04\/29-768x512.jpg 768w, https:\/\/marcali.plebania.hu\/wp-content\/uploads\/2021\/04\/29-1536x1024.jpg 1536w, https:\/\/marcali.plebania.hu\/wp-content\/uploads\/2021\/04\/29-2048x1365.jpg 2048w, https:\/\/marcali.plebania.hu\/wp-content\/uploads\/2021\/04\/29-405x270.jpg 405w\" sizes=\"auto, (max-width: 1024px) 100vw, 1024px\" \/><\/figure><\/li><\/ul><\/figure>\n\n\n\n<p>H\u00fasv\u00e9tvas\u00e1rnap 9 \u00f3rakor a pl\u00e9b\u00e1niatemplomban, 11 \u00f3rakor Gomb\u00e1n, 18 \u00f3rakor pedig a Boldog Gizella templomban lesz \u00fcnnepi szentmise. Majd h\u00fasv\u00e9th\u00e9tf\u0151n mind\u00f6ssze egyetlen szentmis\u00e9t tartanak 9 \u00f3rakor a pl\u00e9b\u00e1niatemplomban.<\/p>\n\n\n\n<figure class=\"wp-block-gallery columns-3 is-cropped wp-block-gallery-6 is-layout-flex wp-block-gallery-is-layout-flex\"><ul class=\"blocks-gallery-grid\"><li class=\"blocks-gallery-item\"><figure><img loading=\"lazy\" decoding=\"async\" width=\"1024\" height=\"683\" src=\"https:\/\/marcali.plebania.hu\/wp-content\/uploads\/2021\/04\/34-1024x683.jpg\" alt=\"\" data-id=\"2598\" data-link=\"https:\/\/marcali.plebania.hu\/?attachment_id=2598\" class=\"wp-image-2598\" srcset=\"https:\/\/marcali.plebania.hu\/wp-content\/uploads\/2021\/04\/34-1024x683.jpg 1024w, https:\/\/marcali.plebania.hu\/wp-content\/uploads\/2021\/04\/34-300x200.jpg 300w, https:\/\/marcali.plebania.hu\/wp-content\/uploads\/2021\/04\/34-768x512.jpg 768w, https:\/\/marcali.plebania.hu\/wp-content\/uploads\/2021\/04\/34-1536x1024.jpg 1536w, https:\/\/marcali.plebania.hu\/wp-content\/uploads\/2021\/04\/34-2048x1365.jpg 2048w, https:\/\/marcali.plebania.hu\/wp-content\/uploads\/2021\/04\/34-405x270.jpg 405w\" sizes=\"auto, (max-width: 1024px) 100vw, 1024px\" \/><\/figure><\/li><li class=\"blocks-gallery-item\"><figure><img loading=\"lazy\" decoding=\"async\" width=\"1024\" height=\"683\" src=\"https:\/\/marcali.plebania.hu\/wp-content\/uploads\/2021\/04\/35-1024x683.jpg\" alt=\"\" data-id=\"2599\" data-link=\"https:\/\/marcali.plebania.hu\/?attachment_id=2599\" class=\"wp-image-2599\" srcset=\"https:\/\/marcali.plebania.hu\/wp-content\/uploads\/2021\/04\/35-1024x683.jpg 1024w, https:\/\/marcali.plebania.hu\/wp-content\/uploads\/2021\/04\/35-300x200.jpg 300w, https:\/\/marcali.plebania.hu\/wp-content\/uploads\/2021\/04\/35-768x512.jpg 768w, https:\/\/marcali.plebania.hu\/wp-content\/uploads\/2021\/04\/35-1536x1024.jpg 1536w, https:\/\/marcali.plebania.hu\/wp-content\/uploads\/2021\/04\/35-2048x1365.jpg 2048w, https:\/\/marcali.plebania.hu\/wp-content\/uploads\/2021\/04\/35-405x270.jpg 405w\" sizes=\"auto, (max-width: 1024px) 100vw, 1024px\" \/><\/figure><\/li><li class=\"blocks-gallery-item\"><figure><img loading=\"lazy\" decoding=\"async\" width=\"1024\" height=\"683\" src=\"https:\/\/marcali.plebania.hu\/wp-content\/uploads\/2021\/04\/38-1024x683.jpg\" alt=\"\" data-id=\"2600\" data-link=\"https:\/\/marcali.plebania.hu\/?attachment_id=2600\" class=\"wp-image-2600\" srcset=\"https:\/\/marcali.plebania.hu\/wp-content\/uploads\/2021\/04\/38-1024x683.jpg 1024w, https:\/\/marcali.plebania.hu\/wp-content\/uploads\/2021\/04\/38-300x200.jpg 300w, https:\/\/marcali.plebania.hu\/wp-content\/uploads\/2021\/04\/38-768x512.jpg 768w, https:\/\/marcali.plebania.hu\/wp-content\/uploads\/2021\/04\/38-1536x1024.jpg 1536w, https:\/\/marcali.plebania.hu\/wp-content\/uploads\/2021\/04\/38-2048x1365.jpg 2048w, https:\/\/marcali.plebania.hu\/wp-content\/uploads\/2021\/04\/38-405x270.jpg 405w\" sizes=\"auto, (max-width: 1024px) 100vw, 1024px\" \/><\/figure><\/li><li class=\"blocks-gallery-item\"><figure><img loading=\"lazy\" decoding=\"async\" width=\"1024\" height=\"683\" src=\"https:\/\/marcali.plebania.hu\/wp-content\/uploads\/2021\/04\/39-1024x683.jpg\" alt=\"\" data-id=\"2601\" data-full-url=\"https:\/\/marcali.plebania.hu\/wp-content\/uploads\/2021\/04\/39-scaled.jpg\" data-link=\"https:\/\/marcali.plebania.hu\/?attachment_id=2601\" class=\"wp-image-2601\" srcset=\"https:\/\/marcali.plebania.hu\/wp-content\/uploads\/2021\/04\/39-1024x683.jpg 1024w, https:\/\/marcali.plebania.hu\/wp-content\/uploads\/2021\/04\/39-300x200.jpg 300w, https:\/\/marcali.plebania.hu\/wp-content\/uploads\/2021\/04\/39-768x512.jpg 768w, https:\/\/marcali.plebania.hu\/wp-content\/uploads\/2021\/04\/39-1536x1024.jpg 1536w, https:\/\/marcali.plebania.hu\/wp-content\/uploads\/2021\/04\/39-2048x1365.jpg 2048w, https:\/\/marcali.plebania.hu\/wp-content\/uploads\/2021\/04\/39-405x270.jpg 405w\" sizes=\"auto, (max-width: 1024px) 100vw, 1024px\" \/><\/figure><\/li><\/ul><\/figure>\n","protected":false},"excerpt":{"rendered":"<p>2021. \u00e1prilis 3-\u00e1n, Nagyszombaton 18 \u00f3rakor kezd\u0151d\u00f6tt h\u00fasv\u00e9t vig\u00edli\u00e1ja, melyet Kiss Iv\u00e1n c. pr\u00e9post, esperes-pl\u00e9b\u00e1nos celebr\u00e1lt a Gy\u00fcm\u00f6lcsolt\u00f3 Boldogasszony pl\u00e9b\u00e1niatemplomban. Az \u00e9rv\u00e9nyben l\u00e9v\u0151 j\u00e1rv\u00e1ny\u00fcgyi int\u00e9zked\u00e9sek betart\u00e1s\u00e1val lehetett szentmis\u00e9t tartani, de a t\u0171zszentel\u00e9s szertart\u00e1sa \u00e9s az \u00fcnnepi bevonul\u00e1s az \u00faj h\u00fasv\u00e9ti gyerty\u00e1val ez\u00fattal elmaradt. Els\u0151k\u00e9nt Balogh B\u00e1lint k\u00e1ntor el\u00e9nekelte a h\u00fasv\u00e9ti \u00f6r\u00f6m\u00e9neket. Majd az \u00f3sz\u00f6vets\u00e9gi olvasm\u00e1nyok r\u00e9v\u00e9n a teremt\u00e9s t\u00f6rt\u00e9net\u00e9t\u0151l J\u00e9zus megjelent\u00e9s\u00e9ig, valamint a zsid\u00f3 h\u00fasv\u00e9tot id\u00e9zt\u00e9k fel. Ezt k\u00f6vet\u0151en a dics\u0151ss\u00e9g elmond\u00e1s\u00e1val kezd\u0151d\u00f6tt meg a felt\u00e1mad\u00e1si szentmise, mik\u00f6zben \u00fajb\u00f3l megsz\u00f3laltak&#8230;<\/p>\n<p class=\"read-more\"><a class=\"btn btn-default\" href=\"https:\/\/marcali.plebania.hu\/?p=2577\"> Read More<span class=\"screen-reader-text\">  Read More<\/span><\/a><\/p>\n","protected":false},"author":2,"featured_media":0,"comment_status":"closed","ping_status":"open","sticky":false,"template":"","format":"standard","meta":{"footnotes":""},"categories":[1],"tags":[],"class_list":["post-2577","post","type-post","status-publish","format-standard","hentry","category-egyeb"],"_links":{"self":[{"href":"https:\/\/marcali.plebania.hu\/index.php?rest_route=\/wp\/v2\/posts\/2577","targetHints":{"allow":["GET"]}}],"collection":[{"href":"https:\/\/marcali.plebania.hu\/index.php?rest_route=\/wp\/v2\/posts"}],"about":[{"href":"https:\/\/marcali.plebania.hu\/index.php?rest_route=\/wp\/v2\/types\/post"}],"author":[{"embeddable":true,"href":"https:\/\/marcali.plebania.hu\/index.php?rest_route=\/wp\/v2\/users\/2"}],"replies":[{"embeddable":true,"href":"https:\/\/marcali.plebania.hu\/index.php?rest_route=%2Fwp%2Fv2%2Fcomments&post=2577"}],"version-history":[{"count":1,"href":"https:\/\/marcali.plebania.hu\/index.php?rest_route=\/wp\/v2\/posts\/2577\/revisions"}],"predecessor-version":[{"id":2602,"href":"https:\/\/marcali.plebania.hu\/index.php?rest_route=\/wp\/v2\/posts\/2577\/revisions\/2602"}],"wp:attachment":[{"href":"https:\/\/marcali.plebania.hu\/index.php?rest_route=%2Fwp%2Fv2%2Fmedia&parent=2577"}],"wp:term":[{"taxonomy":"category","embeddable":true,"href":"https:\/\/marcali.plebania.hu\/index.php?rest_route=%2Fwp%2Fv2%2Fcategories&post=2577"},{"taxonomy":"post_tag","embeddable":true,"href":"https:\/\/marcali.plebania.hu\/index.php?rest_route=%2Fwp%2Fv2%2Ftags&post=2577"}],"curies":[{"name":"wp","href":"https:\/\/api.w.org\/{rel}","templated":true}]}}