{"id":260,"date":"2018-06-05T09:46:30","date_gmt":"2018-06-05T09:46:30","guid":{"rendered":"https:\/\/marcali.plebania.hu\/?p=260"},"modified":"2018-06-05T09:46:30","modified_gmt":"2018-06-05T09:46:30","slug":"orban-kapolna-bucsuja","status":"publish","type":"post","link":"https:\/\/marcali.plebania.hu\/?p=260","title":{"rendered":"Orb\u00e1n k\u00e1polna b\u00facs\u00faja"},"content":{"rendered":"<p><img loading=\"lazy\" decoding=\"async\" class=\"aligncenter wp-image-261 size-large\" src=\"https:\/\/marcali.plebania.hu\/wp-content\/uploads\/2018\/06\/Orb\u00e1n3-1024x683.jpg\" alt=\"\" width=\"640\" height=\"427\" srcset=\"https:\/\/marcali.plebania.hu\/wp-content\/uploads\/2018\/06\/Orb\u00e1n3-1024x683.jpg 1024w, https:\/\/marcali.plebania.hu\/wp-content\/uploads\/2018\/06\/Orb\u00e1n3-300x200.jpg 300w, https:\/\/marcali.plebania.hu\/wp-content\/uploads\/2018\/06\/Orb\u00e1n3-768x512.jpg 768w, https:\/\/marcali.plebania.hu\/wp-content\/uploads\/2018\/06\/Orb\u00e1n3-405x270.jpg 405w\" sizes=\"auto, (max-width: 640px) 100vw, 640px\" \/><\/p>\n<p>2018. m\u00e1jus 27-\u00e9n 11 \u00f3rakor az Orb\u00e1n k\u00e1poln\u00e1ban Kiss Iv\u00e1n c. pr\u00e9post, esperes-pl\u00e9b\u00e1nos szentmis\u00e9t mutatott be, melyen Isten \u00e9s a vincell\u00e9rek, valamint a sz\u0151l\u0151sgazd\u00e1k v\u00e9d\u0151szentj\u00e9nek k\u00f6zbenj\u00e1r\u00e1s\u00e1t k\u00e9rte az idei j\u00f3 term\u00e9s\u00e9rt. Az istentisztelet ut\u00e1n Gelencs\u00e9r R\u00f3bert vil\u00e1gi eln\u00f6k \u00e9s csal\u00e1dja l\u00e1tta vend\u00e9g\u00fcl a jelenl\u00e9v\u0151ket.<\/p>\n<p><img loading=\"lazy\" decoding=\"async\" class=\"wp-image-262 size-large aligncenter\" src=\"https:\/\/marcali.plebania.hu\/wp-content\/uploads\/2018\/06\/Orb\u00e1n2-1024x683.jpg\" alt=\"\" width=\"640\" height=\"427\" srcset=\"https:\/\/marcali.plebania.hu\/wp-content\/uploads\/2018\/06\/Orb\u00e1n2-1024x683.jpg 1024w, https:\/\/marcali.plebania.hu\/wp-content\/uploads\/2018\/06\/Orb\u00e1n2-300x200.jpg 300w, https:\/\/marcali.plebania.hu\/wp-content\/uploads\/2018\/06\/Orb\u00e1n2-768x512.jpg 768w, https:\/\/marcali.plebania.hu\/wp-content\/uploads\/2018\/06\/Orb\u00e1n2-405x270.jpg 405w\" sizes=\"auto, (max-width: 640px) 100vw, 640px\" \/><\/p>\n","protected":false},"excerpt":{"rendered":"<p>2018. m\u00e1jus 27-\u00e9n 11 \u00f3rakor az Orb\u00e1n k\u00e1poln\u00e1ban Kiss Iv\u00e1n c. pr\u00e9post, esperes-pl\u00e9b\u00e1nos szentmis\u00e9t mutatott be, melyen Isten \u00e9s a vincell\u00e9rek, valamint a sz\u0151l\u0151sgazd\u00e1k v\u00e9d\u0151szentj\u00e9nek k\u00f6zbenj\u00e1r\u00e1s\u00e1t k\u00e9rte az idei j\u00f3 term\u00e9s\u00e9rt. Az istentisztelet ut\u00e1n Gelencs\u00e9r R\u00f3bert vil\u00e1gi eln\u00f6k \u00e9s csal\u00e1dja l\u00e1tta vend\u00e9g\u00fcl a jelenl\u00e9v\u0151ket.<\/p>\n","protected":false},"author":2,"featured_media":0,"comment_status":"closed","ping_status":"open","sticky":false,"template":"","format":"standard","meta":{"footnotes":""},"categories":[1],"tags":[],"class_list":["post-260","post","type-post","status-publish","format-standard","hentry","category-egyeb"],"_links":{"self":[{"href":"https:\/\/marcali.plebania.hu\/index.php?rest_route=\/wp\/v2\/posts\/260","targetHints":{"allow":["GET"]}}],"collection":[{"href":"https:\/\/marcali.plebania.hu\/index.php?rest_route=\/wp\/v2\/posts"}],"about":[{"href":"https:\/\/marcali.plebania.hu\/index.php?rest_route=\/wp\/v2\/types\/post"}],"author":[{"embeddable":true,"href":"https:\/\/marcali.plebania.hu\/index.php?rest_route=\/wp\/v2\/users\/2"}],"replies":[{"embeddable":true,"href":"https:\/\/marcali.plebania.hu\/index.php?rest_route=%2Fwp%2Fv2%2Fcomments&post=260"}],"version-history":[{"count":1,"href":"https:\/\/marcali.plebania.hu\/index.php?rest_route=\/wp\/v2\/posts\/260\/revisions"}],"predecessor-version":[{"id":263,"href":"https:\/\/marcali.plebania.hu\/index.php?rest_route=\/wp\/v2\/posts\/260\/revisions\/263"}],"wp:attachment":[{"href":"https:\/\/marcali.plebania.hu\/index.php?rest_route=%2Fwp%2Fv2%2Fmedia&parent=260"}],"wp:term":[{"taxonomy":"category","embeddable":true,"href":"https:\/\/marcali.plebania.hu\/index.php?rest_route=%2Fwp%2Fv2%2Fcategories&post=260"},{"taxonomy":"post_tag","embeddable":true,"href":"https:\/\/marcali.plebania.hu\/index.php?rest_route=%2Fwp%2Fv2%2Ftags&post=260"}],"curies":[{"name":"wp","href":"https:\/\/api.w.org\/{rel}","templated":true}]}}