{"id":2610,"date":"2021-04-09T07:47:40","date_gmt":"2021-04-09T07:47:40","guid":{"rendered":"https:\/\/marcali.plebania.hu\/?p=2610"},"modified":"2021-04-12T13:16:16","modified_gmt":"2021-04-12T13:16:16","slug":"hirdetesek-2021-04-11","status":"publish","type":"post","link":"https:\/\/marcali.plebania.hu\/?p=2610","title":{"rendered":"Hirdet\u00e9sek, 2021. 04. 11."},"content":{"rendered":"\n<ol class=\"wp-block-list\"><li>Ma van a H\u00fasv\u00e9t ut\u00e1ni 2. vas\u00e1rnap, az Isteni Irgalmass\u00e1g vas\u00e1rnapja.<\/li><li>A j\u00f6v\u0151 h\u00e9ten, kedden, 13-\u00e1n 17 \u00f3rakor fatimai ima\u00f3r\u00e1t tartunk, 18 \u00f3rakor szentmise.<\/li><li>P\u00e9nteken, 17.30-kor szents\u00e9gim\u00e1d\u00e1s, 18 \u00f3rakor szentmise.<\/li><li>J\u00f6v\u0151 vas\u00e1rnap szint\u00e9n 9 \u00f3rakor lesz a pl\u00e9b\u00e1niatemplomban a szentmise, a \u201eMeg nem sz\u00fcletett gyermek\u201d szobra jelenl\u00e9t\u00e9ben, melyen Udvardy M\u00e1rton diak\u00f3nus, p\u00fcsp\u00f6ki szertart\u00f3 el\u0151ad\u00e1st tart a lelki adopt\u00e1ci\u00f3r\u00f3l.<\/li><li>Eg\u00e9sz h\u00e9ten l\u00e1togathat\u00f3 Martin Hud\u00e1\u010dek szobra a pl\u00e9b\u00e1niatemplomban \u00e9s el\u0151tte im\u00e1dkozni lehet a meg nem sz\u00fcletett gyermekek\u00e9rt.<\/li><\/ol>\n","protected":false},"excerpt":{"rendered":"<p>Ma van a H\u00fasv\u00e9t ut\u00e1ni 2. vas\u00e1rnap, az Isteni Irgalmass\u00e1g vas\u00e1rnapja. A j\u00f6v\u0151 h\u00e9ten, kedden, 13-\u00e1n 17 \u00f3rakor fatimai ima\u00f3r\u00e1t tartunk, 18 \u00f3rakor szentmise. P\u00e9nteken, 17.30-kor szents\u00e9gim\u00e1d\u00e1s, 18 \u00f3rakor szentmise. J\u00f6v\u0151 vas\u00e1rnap szint\u00e9n 9 \u00f3rakor lesz a pl\u00e9b\u00e1niatemplomban a szentmise, a \u201eMeg nem sz\u00fcletett gyermek\u201d szobra jelenl\u00e9t\u00e9ben, melyen Udvardy M\u00e1rton diak\u00f3nus, p\u00fcsp\u00f6ki szertart\u00f3 el\u0151ad\u00e1st tart a lelki adopt\u00e1ci\u00f3r\u00f3l. Eg\u00e9sz h\u00e9ten l\u00e1togathat\u00f3 Martin Hud\u00e1\u010dek szobra a pl\u00e9b\u00e1niatemplomban \u00e9s el\u0151tte im\u00e1dkozni lehet a meg nem sz\u00fcletett gyermekek\u00e9rt.<\/p>\n","protected":false},"author":2,"featured_media":0,"comment_status":"closed","ping_status":"open","sticky":false,"template":"","format":"standard","meta":{"footnotes":""},"categories":[1],"tags":[],"class_list":["post-2610","post","type-post","status-publish","format-standard","hentry","category-egyeb"],"_links":{"self":[{"href":"https:\/\/marcali.plebania.hu\/index.php?rest_route=\/wp\/v2\/posts\/2610","targetHints":{"allow":["GET"]}}],"collection":[{"href":"https:\/\/marcali.plebania.hu\/index.php?rest_route=\/wp\/v2\/posts"}],"about":[{"href":"https:\/\/marcali.plebania.hu\/index.php?rest_route=\/wp\/v2\/types\/post"}],"author":[{"embeddable":true,"href":"https:\/\/marcali.plebania.hu\/index.php?rest_route=\/wp\/v2\/users\/2"}],"replies":[{"embeddable":true,"href":"https:\/\/marcali.plebania.hu\/index.php?rest_route=%2Fwp%2Fv2%2Fcomments&post=2610"}],"version-history":[{"count":2,"href":"https:\/\/marcali.plebania.hu\/index.php?rest_route=\/wp\/v2\/posts\/2610\/revisions"}],"predecessor-version":[{"id":2614,"href":"https:\/\/marcali.plebania.hu\/index.php?rest_route=\/wp\/v2\/posts\/2610\/revisions\/2614"}],"wp:attachment":[{"href":"https:\/\/marcali.plebania.hu\/index.php?rest_route=%2Fwp%2Fv2%2Fmedia&parent=2610"}],"wp:term":[{"taxonomy":"category","embeddable":true,"href":"https:\/\/marcali.plebania.hu\/index.php?rest_route=%2Fwp%2Fv2%2Fcategories&post=2610"},{"taxonomy":"post_tag","embeddable":true,"href":"https:\/\/marcali.plebania.hu\/index.php?rest_route=%2Fwp%2Fv2%2Ftags&post=2610"}],"curies":[{"name":"wp","href":"https:\/\/api.w.org\/{rel}","templated":true}]}}