{"id":2615,"date":"2021-04-12T14:57:01","date_gmt":"2021-04-12T14:57:01","guid":{"rendered":"https:\/\/marcali.plebania.hu\/?p=2615"},"modified":"2021-04-12T14:57:01","modified_gmt":"2021-04-12T14:57:01","slug":"az-elet-utja-marcaliba-erkezett-a-meg-nem-szuletett-gyermek-szobra","status":"publish","type":"post","link":"https:\/\/marcali.plebania.hu\/?p=2615","title":{"rendered":"Az \u00c9let \u00fatja \u2013 Marcaliba \u00e9rkezett a \u201eMeg nem sz\u00fcletett gyermek\u201d szobra"},"content":{"rendered":"\n<p>2021. \u00e1prilis 10-\u00e9n, szombaton Kaposv\u00e1rr\u00f3l Marcaliba \u00e9rkezett Martin Hud\u00e1\u010dek, szlov\u00e1k szobr\u00e1szm\u0171v\u00e9sz alkot\u00e1sa, a \u201eMeg nem sz\u00fcletett gyermek\u201d szobra, melyet a Gy\u00fcm\u00f6lcsolt\u00f3 Boldogasszony pl\u00e9b\u00e1niatemplom szent\u00e9ly\u00e9ben \u00e1ll\u00edtottak ki \u00e9s egy h\u00e9tig tekinthet\u0151 meg az \u00e9rdekl\u0151d\u0151k sz\u00e1m\u00e1ra.<\/p>\n\n\n\n<figure class=\"wp-block-gallery columns-3 is-cropped wp-block-gallery-1 is-layout-flex wp-block-gallery-is-layout-flex\"><ul class=\"blocks-gallery-grid\"><li class=\"blocks-gallery-item\"><figure><img loading=\"lazy\" decoding=\"async\" width=\"1024\" height=\"683\" src=\"https:\/\/marcali.plebania.hu\/wp-content\/uploads\/2021\/04\/04-1-1024x683.jpg\" alt=\"\" data-id=\"2616\" class=\"wp-image-2616\" srcset=\"https:\/\/marcali.plebania.hu\/wp-content\/uploads\/2021\/04\/04-1-1024x683.jpg 1024w, https:\/\/marcali.plebania.hu\/wp-content\/uploads\/2021\/04\/04-1-300x200.jpg 300w, https:\/\/marcali.plebania.hu\/wp-content\/uploads\/2021\/04\/04-1-768x512.jpg 768w, https:\/\/marcali.plebania.hu\/wp-content\/uploads\/2021\/04\/04-1-1536x1024.jpg 1536w, https:\/\/marcali.plebania.hu\/wp-content\/uploads\/2021\/04\/04-1-2048x1365.jpg 2048w, https:\/\/marcali.plebania.hu\/wp-content\/uploads\/2021\/04\/04-1-405x270.jpg 405w\" sizes=\"auto, (max-width: 1024px) 100vw, 1024px\" \/><\/figure><\/li><li class=\"blocks-gallery-item\"><figure><img loading=\"lazy\" decoding=\"async\" width=\"1024\" height=\"683\" src=\"https:\/\/marcali.plebania.hu\/wp-content\/uploads\/2021\/04\/01-1-1024x683.jpg\" alt=\"\" data-id=\"2617\" data-link=\"https:\/\/marcali.plebania.hu\/?attachment_id=2617\" class=\"wp-image-2617\" srcset=\"https:\/\/marcali.plebania.hu\/wp-content\/uploads\/2021\/04\/01-1-1024x683.jpg 1024w, https:\/\/marcali.plebania.hu\/wp-content\/uploads\/2021\/04\/01-1-300x200.jpg 300w, https:\/\/marcali.plebania.hu\/wp-content\/uploads\/2021\/04\/01-1-768x512.jpg 768w, https:\/\/marcali.plebania.hu\/wp-content\/uploads\/2021\/04\/01-1-1536x1024.jpg 1536w, https:\/\/marcali.plebania.hu\/wp-content\/uploads\/2021\/04\/01-1-2048x1365.jpg 2048w, https:\/\/marcali.plebania.hu\/wp-content\/uploads\/2021\/04\/01-1-405x270.jpg 405w\" sizes=\"auto, (max-width: 1024px) 100vw, 1024px\" \/><\/figure><\/li><li class=\"blocks-gallery-item\"><figure><img loading=\"lazy\" decoding=\"async\" width=\"1024\" height=\"683\" src=\"https:\/\/marcali.plebania.hu\/wp-content\/uploads\/2021\/04\/03-1-1024x683.jpg\" alt=\"\" data-id=\"2618\" data-link=\"https:\/\/marcali.plebania.hu\/?attachment_id=2618\" class=\"wp-image-2618\" srcset=\"https:\/\/marcali.plebania.hu\/wp-content\/uploads\/2021\/04\/03-1-1024x683.jpg 1024w, https:\/\/marcali.plebania.hu\/wp-content\/uploads\/2021\/04\/03-1-300x200.jpg 300w, https:\/\/marcali.plebania.hu\/wp-content\/uploads\/2021\/04\/03-1-768x512.jpg 768w, https:\/\/marcali.plebania.hu\/wp-content\/uploads\/2021\/04\/03-1-1536x1024.jpg 1536w, https:\/\/marcali.plebania.hu\/wp-content\/uploads\/2021\/04\/03-1-2048x1365.jpg 2048w, https:\/\/marcali.plebania.hu\/wp-content\/uploads\/2021\/04\/03-1-405x270.jpg 405w\" sizes=\"auto, (max-width: 1024px) 100vw, 1024px\" \/><\/figure><\/li><li class=\"blocks-gallery-item\"><figure><img loading=\"lazy\" decoding=\"async\" width=\"1024\" height=\"683\" src=\"https:\/\/marcali.plebania.hu\/wp-content\/uploads\/2021\/04\/02-2-1024x683.jpg\" alt=\"\" data-id=\"2619\" data-full-url=\"https:\/\/marcali.plebania.hu\/wp-content\/uploads\/2021\/04\/02-2-scaled.jpg\" data-link=\"https:\/\/marcali.plebania.hu\/?attachment_id=2619\" class=\"wp-image-2619\" srcset=\"https:\/\/marcali.plebania.hu\/wp-content\/uploads\/2021\/04\/02-2-1024x683.jpg 1024w, https:\/\/marcali.plebania.hu\/wp-content\/uploads\/2021\/04\/02-2-300x200.jpg 300w, https:\/\/marcali.plebania.hu\/wp-content\/uploads\/2021\/04\/02-2-768x512.jpg 768w, https:\/\/marcali.plebania.hu\/wp-content\/uploads\/2021\/04\/02-2-1536x1024.jpg 1536w, https:\/\/marcali.plebania.hu\/wp-content\/uploads\/2021\/04\/02-2-2048x1365.jpg 2048w, https:\/\/marcali.plebania.hu\/wp-content\/uploads\/2021\/04\/02-2-405x270.jpg 405w\" sizes=\"auto, (max-width: 1024px) 100vw, 1024px\" \/><\/figure><\/li><\/ul><\/figure>\n\n\n\n<p>Az \u00fcnnepi nyit\u00f3 szentmise \u00e1prilis 11-\u00e9n, vas\u00e1rnap 10 \u00f3rakor kezd\u0151d\u00f6tt, melyet Kiss Iv\u00e1n c. pr\u00e9post, esperes-pl\u00e9b\u00e1nos celebr\u00e1lt. Bevezet\u0151j\u00e9ben elmondta, hogy az alkot\u00e1st Martin Hud\u00e1\u010dek, szlov\u00e1k szobr\u00e1szm\u0171v\u00e9sz k\u00e9sz\u00edtette abb\u00f3l a c\u00e9lb\u00f3l seg\u00edtsen a vil\u00e1g minden t\u00e1j\u00e1n a n\u0151knek \u00e9s csal\u00e1djuknak a m\u00falt sebeinek feldolgoz\u00e1s\u00e1ban. A megbocs\u00e1t\u00e1st hirdet\u0151 szobor n\u0151k ezreinek adta vissza a m\u00e1r-m\u00e1r elfeledett lelki b\u00e9k\u00e9t. A meg nem sz\u00fcletett gyermek eml\u00e9ke sokaknak mindennap visszat\u00e9r\u0151 f\u00e1jdalom, amir\u0151l alig mernek besz\u00e9lni. A szoborral val\u00f3 tal\u00e1lkoz\u00e1s enyh\u00fcl\u00e9st ny\u00fajt ezekre a sebekre, \u00e9s seg\u00edt feldolgozni az abortuszok eml\u00e9k\u00e9t.<\/p>\n\n\n\n<figure class=\"wp-block-gallery columns-3 is-cropped wp-block-gallery-2 is-layout-flex wp-block-gallery-is-layout-flex\"><ul class=\"blocks-gallery-grid\"><li class=\"blocks-gallery-item\"><figure><img loading=\"lazy\" decoding=\"async\" width=\"1024\" height=\"683\" src=\"https:\/\/marcali.plebania.hu\/wp-content\/uploads\/2021\/04\/07-2-1024x683.jpg\" alt=\"\" data-id=\"2620\" data-full-url=\"https:\/\/marcali.plebania.hu\/wp-content\/uploads\/2021\/04\/07-2-scaled.jpg\" data-link=\"https:\/\/marcali.plebania.hu\/?attachment_id=2620\" class=\"wp-image-2620\" srcset=\"https:\/\/marcali.plebania.hu\/wp-content\/uploads\/2021\/04\/07-2-1024x683.jpg 1024w, https:\/\/marcali.plebania.hu\/wp-content\/uploads\/2021\/04\/07-2-300x200.jpg 300w, https:\/\/marcali.plebania.hu\/wp-content\/uploads\/2021\/04\/07-2-768x512.jpg 768w, https:\/\/marcali.plebania.hu\/wp-content\/uploads\/2021\/04\/07-2-1536x1024.jpg 1536w, https:\/\/marcali.plebania.hu\/wp-content\/uploads\/2021\/04\/07-2-2048x1365.jpg 2048w, https:\/\/marcali.plebania.hu\/wp-content\/uploads\/2021\/04\/07-2-405x270.jpg 405w\" sizes=\"auto, (max-width: 1024px) 100vw, 1024px\" \/><\/figure><\/li><li class=\"blocks-gallery-item\"><figure><img loading=\"lazy\" decoding=\"async\" width=\"1024\" height=\"683\" src=\"https:\/\/marcali.plebania.hu\/wp-content\/uploads\/2021\/04\/08-2-1024x683.jpg\" alt=\"\" data-id=\"2621\" data-full-url=\"https:\/\/marcali.plebania.hu\/wp-content\/uploads\/2021\/04\/08-2-scaled.jpg\" data-link=\"https:\/\/marcali.plebania.hu\/?attachment_id=2621\" class=\"wp-image-2621\" srcset=\"https:\/\/marcali.plebania.hu\/wp-content\/uploads\/2021\/04\/08-2-1024x683.jpg 1024w, https:\/\/marcali.plebania.hu\/wp-content\/uploads\/2021\/04\/08-2-300x200.jpg 300w, https:\/\/marcali.plebania.hu\/wp-content\/uploads\/2021\/04\/08-2-768x512.jpg 768w, https:\/\/marcali.plebania.hu\/wp-content\/uploads\/2021\/04\/08-2-1536x1024.jpg 1536w, https:\/\/marcali.plebania.hu\/wp-content\/uploads\/2021\/04\/08-2-2048x1365.jpg 2048w, https:\/\/marcali.plebania.hu\/wp-content\/uploads\/2021\/04\/08-2-405x270.jpg 405w\" sizes=\"auto, (max-width: 1024px) 100vw, 1024px\" \/><\/figure><\/li><li class=\"blocks-gallery-item\"><figure><img loading=\"lazy\" decoding=\"async\" width=\"1024\" height=\"683\" src=\"https:\/\/marcali.plebania.hu\/wp-content\/uploads\/2021\/04\/09-2-1024x683.jpg\" alt=\"\" data-id=\"2622\" data-full-url=\"https:\/\/marcali.plebania.hu\/wp-content\/uploads\/2021\/04\/09-2-scaled.jpg\" data-link=\"https:\/\/marcali.plebania.hu\/?attachment_id=2622\" class=\"wp-image-2622\" srcset=\"https:\/\/marcali.plebania.hu\/wp-content\/uploads\/2021\/04\/09-2-1024x683.jpg 1024w, https:\/\/marcali.plebania.hu\/wp-content\/uploads\/2021\/04\/09-2-300x200.jpg 300w, https:\/\/marcali.plebania.hu\/wp-content\/uploads\/2021\/04\/09-2-768x512.jpg 768w, https:\/\/marcali.plebania.hu\/wp-content\/uploads\/2021\/04\/09-2-1536x1024.jpg 1536w, https:\/\/marcali.plebania.hu\/wp-content\/uploads\/2021\/04\/09-2-2048x1365.jpg 2048w, https:\/\/marcali.plebania.hu\/wp-content\/uploads\/2021\/04\/09-2-405x270.jpg 405w\" sizes=\"auto, (max-width: 1024px) 100vw, 1024px\" \/><\/figure><\/li><li class=\"blocks-gallery-item\"><figure><img loading=\"lazy\" decoding=\"async\" width=\"1024\" height=\"683\" src=\"https:\/\/marcali.plebania.hu\/wp-content\/uploads\/2021\/04\/10-2-1024x683.jpg\" alt=\"\" data-id=\"2623\" data-full-url=\"https:\/\/marcali.plebania.hu\/wp-content\/uploads\/2021\/04\/10-2-scaled.jpg\" data-link=\"https:\/\/marcali.plebania.hu\/?attachment_id=2623\" class=\"wp-image-2623\" srcset=\"https:\/\/marcali.plebania.hu\/wp-content\/uploads\/2021\/04\/10-2-1024x683.jpg 1024w, https:\/\/marcali.plebania.hu\/wp-content\/uploads\/2021\/04\/10-2-300x200.jpg 300w, https:\/\/marcali.plebania.hu\/wp-content\/uploads\/2021\/04\/10-2-768x512.jpg 768w, https:\/\/marcali.plebania.hu\/wp-content\/uploads\/2021\/04\/10-2-1536x1024.jpg 1536w, https:\/\/marcali.plebania.hu\/wp-content\/uploads\/2021\/04\/10-2-2048x1365.jpg 2048w, https:\/\/marcali.plebania.hu\/wp-content\/uploads\/2021\/04\/10-2-405x270.jpg 405w\" sizes=\"auto, (max-width: 1024px) 100vw, 1024px\" \/><\/figure><\/li><\/ul><\/figure>\n\n\n\n<p>Majd Kozma Kriszti\u00e1n, Kazinczy-d\u00edjas el\u0151ad\u00f3 felolvasta a szobor ismertet\u0151j\u00e9t. Ezut\u00e1n ismertette a kaposv\u00e1ri Keleti Temet\u0151ben \u00e9p\u00edtett \u201eMegfogant, meg nem sz\u00fcletett gyermekek\u201d eml\u00e9khely\u00e9nek t\u00f6rt\u00e9net\u00e9t. Ennek az volt a c\u00e9lja, hogy a spont\u00e1n vet\u00e9l\u00e9s \u00e9s az abortusz k\u00f6vetkezt\u00e9ben elhunyt gyermekek sz\u00fclei lehet\u0151s\u00e9get kapjanak a m\u00e9lt\u00f3 eml\u00e9kez\u00e9sre \u00e9s a gyertyagy\u00fajt\u00e1sa. Az \u00e9rintettek k\u00f6z\u00fcl ezt t\u00f6bben \u00fagy fogalmazt\u00e1k meg, hogy ez: \u201eegy fizikai hely, ahol halottak napj\u00e1n \u00e9s az \u00e9vfordul\u00f3k alkalm\u00e1val eml\u00e9kezhetnek meg gyermek\u00fckr\u0151l\u201d.<\/p>\n\n\n\n<figure class=\"wp-block-gallery columns-3 is-cropped wp-block-gallery-3 is-layout-flex wp-block-gallery-is-layout-flex\"><ul class=\"blocks-gallery-grid\"><li class=\"blocks-gallery-item\"><figure><img loading=\"lazy\" decoding=\"async\" width=\"1024\" height=\"683\" src=\"https:\/\/marcali.plebania.hu\/wp-content\/uploads\/2021\/04\/12-1-1024x683.jpg\" alt=\"\" data-id=\"2624\" data-full-url=\"https:\/\/marcali.plebania.hu\/wp-content\/uploads\/2021\/04\/12-1-scaled.jpg\" data-link=\"https:\/\/marcali.plebania.hu\/?attachment_id=2624\" class=\"wp-image-2624\" srcset=\"https:\/\/marcali.plebania.hu\/wp-content\/uploads\/2021\/04\/12-1-1024x683.jpg 1024w, https:\/\/marcali.plebania.hu\/wp-content\/uploads\/2021\/04\/12-1-300x200.jpg 300w, https:\/\/marcali.plebania.hu\/wp-content\/uploads\/2021\/04\/12-1-768x512.jpg 768w, https:\/\/marcali.plebania.hu\/wp-content\/uploads\/2021\/04\/12-1-1536x1024.jpg 1536w, https:\/\/marcali.plebania.hu\/wp-content\/uploads\/2021\/04\/12-1-2048x1365.jpg 2048w, https:\/\/marcali.plebania.hu\/wp-content\/uploads\/2021\/04\/12-1-405x270.jpg 405w\" sizes=\"auto, (max-width: 1024px) 100vw, 1024px\" \/><\/figure><\/li><li class=\"blocks-gallery-item\"><figure><img loading=\"lazy\" decoding=\"async\" width=\"1024\" height=\"683\" src=\"https:\/\/marcali.plebania.hu\/wp-content\/uploads\/2021\/04\/13-1-1024x683.jpg\" alt=\"\" data-id=\"2625\" data-full-url=\"https:\/\/marcali.plebania.hu\/wp-content\/uploads\/2021\/04\/13-1-scaled.jpg\" data-link=\"https:\/\/marcali.plebania.hu\/?attachment_id=2625\" class=\"wp-image-2625\" srcset=\"https:\/\/marcali.plebania.hu\/wp-content\/uploads\/2021\/04\/13-1-1024x683.jpg 1024w, https:\/\/marcali.plebania.hu\/wp-content\/uploads\/2021\/04\/13-1-300x200.jpg 300w, https:\/\/marcali.plebania.hu\/wp-content\/uploads\/2021\/04\/13-1-768x512.jpg 768w, https:\/\/marcali.plebania.hu\/wp-content\/uploads\/2021\/04\/13-1-1536x1024.jpg 1536w, https:\/\/marcali.plebania.hu\/wp-content\/uploads\/2021\/04\/13-1-2048x1365.jpg 2048w, https:\/\/marcali.plebania.hu\/wp-content\/uploads\/2021\/04\/13-1-405x270.jpg 405w\" sizes=\"auto, (max-width: 1024px) 100vw, 1024px\" \/><\/figure><\/li><li class=\"blocks-gallery-item\"><figure><img loading=\"lazy\" decoding=\"async\" width=\"1024\" height=\"683\" src=\"https:\/\/marcali.plebania.hu\/wp-content\/uploads\/2021\/04\/14-1-1024x683.jpg\" alt=\"\" data-id=\"2626\" data-full-url=\"https:\/\/marcali.plebania.hu\/wp-content\/uploads\/2021\/04\/14-1-scaled.jpg\" data-link=\"https:\/\/marcali.plebania.hu\/?attachment_id=2626\" class=\"wp-image-2626\" srcset=\"https:\/\/marcali.plebania.hu\/wp-content\/uploads\/2021\/04\/14-1-1024x683.jpg 1024w, https:\/\/marcali.plebania.hu\/wp-content\/uploads\/2021\/04\/14-1-300x200.jpg 300w, https:\/\/marcali.plebania.hu\/wp-content\/uploads\/2021\/04\/14-1-768x512.jpg 768w, https:\/\/marcali.plebania.hu\/wp-content\/uploads\/2021\/04\/14-1-1536x1024.jpg 1536w, https:\/\/marcali.plebania.hu\/wp-content\/uploads\/2021\/04\/14-1-2048x1365.jpg 2048w, https:\/\/marcali.plebania.hu\/wp-content\/uploads\/2021\/04\/14-1-405x270.jpg 405w\" sizes=\"auto, (max-width: 1024px) 100vw, 1024px\" \/><\/figure><\/li><li class=\"blocks-gallery-item\"><figure><img loading=\"lazy\" decoding=\"async\" width=\"1024\" height=\"683\" src=\"https:\/\/marcali.plebania.hu\/wp-content\/uploads\/2021\/04\/15-1024x683.jpg\" alt=\"\" data-id=\"2627\" data-full-url=\"https:\/\/marcali.plebania.hu\/wp-content\/uploads\/2021\/04\/15-scaled.jpg\" data-link=\"https:\/\/marcali.plebania.hu\/?attachment_id=2627\" class=\"wp-image-2627\" srcset=\"https:\/\/marcali.plebania.hu\/wp-content\/uploads\/2021\/04\/15-1024x683.jpg 1024w, https:\/\/marcali.plebania.hu\/wp-content\/uploads\/2021\/04\/15-300x200.jpg 300w, https:\/\/marcali.plebania.hu\/wp-content\/uploads\/2021\/04\/15-768x512.jpg 768w, https:\/\/marcali.plebania.hu\/wp-content\/uploads\/2021\/04\/15-1536x1024.jpg 1536w, https:\/\/marcali.plebania.hu\/wp-content\/uploads\/2021\/04\/15-2048x1365.jpg 2048w, https:\/\/marcali.plebania.hu\/wp-content\/uploads\/2021\/04\/15-405x270.jpg 405w\" sizes=\"auto, (max-width: 1024px) 100vw, 1024px\" \/><\/figure><\/li><\/ul><\/figure>\n\n\n\n<p>Ezt\nk\u00f6vet\u0151en dr. Gyulain\u00e9 Domj\u00e1n Zsuzsanna hitoktat\u00f3n\u0151 a lelki adopt\u00e1l\u00e1sr\u00f3l\nosztotta meg gondolatait. Felh\u00edvta a figyelmet arra, hogy lehet\u0151s\u00e9g van arra\nis, hogy \u00f6nk\u00e9ntes alapon kilenc h\u00f3napon kereszt\u00fcl b\u00e1rki v\u00e1llalhat napi\nimasz\u00e1nd\u00e9kot egy m\u00e1r megfogant magzat \u00e9let\u00e9\u00e9rt. Majd ehhez kapcsol\u00f3dva Moln\u00e1r\n\u00c1gnes Anna \u00f6nkorm\u00e1nyzati k\u00e9pvisel\u0151n\u0151 tett tan\u00fas\u00e1gt\u00e9telt, aki elmondta, hogy ezt\na 9 h\u00f3napig tart\u00f3 ima-alkalmat \u0151 m\u00e1r t\u00f6bbsz\u00f6r is sikeresen teljes\u00edtette.\nBiztatta a jelenl\u00e9v\u0151ket, hogy min\u00e9l t\u00f6bben csatlakozzanak a kezdem\u00e9nyez\u00e9shez,\nhogy t\u00f6bb gyermek sz\u00fclethessen meg.<\/p>\n\n\n\n<p>A szentmis\u00e9n k\u00f6zrem\u0171k\u00f6d\u00f6tt a F\u00e9ny Gyermekei Zenekar, akik a szobor tisztelet\u00e9re egy \u00faj dallal k\u00e9sz\u00fcltek.<\/p>\n\n\n\n<figure class=\"wp-block-gallery columns-3 is-cropped wp-block-gallery-4 is-layout-flex wp-block-gallery-is-layout-flex\"><ul class=\"blocks-gallery-grid\"><li class=\"blocks-gallery-item\"><figure><img loading=\"lazy\" decoding=\"async\" width=\"1024\" height=\"683\" src=\"https:\/\/marcali.plebania.hu\/wp-content\/uploads\/2021\/04\/16-2-1024x683.jpg\" alt=\"\" data-id=\"2628\" data-full-url=\"https:\/\/marcali.plebania.hu\/wp-content\/uploads\/2021\/04\/16-2-scaled.jpg\" data-link=\"https:\/\/marcali.plebania.hu\/?attachment_id=2628\" class=\"wp-image-2628\" srcset=\"https:\/\/marcali.plebania.hu\/wp-content\/uploads\/2021\/04\/16-2-1024x683.jpg 1024w, https:\/\/marcali.plebania.hu\/wp-content\/uploads\/2021\/04\/16-2-300x200.jpg 300w, https:\/\/marcali.plebania.hu\/wp-content\/uploads\/2021\/04\/16-2-768x512.jpg 768w, https:\/\/marcali.plebania.hu\/wp-content\/uploads\/2021\/04\/16-2-1536x1024.jpg 1536w, https:\/\/marcali.plebania.hu\/wp-content\/uploads\/2021\/04\/16-2-2048x1365.jpg 2048w, https:\/\/marcali.plebania.hu\/wp-content\/uploads\/2021\/04\/16-2-405x270.jpg 405w\" sizes=\"auto, (max-width: 1024px) 100vw, 1024px\" \/><\/figure><\/li><li class=\"blocks-gallery-item\"><figure><img loading=\"lazy\" decoding=\"async\" width=\"1024\" height=\"683\" src=\"https:\/\/marcali.plebania.hu\/wp-content\/uploads\/2021\/04\/17-2-1024x683.jpg\" alt=\"\" data-id=\"2629\" data-full-url=\"https:\/\/marcali.plebania.hu\/wp-content\/uploads\/2021\/04\/17-2-scaled.jpg\" data-link=\"https:\/\/marcali.plebania.hu\/?attachment_id=2629\" class=\"wp-image-2629\" srcset=\"https:\/\/marcali.plebania.hu\/wp-content\/uploads\/2021\/04\/17-2-1024x683.jpg 1024w, https:\/\/marcali.plebania.hu\/wp-content\/uploads\/2021\/04\/17-2-300x200.jpg 300w, https:\/\/marcali.plebania.hu\/wp-content\/uploads\/2021\/04\/17-2-768x512.jpg 768w, https:\/\/marcali.plebania.hu\/wp-content\/uploads\/2021\/04\/17-2-1536x1024.jpg 1536w, https:\/\/marcali.plebania.hu\/wp-content\/uploads\/2021\/04\/17-2-2048x1365.jpg 2048w, https:\/\/marcali.plebania.hu\/wp-content\/uploads\/2021\/04\/17-2-405x270.jpg 405w\" sizes=\"auto, (max-width: 1024px) 100vw, 1024px\" \/><\/figure><\/li><li class=\"blocks-gallery-item\"><figure><img loading=\"lazy\" decoding=\"async\" width=\"1024\" height=\"683\" src=\"https:\/\/marcali.plebania.hu\/wp-content\/uploads\/2021\/04\/18-1-1024x683.jpg\" alt=\"\" data-id=\"2630\" data-full-url=\"https:\/\/marcali.plebania.hu\/wp-content\/uploads\/2021\/04\/18-1-scaled.jpg\" data-link=\"https:\/\/marcali.plebania.hu\/?attachment_id=2630\" class=\"wp-image-2630\" srcset=\"https:\/\/marcali.plebania.hu\/wp-content\/uploads\/2021\/04\/18-1-1024x683.jpg 1024w, https:\/\/marcali.plebania.hu\/wp-content\/uploads\/2021\/04\/18-1-300x200.jpg 300w, https:\/\/marcali.plebania.hu\/wp-content\/uploads\/2021\/04\/18-1-768x512.jpg 768w, https:\/\/marcali.plebania.hu\/wp-content\/uploads\/2021\/04\/18-1-1536x1024.jpg 1536w, https:\/\/marcali.plebania.hu\/wp-content\/uploads\/2021\/04\/18-1-2048x1365.jpg 2048w, https:\/\/marcali.plebania.hu\/wp-content\/uploads\/2021\/04\/18-1-405x270.jpg 405w\" sizes=\"auto, (max-width: 1024px) 100vw, 1024px\" \/><\/figure><\/li><li class=\"blocks-gallery-item\"><figure><img loading=\"lazy\" decoding=\"async\" width=\"1024\" height=\"683\" src=\"https:\/\/marcali.plebania.hu\/wp-content\/uploads\/2021\/04\/19-1-1024x683.jpg\" alt=\"\" data-id=\"2631\" data-full-url=\"https:\/\/marcali.plebania.hu\/wp-content\/uploads\/2021\/04\/19-1-scaled.jpg\" data-link=\"https:\/\/marcali.plebania.hu\/?attachment_id=2631\" class=\"wp-image-2631\" srcset=\"https:\/\/marcali.plebania.hu\/wp-content\/uploads\/2021\/04\/19-1-1024x683.jpg 1024w, https:\/\/marcali.plebania.hu\/wp-content\/uploads\/2021\/04\/19-1-300x200.jpg 300w, https:\/\/marcali.plebania.hu\/wp-content\/uploads\/2021\/04\/19-1-768x512.jpg 768w, https:\/\/marcali.plebania.hu\/wp-content\/uploads\/2021\/04\/19-1-1536x1024.jpg 1536w, https:\/\/marcali.plebania.hu\/wp-content\/uploads\/2021\/04\/19-1-2048x1365.jpg 2048w, https:\/\/marcali.plebania.hu\/wp-content\/uploads\/2021\/04\/19-1-405x270.jpg 405w\" sizes=\"auto, (max-width: 1024px) 100vw, 1024px\" \/><\/figure><\/li><\/ul><\/figure>\n\n\n\n<p>A\nszoborb\u00facs\u00faztat\u00f3 szentmis\u00e9re j\u00f6v\u0151 vas\u00e1rnap, \u00e1prilis 18-\u00e1n a 9 \u00f3rakor kezd\u0151d\u0151\nszentmis\u00e9vel ker\u00fcl sor, ahol Udvardy M\u00e1rton diak\u00f3nus, p\u00fcsp\u00f6ki szertart\u00f3 tart\n\u00fcnnepi besz\u00e9det, valamint a lelki adopt\u00e1ci\u00f3t v\u00e1llal\u00f3k \u00fcnnep\u00e9lyes\nfogadalomt\u00e9telt is tesznek az \u00f6nk\u00e9ntes imasz\u00e1nd\u00e9kra.<\/p>\n\n\n\n<p>A\nKaposv\u00e1ri Egyh\u00e1zmegy\u00e9ben az \u201e\u00c9let \u00fatja\u201d elnevez\u00e9s\u0171 zar\u00e1ndoklat m\u00e1rcius 25-\u00e9n Kaposv\u00e1rr\u00f3l\nindult \u00fatj\u00e1ra. Marcaliban, a pl\u00e9b\u00e1niatemplomban \u00e1prilis 10-19. k\u00f6z\u00f6tt l\u00e1that\u00f3,\nmajd ezut\u00e1n Nagykanizs\u00e1ra, a J\u00e9zus Sz\u00edve templomba sz\u00e1ll\u00edtj\u00e1k, ahol tov\u00e1bb\nfolytatja a megbocs\u00e1t\u00e1st, a lelki b\u00e9k\u00e9t hirdet\u0151 \u00fatj\u00e1t.<\/p>\n","protected":false},"excerpt":{"rendered":"<p>2021. \u00e1prilis 10-\u00e9n, szombaton Kaposv\u00e1rr\u00f3l Marcaliba \u00e9rkezett Martin Hud\u00e1\u010dek, szlov\u00e1k szobr\u00e1szm\u0171v\u00e9sz alkot\u00e1sa, a \u201eMeg nem sz\u00fcletett gyermek\u201d szobra, melyet a Gy\u00fcm\u00f6lcsolt\u00f3 Boldogasszony pl\u00e9b\u00e1niatemplom szent\u00e9ly\u00e9ben \u00e1ll\u00edtottak ki \u00e9s egy h\u00e9tig tekinthet\u0151 meg az \u00e9rdekl\u0151d\u0151k sz\u00e1m\u00e1ra. Az \u00fcnnepi nyit\u00f3 szentmise \u00e1prilis 11-\u00e9n, vas\u00e1rnap 10 \u00f3rakor kezd\u0151d\u00f6tt, melyet Kiss Iv\u00e1n c. pr\u00e9post, esperes-pl\u00e9b\u00e1nos celebr\u00e1lt. Bevezet\u0151j\u00e9ben elmondta, hogy az alkot\u00e1st Martin Hud\u00e1\u010dek, szlov\u00e1k szobr\u00e1szm\u0171v\u00e9sz k\u00e9sz\u00edtette abb\u00f3l a c\u00e9lb\u00f3l seg\u00edtsen a vil\u00e1g minden t\u00e1j\u00e1n a n\u0151knek \u00e9s csal\u00e1djuknak a m\u00falt sebeinek feldolgoz\u00e1s\u00e1ban. A megbocs\u00e1t\u00e1st hirdet\u0151&#8230;<\/p>\n<p class=\"read-more\"><a class=\"btn btn-default\" href=\"https:\/\/marcali.plebania.hu\/?p=2615\"> Read More<span class=\"screen-reader-text\">  Read More<\/span><\/a><\/p>\n","protected":false},"author":2,"featured_media":0,"comment_status":"closed","ping_status":"open","sticky":false,"template":"","format":"standard","meta":{"footnotes":""},"categories":[1],"tags":[],"class_list":["post-2615","post","type-post","status-publish","format-standard","hentry","category-egyeb"],"_links":{"self":[{"href":"https:\/\/marcali.plebania.hu\/index.php?rest_route=\/wp\/v2\/posts\/2615","targetHints":{"allow":["GET"]}}],"collection":[{"href":"https:\/\/marcali.plebania.hu\/index.php?rest_route=\/wp\/v2\/posts"}],"about":[{"href":"https:\/\/marcali.plebania.hu\/index.php?rest_route=\/wp\/v2\/types\/post"}],"author":[{"embeddable":true,"href":"https:\/\/marcali.plebania.hu\/index.php?rest_route=\/wp\/v2\/users\/2"}],"replies":[{"embeddable":true,"href":"https:\/\/marcali.plebania.hu\/index.php?rest_route=%2Fwp%2Fv2%2Fcomments&post=2615"}],"version-history":[{"count":1,"href":"https:\/\/marcali.plebania.hu\/index.php?rest_route=\/wp\/v2\/posts\/2615\/revisions"}],"predecessor-version":[{"id":2632,"href":"https:\/\/marcali.plebania.hu\/index.php?rest_route=\/wp\/v2\/posts\/2615\/revisions\/2632"}],"wp:attachment":[{"href":"https:\/\/marcali.plebania.hu\/index.php?rest_route=%2Fwp%2Fv2%2Fmedia&parent=2615"}],"wp:term":[{"taxonomy":"category","embeddable":true,"href":"https:\/\/marcali.plebania.hu\/index.php?rest_route=%2Fwp%2Fv2%2Fcategories&post=2615"},{"taxonomy":"post_tag","embeddable":true,"href":"https:\/\/marcali.plebania.hu\/index.php?rest_route=%2Fwp%2Fv2%2Ftags&post=2615"}],"curies":[{"name":"wp","href":"https:\/\/api.w.org\/{rel}","templated":true}]}}