{"id":2633,"date":"2021-04-16T07:36:52","date_gmt":"2021-04-16T07:36:52","guid":{"rendered":"https:\/\/marcali.plebania.hu\/?p=2633"},"modified":"2021-04-16T07:43:07","modified_gmt":"2021-04-16T07:43:07","slug":"hirdetesek-2021-04-18","status":"publish","type":"post","link":"https:\/\/marcali.plebania.hu\/?p=2633","title":{"rendered":"Hirdet\u00e9sek, 2021. 04. 18."},"content":{"rendered":"\n<ol class=\"wp-block-list\"><li>Ma van H\u00fasv\u00e9t 3. vas\u00e1rnapja. Szeretn\u00e9nk k\u00f6sz\u00f6netet mondani mindazoknak, akik r\u00e9szt vettek az \u00c9let \u00fatja zar\u00e1ndoklaton. Els\u0151sorban Udvardy M\u00e1rtonnak \u00e9s feles\u00e9g\u00e9nek, hogy elj\u00f6ttek ide hozz\u00e1nk.<\/li><li>A j\u00f6v\u0151 h\u00e9ten, p\u00e9nteken 17.30-kor szents\u00e9gim\u00e1d\u00e1s, 18 \u00f3rakor szentmise.<\/li><li>A b\u00e9rm\u00e1l\u00e1ssal kapcsolatban hirdetem, hogy m\u00e9g mindig bizonytalan ebben a j\u00e1rv\u00e1ny helyzetben a b\u00e9rm\u00e1l\u00e1s id\u0151pontja. Mivel el\u00e9g sok gyermeket \u00e9rint, ez\u00e9rt nem is tudn\u00e1nk j\u00e1rv\u00e1nyhelyzetben betartani a j\u00e1rv\u00e1ny\u00fcgyi el\u0151\u00edr\u00e1sokat, m\u00e1sodszor a b\u00e9rm\u00e1lkoz\u00f3knak szentmis\u00e9re is kellene j\u00e1rnia, amit gondolom, a j\u00e1rv\u00e1ny miatt nem tesznek. Javaslatom azt, hogy v\u00e1rjuk meg a j\u00e1rv\u00e1ny lecseng\u00e9s\u00e9t \u00e9s akkor \u00fajra ind\u00edtjuk a b\u00e9rm\u00e1l\u00e1s el\u0151k\u00e9sz\u00edt\u00e9s\u00e9t \u00e9s lebonyol\u00edt\u00e1s\u00e1t.<\/li><\/ol>\n","protected":false},"excerpt":{"rendered":"<p>Ma van H\u00fasv\u00e9t 3. vas\u00e1rnapja. Szeretn\u00e9nk k\u00f6sz\u00f6netet mondani mindazoknak, akik r\u00e9szt vettek az \u00c9let \u00fatja zar\u00e1ndoklaton. Els\u0151sorban Udvardy M\u00e1rtonnak \u00e9s feles\u00e9g\u00e9nek, hogy elj\u00f6ttek ide hozz\u00e1nk. A j\u00f6v\u0151 h\u00e9ten, p\u00e9nteken 17.30-kor szents\u00e9gim\u00e1d\u00e1s, 18 \u00f3rakor szentmise. A b\u00e9rm\u00e1l\u00e1ssal kapcsolatban hirdetem, hogy m\u00e9g mindig bizonytalan ebben a j\u00e1rv\u00e1ny helyzetben a b\u00e9rm\u00e1l\u00e1s id\u0151pontja. Mivel el\u00e9g sok gyermeket \u00e9rint, ez\u00e9rt nem is tudn\u00e1nk j\u00e1rv\u00e1nyhelyzetben betartani a j\u00e1rv\u00e1ny\u00fcgyi el\u0151\u00edr\u00e1sokat, m\u00e1sodszor a b\u00e9rm\u00e1lkoz\u00f3knak szentmis\u00e9re is kellene j\u00e1rnia, amit gondolom, a j\u00e1rv\u00e1ny miatt nem tesznek. Javaslatom azt, hogy&#8230;<\/p>\n<p class=\"read-more\"><a class=\"btn btn-default\" href=\"https:\/\/marcali.plebania.hu\/?p=2633\"> Read More<span class=\"screen-reader-text\">  Read More<\/span><\/a><\/p>\n","protected":false},"author":2,"featured_media":0,"comment_status":"closed","ping_status":"open","sticky":false,"template":"","format":"standard","meta":{"footnotes":""},"categories":[1],"tags":[],"class_list":["post-2633","post","type-post","status-publish","format-standard","hentry","category-egyeb"],"_links":{"self":[{"href":"https:\/\/marcali.plebania.hu\/index.php?rest_route=\/wp\/v2\/posts\/2633","targetHints":{"allow":["GET"]}}],"collection":[{"href":"https:\/\/marcali.plebania.hu\/index.php?rest_route=\/wp\/v2\/posts"}],"about":[{"href":"https:\/\/marcali.plebania.hu\/index.php?rest_route=\/wp\/v2\/types\/post"}],"author":[{"embeddable":true,"href":"https:\/\/marcali.plebania.hu\/index.php?rest_route=\/wp\/v2\/users\/2"}],"replies":[{"embeddable":true,"href":"https:\/\/marcali.plebania.hu\/index.php?rest_route=%2Fwp%2Fv2%2Fcomments&post=2633"}],"version-history":[{"count":2,"href":"https:\/\/marcali.plebania.hu\/index.php?rest_route=\/wp\/v2\/posts\/2633\/revisions"}],"predecessor-version":[{"id":2635,"href":"https:\/\/marcali.plebania.hu\/index.php?rest_route=\/wp\/v2\/posts\/2633\/revisions\/2635"}],"wp:attachment":[{"href":"https:\/\/marcali.plebania.hu\/index.php?rest_route=%2Fwp%2Fv2%2Fmedia&parent=2633"}],"wp:term":[{"taxonomy":"category","embeddable":true,"href":"https:\/\/marcali.plebania.hu\/index.php?rest_route=%2Fwp%2Fv2%2Fcategories&post=2633"},{"taxonomy":"post_tag","embeddable":true,"href":"https:\/\/marcali.plebania.hu\/index.php?rest_route=%2Fwp%2Fv2%2Ftags&post=2633"}],"curies":[{"name":"wp","href":"https:\/\/api.w.org\/{rel}","templated":true}]}}