{"id":2637,"date":"2021-04-19T13:38:16","date_gmt":"2021-04-19T13:38:16","guid":{"rendered":"https:\/\/marcali.plebania.hu\/?p=2637"},"modified":"2021-04-19T13:38:16","modified_gmt":"2021-04-19T13:38:16","slug":"lelki-adoptacio-a-szoborbucsuztato-szentmisen","status":"publish","type":"post","link":"https:\/\/marcali.plebania.hu\/?p=2637","title":{"rendered":"Lelki adopt\u00e1ci\u00f3 a szoborb\u00facs\u00faztat\u00f3 szentmis\u00e9n"},"content":{"rendered":"\n<p>2021. \u00e1prilis 18-\u00e1n, vas\u00e1rnap 9 \u00f3rakor a Gy\u00fcm\u00f6lcsolt\u00f3 Boldogasszony pl\u00e9b\u00e1niatemplomban kezd\u0151d\u00f6tt az az \u00fcnnepi szentmise, amelyen az \u201e\u00c9let \u00fatja\u201d elnevez\u00e9s\u0171 zar\u00e1ndoklat keret\u00e9ben b\u00facs\u00fat vettek a \u201eMeg nem sz\u00fcletett gyermek\u201d szobr\u00e1t\u00f3l. Martin Hud\u00e1\u010dek, szlov\u00e1k szobr\u00e1szm\u0171v\u00e9sz alkot\u00e1sa ugyanis a tavasz folyam\u00e1n a Kaposv\u00e1ri Egyh\u00e1zmegy\u00e9ben v\u00e1ndor\u00faton van \u00e9s hirdeti az abortuszok, a vet\u00e9l\u00e9sek szomor\u00fa eml\u00e9k\u00e9t, illetve seg\u00edti a m\u00falt sebeinek a feldolgoz\u00e1s\u00e1t.<\/p>\n\n\n\n<figure class=\"wp-block-gallery columns-3 is-cropped wp-block-gallery-1 is-layout-flex wp-block-gallery-is-layout-flex\"><ul class=\"blocks-gallery-grid\"><li class=\"blocks-gallery-item\"><figure><img loading=\"lazy\" decoding=\"async\" width=\"1024\" height=\"683\" src=\"https:\/\/marcali.plebania.hu\/wp-content\/uploads\/2021\/04\/02-3-1024x683.jpg\" alt=\"\" data-id=\"2638\" data-link=\"https:\/\/marcali.plebania.hu\/?attachment_id=2638\" class=\"wp-image-2638\" srcset=\"https:\/\/marcali.plebania.hu\/wp-content\/uploads\/2021\/04\/02-3-1024x683.jpg 1024w, https:\/\/marcali.plebania.hu\/wp-content\/uploads\/2021\/04\/02-3-300x200.jpg 300w, https:\/\/marcali.plebania.hu\/wp-content\/uploads\/2021\/04\/02-3-768x512.jpg 768w, https:\/\/marcali.plebania.hu\/wp-content\/uploads\/2021\/04\/02-3-1536x1024.jpg 1536w, https:\/\/marcali.plebania.hu\/wp-content\/uploads\/2021\/04\/02-3-2048x1365.jpg 2048w, https:\/\/marcali.plebania.hu\/wp-content\/uploads\/2021\/04\/02-3-405x270.jpg 405w\" sizes=\"auto, (max-width: 1024px) 100vw, 1024px\" \/><\/figure><\/li><li class=\"blocks-gallery-item\"><figure><img loading=\"lazy\" decoding=\"async\" width=\"1024\" height=\"683\" src=\"https:\/\/marcali.plebania.hu\/wp-content\/uploads\/2021\/04\/06-3-1024x683.jpg\" alt=\"\" data-id=\"2639\" data-link=\"https:\/\/marcali.plebania.hu\/?attachment_id=2639\" class=\"wp-image-2639\" srcset=\"https:\/\/marcali.plebania.hu\/wp-content\/uploads\/2021\/04\/06-3-1024x683.jpg 1024w, https:\/\/marcali.plebania.hu\/wp-content\/uploads\/2021\/04\/06-3-300x200.jpg 300w, https:\/\/marcali.plebania.hu\/wp-content\/uploads\/2021\/04\/06-3-768x512.jpg 768w, https:\/\/marcali.plebania.hu\/wp-content\/uploads\/2021\/04\/06-3-1536x1024.jpg 1536w, https:\/\/marcali.plebania.hu\/wp-content\/uploads\/2021\/04\/06-3-2048x1365.jpg 2048w, https:\/\/marcali.plebania.hu\/wp-content\/uploads\/2021\/04\/06-3-405x270.jpg 405w\" sizes=\"auto, (max-width: 1024px) 100vw, 1024px\" \/><\/figure><\/li><li class=\"blocks-gallery-item\"><figure><img loading=\"lazy\" decoding=\"async\" width=\"1024\" height=\"683\" src=\"https:\/\/marcali.plebania.hu\/wp-content\/uploads\/2021\/04\/07-3-1024x683.jpg\" alt=\"\" data-id=\"2640\" data-link=\"https:\/\/marcali.plebania.hu\/?attachment_id=2640\" class=\"wp-image-2640\" srcset=\"https:\/\/marcali.plebania.hu\/wp-content\/uploads\/2021\/04\/07-3-1024x683.jpg 1024w, https:\/\/marcali.plebania.hu\/wp-content\/uploads\/2021\/04\/07-3-300x200.jpg 300w, https:\/\/marcali.plebania.hu\/wp-content\/uploads\/2021\/04\/07-3-768x512.jpg 768w, https:\/\/marcali.plebania.hu\/wp-content\/uploads\/2021\/04\/07-3-1536x1024.jpg 1536w, https:\/\/marcali.plebania.hu\/wp-content\/uploads\/2021\/04\/07-3-2048x1365.jpg 2048w, https:\/\/marcali.plebania.hu\/wp-content\/uploads\/2021\/04\/07-3-405x270.jpg 405w\" sizes=\"auto, (max-width: 1024px) 100vw, 1024px\" \/><\/figure><\/li><li class=\"blocks-gallery-item\"><figure><img loading=\"lazy\" decoding=\"async\" width=\"1024\" height=\"683\" src=\"https:\/\/marcali.plebania.hu\/wp-content\/uploads\/2021\/04\/09-3-1024x683.jpg\" alt=\"\" data-id=\"2641\" data-full-url=\"https:\/\/marcali.plebania.hu\/wp-content\/uploads\/2021\/04\/09-3-scaled.jpg\" data-link=\"https:\/\/marcali.plebania.hu\/?attachment_id=2641\" class=\"wp-image-2641\" srcset=\"https:\/\/marcali.plebania.hu\/wp-content\/uploads\/2021\/04\/09-3-1024x683.jpg 1024w, https:\/\/marcali.plebania.hu\/wp-content\/uploads\/2021\/04\/09-3-300x200.jpg 300w, https:\/\/marcali.plebania.hu\/wp-content\/uploads\/2021\/04\/09-3-768x512.jpg 768w, https:\/\/marcali.plebania.hu\/wp-content\/uploads\/2021\/04\/09-3-1536x1024.jpg 1536w, https:\/\/marcali.plebania.hu\/wp-content\/uploads\/2021\/04\/09-3-2048x1365.jpg 2048w, https:\/\/marcali.plebania.hu\/wp-content\/uploads\/2021\/04\/09-3-405x270.jpg 405w\" sizes=\"auto, (max-width: 1024px) 100vw, 1024px\" \/><\/figure><\/li><\/ul><\/figure>\n\n\n\n<p>A z\u00e1r\u00f3 szentmis\u00e9t Kiss Iv\u00e1n c. pr\u00e9post, esperes-pl\u00e9b\u00e1nos celebr\u00e1lta, aki elmondta, hogy a marcali h\u00edvek k\u00f6z\u00fcl sokan bekapcsol\u00f3dtak abba a kezdem\u00e9nyez\u00e9sbe, amelynek keret\u00e9n bel\u00fcl, az \u00fan. Lelki adopt\u00e1ci\u00f3 r\u00e9v\u00e9n lehet\u0151s\u00e9g van arra, hogy 9 h\u00f3napon \u00e1t mindennap im\u00e1dkozzanak egy \u2013 egyed\u00fcl Isten el\u0151tt ismert \u2013 m\u00e1r megfogant \u00e9s hal\u00e1llal fenyegetett magzat \u00e9let\u00e9\u00e9rt, valamint az\u00e9rt, hogy ez a gyermek megsz\u00fclethessen, \u00e9s sz\u00fclet\u00e9se ut\u00e1n szeretetben \u00e9s elfogad\u00e1sban, t\u00f6rv\u00e9nyes csal\u00e1di k\u00f6r\u00fclm\u00e9nyek k\u00f6z\u00f6tt n\u0151hessen fel. Ezt k\u00f6vet\u0151en a \u201eMeg nem sz\u00fcletett gyermek\u201d szobr\u00e1r\u00f3l \u00e9s k\u00fcldet\u00e9s\u00e9r\u0151l dr. Gyulai Botond, marcali akolitus olvasott fel ismertet\u0151t.<\/p>\n\n\n\n<figure class=\"wp-block-gallery columns-3 is-cropped wp-block-gallery-2 is-layout-flex wp-block-gallery-is-layout-flex\"><ul class=\"blocks-gallery-grid\"><li class=\"blocks-gallery-item\"><figure><img loading=\"lazy\" decoding=\"async\" width=\"1024\" height=\"683\" src=\"https:\/\/marcali.plebania.hu\/wp-content\/uploads\/2021\/04\/05-1-1024x683.jpg\" alt=\"\" data-id=\"2642\" data-link=\"https:\/\/marcali.plebania.hu\/?attachment_id=2642\" class=\"wp-image-2642\" srcset=\"https:\/\/marcali.plebania.hu\/wp-content\/uploads\/2021\/04\/05-1-1024x683.jpg 1024w, https:\/\/marcali.plebania.hu\/wp-content\/uploads\/2021\/04\/05-1-300x200.jpg 300w, https:\/\/marcali.plebania.hu\/wp-content\/uploads\/2021\/04\/05-1-768x512.jpg 768w, https:\/\/marcali.plebania.hu\/wp-content\/uploads\/2021\/04\/05-1-1536x1024.jpg 1536w, https:\/\/marcali.plebania.hu\/wp-content\/uploads\/2021\/04\/05-1-2048x1365.jpg 2048w, https:\/\/marcali.plebania.hu\/wp-content\/uploads\/2021\/04\/05-1-405x270.jpg 405w\" sizes=\"auto, (max-width: 1024px) 100vw, 1024px\" \/><\/figure><\/li><li class=\"blocks-gallery-item\"><figure><img loading=\"lazy\" decoding=\"async\" width=\"1024\" height=\"683\" src=\"https:\/\/marcali.plebania.hu\/wp-content\/uploads\/2021\/04\/10-3-1024x683.jpg\" alt=\"\" data-id=\"2643\" data-link=\"https:\/\/marcali.plebania.hu\/?attachment_id=2643\" class=\"wp-image-2643\" srcset=\"https:\/\/marcali.plebania.hu\/wp-content\/uploads\/2021\/04\/10-3-1024x683.jpg 1024w, https:\/\/marcali.plebania.hu\/wp-content\/uploads\/2021\/04\/10-3-300x200.jpg 300w, https:\/\/marcali.plebania.hu\/wp-content\/uploads\/2021\/04\/10-3-768x512.jpg 768w, https:\/\/marcali.plebania.hu\/wp-content\/uploads\/2021\/04\/10-3-1536x1024.jpg 1536w, https:\/\/marcali.plebania.hu\/wp-content\/uploads\/2021\/04\/10-3-2048x1365.jpg 2048w, https:\/\/marcali.plebania.hu\/wp-content\/uploads\/2021\/04\/10-3-405x270.jpg 405w\" sizes=\"auto, (max-width: 1024px) 100vw, 1024px\" \/><\/figure><\/li><li class=\"blocks-gallery-item\"><figure><img loading=\"lazy\" decoding=\"async\" width=\"1024\" height=\"683\" src=\"https:\/\/marcali.plebania.hu\/wp-content\/uploads\/2021\/04\/15-1-1024x683.jpg\" alt=\"\" data-id=\"2644\" data-link=\"https:\/\/marcali.plebania.hu\/?attachment_id=2644\" class=\"wp-image-2644\" srcset=\"https:\/\/marcali.plebania.hu\/wp-content\/uploads\/2021\/04\/15-1-1024x683.jpg 1024w, https:\/\/marcali.plebania.hu\/wp-content\/uploads\/2021\/04\/15-1-300x200.jpg 300w, https:\/\/marcali.plebania.hu\/wp-content\/uploads\/2021\/04\/15-1-768x512.jpg 768w, https:\/\/marcali.plebania.hu\/wp-content\/uploads\/2021\/04\/15-1-1536x1024.jpg 1536w, https:\/\/marcali.plebania.hu\/wp-content\/uploads\/2021\/04\/15-1-2048x1365.jpg 2048w, https:\/\/marcali.plebania.hu\/wp-content\/uploads\/2021\/04\/15-1-405x270.jpg 405w\" sizes=\"auto, (max-width: 1024px) 100vw, 1024px\" \/><\/figure><\/li><li class=\"blocks-gallery-item\"><figure><img loading=\"lazy\" decoding=\"async\" width=\"1024\" height=\"683\" src=\"https:\/\/marcali.plebania.hu\/wp-content\/uploads\/2021\/04\/16-3-1024x683.jpg\" alt=\"\" data-id=\"2645\" data-full-url=\"https:\/\/marcali.plebania.hu\/wp-content\/uploads\/2021\/04\/16-3-scaled.jpg\" data-link=\"https:\/\/marcali.plebania.hu\/?attachment_id=2645\" class=\"wp-image-2645\" srcset=\"https:\/\/marcali.plebania.hu\/wp-content\/uploads\/2021\/04\/16-3-1024x683.jpg 1024w, https:\/\/marcali.plebania.hu\/wp-content\/uploads\/2021\/04\/16-3-300x200.jpg 300w, https:\/\/marcali.plebania.hu\/wp-content\/uploads\/2021\/04\/16-3-768x512.jpg 768w, https:\/\/marcali.plebania.hu\/wp-content\/uploads\/2021\/04\/16-3-1536x1024.jpg 1536w, https:\/\/marcali.plebania.hu\/wp-content\/uploads\/2021\/04\/16-3-2048x1365.jpg 2048w, https:\/\/marcali.plebania.hu\/wp-content\/uploads\/2021\/04\/16-3-405x270.jpg 405w\" sizes=\"auto, (max-width: 1024px) 100vw, 1024px\" \/><\/figure><\/li><\/ul><\/figure>\n\n\n\n<p>Az istentiszteleten jelen volt Udvardy M\u00e1rton \u00e1lland\u00f3 diak\u00f3nus, p\u00fcsp\u00f6ki szertart\u00f3 \u00e9s biol\u00f3gus feles\u00e9ge is, akik a lelki adopt\u00e1ci\u00f3 \u201enagyk\u00f6vetei\u201d a Kaposv\u00e1ri Egyh\u00e1zmegy\u00e9ben \u00e9s ennek jelent\u0151s\u00e9g\u00e9r\u0151l besz\u00e9ltek a megjelenteknek. T\u00f6bbek k\u00f6z\u00f6tt ny\u00edltan besz\u00e1moltak a hivatalosan is ismert hazai \u00e9s k\u00fclf\u00f6ldi abortuszok alakul\u00e1s\u00e1r\u00f3l, t\u00e1rsadalmi meg\u00edt\u00e9l\u00e9s\u00e9r\u0151l, az ebben \u00e9rintettek fizikai \u00e9s lelki \u00e1llapotv\u00e1ltoz\u00e1sair\u00f3l, valamint arr\u00f3l hogy ezeknek, a legt\u00f6bbsz\u00f6r maradand\u00f3 traum\u00e1t \u00e1t\u00e9lt eml\u00e9keknek a feldolgoz\u00e1s\u00e1ra van gy\u00f3gym\u00f3d a hit, \u00e9s Isten v\u00e9gtelen szeretete, megbocs\u00e1t\u00f3 kegyelme \u00e1ltal. V\u00e9g\u00fcl mindenkit arra b\u00edztattak, k\u00f6z\u00f6sen tegyenek az\u00e9rt, hogy min\u00e9l t\u00f6bb megfogant gyermek sz\u00fclethessen meg, s ehhez a Mindenhat\u00f3hoz val\u00f3 sz\u00fcntelen im\u00e1ds\u00e1gon \u00e1t vezet az \u00fat. Ha valaki szeretne b\u0151vebb inform\u00e1ci\u00f3kat, vagy valamilyen seg\u00edts\u00e9get k\u00e9rni ebben a k\u00e9rd\u00e9sk\u00f6rben, akkor b\u00e1tran fordulhat hozz\u00e1juk ak\u00e1r a Kaposv\u00e1ri P\u00fcsp\u00f6ks\u00e9gen, ak\u00e1r a Kaposv\u00e1ri Evangeliz\u00e1ci\u00f3s K\u00f6zponton (<a href=\"http:\/\/www.joppe.hu\">www.joppe.hu<\/a>) kereszt\u00fcl.<\/p>\n\n\n\n<figure class=\"wp-block-gallery columns-3 is-cropped wp-block-gallery-3 is-layout-flex wp-block-gallery-is-layout-flex\"><ul class=\"blocks-gallery-grid\"><li class=\"blocks-gallery-item\"><figure><img loading=\"lazy\" decoding=\"async\" width=\"1024\" height=\"683\" src=\"https:\/\/marcali.plebania.hu\/wp-content\/uploads\/2021\/04\/25-1024x683.jpg\" alt=\"\" data-id=\"2647\" data-link=\"https:\/\/marcali.plebania.hu\/?attachment_id=2647\" class=\"wp-image-2647\" srcset=\"https:\/\/marcali.plebania.hu\/wp-content\/uploads\/2021\/04\/25-1024x683.jpg 1024w, https:\/\/marcali.plebania.hu\/wp-content\/uploads\/2021\/04\/25-300x200.jpg 300w, https:\/\/marcali.plebania.hu\/wp-content\/uploads\/2021\/04\/25-768x512.jpg 768w, https:\/\/marcali.plebania.hu\/wp-content\/uploads\/2021\/04\/25-1536x1024.jpg 1536w, https:\/\/marcali.plebania.hu\/wp-content\/uploads\/2021\/04\/25-2048x1365.jpg 2048w, https:\/\/marcali.plebania.hu\/wp-content\/uploads\/2021\/04\/25-405x270.jpg 405w\" sizes=\"auto, (max-width: 1024px) 100vw, 1024px\" \/><\/figure><\/li><li class=\"blocks-gallery-item\"><figure><img loading=\"lazy\" decoding=\"async\" width=\"1024\" height=\"683\" src=\"https:\/\/marcali.plebania.hu\/wp-content\/uploads\/2021\/04\/21-1-1024x683.jpg\" alt=\"\" data-id=\"2648\" data-link=\"https:\/\/marcali.plebania.hu\/?attachment_id=2648\" class=\"wp-image-2648\" srcset=\"https:\/\/marcali.plebania.hu\/wp-content\/uploads\/2021\/04\/21-1-1024x683.jpg 1024w, https:\/\/marcali.plebania.hu\/wp-content\/uploads\/2021\/04\/21-1-300x200.jpg 300w, https:\/\/marcali.plebania.hu\/wp-content\/uploads\/2021\/04\/21-1-768x512.jpg 768w, https:\/\/marcali.plebania.hu\/wp-content\/uploads\/2021\/04\/21-1-1536x1024.jpg 1536w, https:\/\/marcali.plebania.hu\/wp-content\/uploads\/2021\/04\/21-1-2048x1365.jpg 2048w, https:\/\/marcali.plebania.hu\/wp-content\/uploads\/2021\/04\/21-1-405x270.jpg 405w\" sizes=\"auto, (max-width: 1024px) 100vw, 1024px\" \/><\/figure><\/li><li class=\"blocks-gallery-item\"><figure><img loading=\"lazy\" decoding=\"async\" width=\"1024\" height=\"683\" src=\"https:\/\/marcali.plebania.hu\/wp-content\/uploads\/2021\/04\/26-1024x683.jpg\" alt=\"\" data-id=\"2649\" data-link=\"https:\/\/marcali.plebania.hu\/?attachment_id=2649\" class=\"wp-image-2649\" srcset=\"https:\/\/marcali.plebania.hu\/wp-content\/uploads\/2021\/04\/26-1024x683.jpg 1024w, https:\/\/marcali.plebania.hu\/wp-content\/uploads\/2021\/04\/26-300x200.jpg 300w, https:\/\/marcali.plebania.hu\/wp-content\/uploads\/2021\/04\/26-768x512.jpg 768w, https:\/\/marcali.plebania.hu\/wp-content\/uploads\/2021\/04\/26-1536x1024.jpg 1536w, https:\/\/marcali.plebania.hu\/wp-content\/uploads\/2021\/04\/26-2048x1365.jpg 2048w, https:\/\/marcali.plebania.hu\/wp-content\/uploads\/2021\/04\/26-405x270.jpg 405w\" sizes=\"auto, (max-width: 1024px) 100vw, 1024px\" \/><\/figure><\/li><li class=\"blocks-gallery-item\"><figure><img loading=\"lazy\" decoding=\"async\" width=\"1024\" height=\"683\" src=\"https:\/\/marcali.plebania.hu\/wp-content\/uploads\/2021\/04\/19-3-1024x683.jpg\" alt=\"\" data-id=\"2650\" data-full-url=\"https:\/\/marcali.plebania.hu\/wp-content\/uploads\/2021\/04\/19-3-scaled.jpg\" data-link=\"https:\/\/marcali.plebania.hu\/?attachment_id=2650\" class=\"wp-image-2650\" srcset=\"https:\/\/marcali.plebania.hu\/wp-content\/uploads\/2021\/04\/19-3-1024x683.jpg 1024w, https:\/\/marcali.plebania.hu\/wp-content\/uploads\/2021\/04\/19-3-300x200.jpg 300w, https:\/\/marcali.plebania.hu\/wp-content\/uploads\/2021\/04\/19-3-768x512.jpg 768w, https:\/\/marcali.plebania.hu\/wp-content\/uploads\/2021\/04\/19-3-1536x1024.jpg 1536w, https:\/\/marcali.plebania.hu\/wp-content\/uploads\/2021\/04\/19-3-2048x1365.jpg 2048w, https:\/\/marcali.plebania.hu\/wp-content\/uploads\/2021\/04\/19-3-405x270.jpg 405w\" sizes=\"auto, (max-width: 1024px) 100vw, 1024px\" \/><\/figure><\/li><\/ul><\/figure>\n\n\n\n<p>Majd ezt k\u00f6vet\u0151en mintegy 30 f\u0151, akik el\u0151zetesen jelentkeztek a lelki adopt\u00e1ci\u00f3ra, m\u00e9csesekkel a k\u00e9zben \u00fcnnep\u00e9lyes fogadalomt\u00e9telt is tettek a szentmis\u00e9n \u00e9s az egy tized r\u00f3zsaf\u00fcz\u00e9r, valamint az adopt\u00e1l\u00e1si ima elmond\u00e1sa mellett, \u00f6nk\u00e9ntes felaj\u00e1nl\u00e1sokra is \u00edg\u00e9retet v\u00e1llaltak. Ezut\u00e1n a Szervez\u0151k \u00e9s dr. Gyulain\u00e9 Domj\u00e1n Zsuzsanna marcali hitoktat\u00f3n\u0151 egy kis eml\u00e9keztet\u0151 aj\u00e1nd\u00e9kcsomaggal kedveskedett a kezdem\u00e9nyez\u00e9shez csatlakoz\u00f3 h\u00edveknek, mely st\u00edlusosam a napi im\u00e1ds\u00e1got, egy tizedes r\u00f3zsaf\u00fcz\u00e9rt, egy magzat pontos m\u00e1s\u00e1t \u00e9s egy m\u00e9csest tartalmazott.<\/p>\n\n\n\n<figure class=\"wp-block-gallery columns-3 is-cropped wp-block-gallery-4 is-layout-flex wp-block-gallery-is-layout-flex\"><ul class=\"blocks-gallery-grid\"><li class=\"blocks-gallery-item\"><figure><img loading=\"lazy\" decoding=\"async\" width=\"1024\" height=\"683\" src=\"https:\/\/marcali.plebania.hu\/wp-content\/uploads\/2021\/04\/31-1024x683.jpg\" alt=\"\" data-id=\"2651\" data-link=\"https:\/\/marcali.plebania.hu\/?attachment_id=2651\" class=\"wp-image-2651\" srcset=\"https:\/\/marcali.plebania.hu\/wp-content\/uploads\/2021\/04\/31-1024x683.jpg 1024w, https:\/\/marcali.plebania.hu\/wp-content\/uploads\/2021\/04\/31-300x200.jpg 300w, https:\/\/marcali.plebania.hu\/wp-content\/uploads\/2021\/04\/31-768x512.jpg 768w, https:\/\/marcali.plebania.hu\/wp-content\/uploads\/2021\/04\/31-1536x1024.jpg 1536w, https:\/\/marcali.plebania.hu\/wp-content\/uploads\/2021\/04\/31-2048x1365.jpg 2048w, https:\/\/marcali.plebania.hu\/wp-content\/uploads\/2021\/04\/31-405x270.jpg 405w\" sizes=\"auto, (max-width: 1024px) 100vw, 1024px\" \/><\/figure><\/li><li class=\"blocks-gallery-item\"><figure><img loading=\"lazy\" decoding=\"async\" width=\"1024\" height=\"683\" src=\"https:\/\/marcali.plebania.hu\/wp-content\/uploads\/2021\/04\/34-1-1024x683.jpg\" alt=\"\" data-id=\"2652\" data-link=\"https:\/\/marcali.plebania.hu\/?attachment_id=2652\" class=\"wp-image-2652\" srcset=\"https:\/\/marcali.plebania.hu\/wp-content\/uploads\/2021\/04\/34-1-1024x683.jpg 1024w, https:\/\/marcali.plebania.hu\/wp-content\/uploads\/2021\/04\/34-1-300x200.jpg 300w, https:\/\/marcali.plebania.hu\/wp-content\/uploads\/2021\/04\/34-1-768x512.jpg 768w, https:\/\/marcali.plebania.hu\/wp-content\/uploads\/2021\/04\/34-1-1536x1024.jpg 1536w, https:\/\/marcali.plebania.hu\/wp-content\/uploads\/2021\/04\/34-1-2048x1365.jpg 2048w, https:\/\/marcali.plebania.hu\/wp-content\/uploads\/2021\/04\/34-1-405x270.jpg 405w\" sizes=\"auto, (max-width: 1024px) 100vw, 1024px\" \/><\/figure><\/li><li class=\"blocks-gallery-item\"><figure><img loading=\"lazy\" decoding=\"async\" width=\"1024\" height=\"683\" src=\"https:\/\/marcali.plebania.hu\/wp-content\/uploads\/2021\/04\/36-1024x683.jpg\" alt=\"\" data-id=\"2653\" data-link=\"https:\/\/marcali.plebania.hu\/?attachment_id=2653\" class=\"wp-image-2653\" srcset=\"https:\/\/marcali.plebania.hu\/wp-content\/uploads\/2021\/04\/36-1024x683.jpg 1024w, https:\/\/marcali.plebania.hu\/wp-content\/uploads\/2021\/04\/36-300x200.jpg 300w, https:\/\/marcali.plebania.hu\/wp-content\/uploads\/2021\/04\/36-768x512.jpg 768w, https:\/\/marcali.plebania.hu\/wp-content\/uploads\/2021\/04\/36-1536x1024.jpg 1536w, https:\/\/marcali.plebania.hu\/wp-content\/uploads\/2021\/04\/36-2048x1365.jpg 2048w, https:\/\/marcali.plebania.hu\/wp-content\/uploads\/2021\/04\/36-405x270.jpg 405w\" sizes=\"auto, (max-width: 1024px) 100vw, 1024px\" \/><\/figure><\/li><li class=\"blocks-gallery-item\"><figure><img loading=\"lazy\" decoding=\"async\" width=\"1024\" height=\"683\" src=\"https:\/\/marcali.plebania.hu\/wp-content\/uploads\/2021\/04\/38-1-1024x683.jpg\" alt=\"\" data-id=\"2654\" data-full-url=\"https:\/\/marcali.plebania.hu\/wp-content\/uploads\/2021\/04\/38-1-scaled.jpg\" data-link=\"https:\/\/marcali.plebania.hu\/?attachment_id=2654\" class=\"wp-image-2654\" srcset=\"https:\/\/marcali.plebania.hu\/wp-content\/uploads\/2021\/04\/38-1-1024x683.jpg 1024w, https:\/\/marcali.plebania.hu\/wp-content\/uploads\/2021\/04\/38-1-300x200.jpg 300w, https:\/\/marcali.plebania.hu\/wp-content\/uploads\/2021\/04\/38-1-768x512.jpg 768w, https:\/\/marcali.plebania.hu\/wp-content\/uploads\/2021\/04\/38-1-1536x1024.jpg 1536w, https:\/\/marcali.plebania.hu\/wp-content\/uploads\/2021\/04\/38-1-2048x1365.jpg 2048w, https:\/\/marcali.plebania.hu\/wp-content\/uploads\/2021\/04\/38-1-405x270.jpg 405w\" sizes=\"auto, (max-width: 1024px) 100vw, 1024px\" \/><\/figure><\/li><\/ul><\/figure>\n\n\n\n<p>A\nszentmise v\u00e9g\u00e9n Iv\u00e1n atya megk\u00f6sz\u00f6nte Udvardy M\u00e1rton \u00e9s fels\u00e9ge k\u00f6zrem\u0171k\u00f6d\u00e9s\u00e9t\na marcali \u00fcnnepi liturgi\u00e1ban, majd a F\u00e9ny Gyermekei Zenekar k\u00f6zrem\u0171k\u00f6d\u00e9s\u00e9vel\nel\u00e9nekelt\u00e9k az \u00c1roni \u00e1ld\u00e1st is a h\u00e1zasp\u00e1rra, valamint evangeliz\u00e1ci\u00f3s munk\u00e1j\u00e1ra.<\/p>\n\n\n\n<p>A\n\u201eMeg nem sz\u00fcletett gyermek\u201d szobr\u00e1t v\u00e1rosunkb\u00f3l Nagykanizs\u00e1ra,\na J\u00e9zus Sz\u00edve templomba sz\u00e1ll\u00edtj\u00e1k, ahol tov\u00e1bb folytatja \u00e9letv\u00e9d\u0151, nemes\nk\u00fcldet\u00e9s\u00e9t.<\/p>\n","protected":false},"excerpt":{"rendered":"<p>2021. \u00e1prilis 18-\u00e1n, vas\u00e1rnap 9 \u00f3rakor a Gy\u00fcm\u00f6lcsolt\u00f3 Boldogasszony pl\u00e9b\u00e1niatemplomban kezd\u0151d\u00f6tt az az \u00fcnnepi szentmise, amelyen az \u201e\u00c9let \u00fatja\u201d elnevez\u00e9s\u0171 zar\u00e1ndoklat keret\u00e9ben b\u00facs\u00fat vettek a \u201eMeg nem sz\u00fcletett gyermek\u201d szobr\u00e1t\u00f3l. Martin Hud\u00e1\u010dek, szlov\u00e1k szobr\u00e1szm\u0171v\u00e9sz alkot\u00e1sa ugyanis a tavasz folyam\u00e1n a Kaposv\u00e1ri Egyh\u00e1zmegy\u00e9ben v\u00e1ndor\u00faton van \u00e9s hirdeti az abortuszok, a vet\u00e9l\u00e9sek szomor\u00fa eml\u00e9k\u00e9t, illetve seg\u00edti a m\u00falt sebeinek a feldolgoz\u00e1s\u00e1t. A z\u00e1r\u00f3 szentmis\u00e9t Kiss Iv\u00e1n c. pr\u00e9post, esperes-pl\u00e9b\u00e1nos celebr\u00e1lta, aki elmondta, hogy a marcali h\u00edvek k\u00f6z\u00fcl sokan bekapcsol\u00f3dtak abba a kezdem\u00e9nyez\u00e9sbe,&#8230;<\/p>\n<p class=\"read-more\"><a class=\"btn btn-default\" href=\"https:\/\/marcali.plebania.hu\/?p=2637\"> Read More<span class=\"screen-reader-text\">  Read More<\/span><\/a><\/p>\n","protected":false},"author":2,"featured_media":0,"comment_status":"closed","ping_status":"open","sticky":false,"template":"","format":"standard","meta":{"footnotes":""},"categories":[1],"tags":[],"class_list":["post-2637","post","type-post","status-publish","format-standard","hentry","category-egyeb"],"_links":{"self":[{"href":"https:\/\/marcali.plebania.hu\/index.php?rest_route=\/wp\/v2\/posts\/2637","targetHints":{"allow":["GET"]}}],"collection":[{"href":"https:\/\/marcali.plebania.hu\/index.php?rest_route=\/wp\/v2\/posts"}],"about":[{"href":"https:\/\/marcali.plebania.hu\/index.php?rest_route=\/wp\/v2\/types\/post"}],"author":[{"embeddable":true,"href":"https:\/\/marcali.plebania.hu\/index.php?rest_route=\/wp\/v2\/users\/2"}],"replies":[{"embeddable":true,"href":"https:\/\/marcali.plebania.hu\/index.php?rest_route=%2Fwp%2Fv2%2Fcomments&post=2637"}],"version-history":[{"count":1,"href":"https:\/\/marcali.plebania.hu\/index.php?rest_route=\/wp\/v2\/posts\/2637\/revisions"}],"predecessor-version":[{"id":2655,"href":"https:\/\/marcali.plebania.hu\/index.php?rest_route=\/wp\/v2\/posts\/2637\/revisions\/2655"}],"wp:attachment":[{"href":"https:\/\/marcali.plebania.hu\/index.php?rest_route=%2Fwp%2Fv2%2Fmedia&parent=2637"}],"wp:term":[{"taxonomy":"category","embeddable":true,"href":"https:\/\/marcali.plebania.hu\/index.php?rest_route=%2Fwp%2Fv2%2Fcategories&post=2637"},{"taxonomy":"post_tag","embeddable":true,"href":"https:\/\/marcali.plebania.hu\/index.php?rest_route=%2Fwp%2Fv2%2Ftags&post=2637"}],"curies":[{"name":"wp","href":"https:\/\/api.w.org\/{rel}","templated":true}]}}