{"id":264,"date":"2018-06-05T09:55:32","date_gmt":"2018-06-05T09:55:32","guid":{"rendered":"https:\/\/marcali.plebania.hu\/?p=264"},"modified":"2018-06-05T09:55:32","modified_gmt":"2018-06-05T09:55:32","slug":"urnapja-marcaliban-elsoaldozas-es-kormenet","status":"publish","type":"post","link":"https:\/\/marcali.plebania.hu\/?p=264","title":{"rendered":"\u00darnapja Marcaliban: els\u0151\u00e1ldoz\u00e1s \u00e9s k\u00f6rmenet"},"content":{"rendered":"<p><img loading=\"lazy\" decoding=\"async\" class=\"aligncenter wp-image-265 size-large\" src=\"https:\/\/marcali.plebania.hu\/wp-content\/uploads\/2018\/06\/15-1024x683.jpg\" alt=\"\" width=\"640\" height=\"427\" srcset=\"https:\/\/marcali.plebania.hu\/wp-content\/uploads\/2018\/06\/15-1024x683.jpg 1024w, https:\/\/marcali.plebania.hu\/wp-content\/uploads\/2018\/06\/15-300x200.jpg 300w, https:\/\/marcali.plebania.hu\/wp-content\/uploads\/2018\/06\/15-768x512.jpg 768w, https:\/\/marcali.plebania.hu\/wp-content\/uploads\/2018\/06\/15-405x270.jpg 405w\" sizes=\"auto, (max-width: 640px) 100vw, 640px\" \/><\/p>\n<p>2018. j\u00fanius 3-\u00e1n vas\u00e1rnap 10 \u00f3rakor a Marcali Gy\u00fcm\u00f6lcsolt\u00f3 Boldogasszony pl\u00e9b\u00e1niatemplomban tartott\u00e1k az idei \u00darnapi szentmis\u00e9t, melyet Kiss Iv\u00e1n c. pr\u00e9post, esperes-pl\u00e9b\u00e1nos celebr\u00e1lt.<\/p>\n<p>\u00darnapja az Olt\u00e1riszents\u00e9g \u00fcnnepe, melyen Krisztus szent test\u00e9t \u00e9s v\u00e9r\u00e9t \u00fcnneplik orsz\u00e1gszerte. \u00c9ppen ez\u00e9rt v\u00e1rosunkban ezen a napon tartott\u00e1k a 3. oszt\u00e1lyos hittanos gyermekek els\u0151\u00e1ldoz\u00e1s\u00e1t, amikor is 32 kisdi\u00e1k j\u00e1rult a szent\u00e1ldoz\u00e1shoz.<\/p>\n<p><img loading=\"lazy\" decoding=\"async\" class=\"aligncenter wp-image-266 size-large\" src=\"https:\/\/marcali.plebania.hu\/wp-content\/uploads\/2018\/06\/54-1024x683.jpg\" alt=\"\" width=\"640\" height=\"427\" srcset=\"https:\/\/marcali.plebania.hu\/wp-content\/uploads\/2018\/06\/54-1024x683.jpg 1024w, https:\/\/marcali.plebania.hu\/wp-content\/uploads\/2018\/06\/54-300x200.jpg 300w, https:\/\/marcali.plebania.hu\/wp-content\/uploads\/2018\/06\/54-768x512.jpg 768w, https:\/\/marcali.plebania.hu\/wp-content\/uploads\/2018\/06\/54-405x270.jpg 405w\" sizes=\"auto, (max-width: 640px) 100vw, 640px\" \/><\/p>\n<p>A szentmis\u00e9t k\u00f6vet\u0151en a Boldog II. J\u00e1nos P\u00e1l p\u00e1pa \u00e9s a H\u0151s\u00f6k ter\u00e9n az \u00farnapi k\u00f6rmenetet tartottak, ahol a 4 lombs\u00e1trat a pl\u00e9b\u00e1ni\u00e1hoz tartoz\u00f3 4 templom (pl\u00e9b\u00e1niatemplom, B. Gizella, Gomba \u00e9s Bize) h\u00edv\u0151 k\u00f6z\u00f6ss\u00e9ge \u00e9p\u00edtett, illetve d\u00edsz\u00edtett fel. Az ezekhez sz\u00fcks\u00e9ges \u00e1gakat a Sz\u0151cs\u00e9nyi Sz\u00e9ch\u00e9nyi Zsigmond Mez\u0151gazdas\u00e1gi Szakk\u00e9pz\u0151 Iskola \u00e9s az erd\u00e9szet sz\u00e1ll\u00edtotta Marcaliba.<\/p>\n<p><img loading=\"lazy\" decoding=\"async\" class=\"aligncenter wp-image-267 size-large\" src=\"https:\/\/marcali.plebania.hu\/wp-content\/uploads\/2018\/06\/65-1024x683.jpg\" alt=\"\" width=\"640\" height=\"427\" srcset=\"https:\/\/marcali.plebania.hu\/wp-content\/uploads\/2018\/06\/65-1024x683.jpg 1024w, https:\/\/marcali.plebania.hu\/wp-content\/uploads\/2018\/06\/65-300x200.jpg 300w, https:\/\/marcali.plebania.hu\/wp-content\/uploads\/2018\/06\/65-768x512.jpg 768w, https:\/\/marcali.plebania.hu\/wp-content\/uploads\/2018\/06\/65-405x270.jpg 405w\" sizes=\"auto, (max-width: 640px) 100vw, 640px\" \/><\/p>\n","protected":false},"excerpt":{"rendered":"<p>2018. j\u00fanius 3-\u00e1n vas\u00e1rnap 10 \u00f3rakor a Marcali Gy\u00fcm\u00f6lcsolt\u00f3 Boldogasszony pl\u00e9b\u00e1niatemplomban tartott\u00e1k az idei \u00darnapi szentmis\u00e9t, melyet Kiss Iv\u00e1n c. pr\u00e9post, esperes-pl\u00e9b\u00e1nos celebr\u00e1lt. \u00darnapja az Olt\u00e1riszents\u00e9g \u00fcnnepe, melyen Krisztus szent test\u00e9t \u00e9s v\u00e9r\u00e9t \u00fcnneplik orsz\u00e1gszerte. \u00c9ppen ez\u00e9rt v\u00e1rosunkban ezen a napon tartott\u00e1k a 3. oszt\u00e1lyos hittanos gyermekek els\u0151\u00e1ldoz\u00e1s\u00e1t, amikor is 32 kisdi\u00e1k j\u00e1rult a szent\u00e1ldoz\u00e1shoz. A szentmis\u00e9t k\u00f6vet\u0151en a Boldog II. J\u00e1nos P\u00e1l p\u00e1pa \u00e9s a H\u0151s\u00f6k ter\u00e9n az \u00farnapi k\u00f6rmenetet tartottak, ahol a 4 lombs\u00e1trat a pl\u00e9b\u00e1ni\u00e1hoz tartoz\u00f3 4&#8230;<\/p>\n<p class=\"read-more\"><a class=\"btn btn-default\" href=\"https:\/\/marcali.plebania.hu\/?p=264\"> Read More<span class=\"screen-reader-text\">  Read More<\/span><\/a><\/p>\n","protected":false},"author":2,"featured_media":0,"comment_status":"closed","ping_status":"open","sticky":false,"template":"","format":"standard","meta":{"footnotes":""},"categories":[1],"tags":[],"class_list":["post-264","post","type-post","status-publish","format-standard","hentry","category-egyeb"],"_links":{"self":[{"href":"https:\/\/marcali.plebania.hu\/index.php?rest_route=\/wp\/v2\/posts\/264","targetHints":{"allow":["GET"]}}],"collection":[{"href":"https:\/\/marcali.plebania.hu\/index.php?rest_route=\/wp\/v2\/posts"}],"about":[{"href":"https:\/\/marcali.plebania.hu\/index.php?rest_route=\/wp\/v2\/types\/post"}],"author":[{"embeddable":true,"href":"https:\/\/marcali.plebania.hu\/index.php?rest_route=\/wp\/v2\/users\/2"}],"replies":[{"embeddable":true,"href":"https:\/\/marcali.plebania.hu\/index.php?rest_route=%2Fwp%2Fv2%2Fcomments&post=264"}],"version-history":[{"count":1,"href":"https:\/\/marcali.plebania.hu\/index.php?rest_route=\/wp\/v2\/posts\/264\/revisions"}],"predecessor-version":[{"id":268,"href":"https:\/\/marcali.plebania.hu\/index.php?rest_route=\/wp\/v2\/posts\/264\/revisions\/268"}],"wp:attachment":[{"href":"https:\/\/marcali.plebania.hu\/index.php?rest_route=%2Fwp%2Fv2%2Fmedia&parent=264"}],"wp:term":[{"taxonomy":"category","embeddable":true,"href":"https:\/\/marcali.plebania.hu\/index.php?rest_route=%2Fwp%2Fv2%2Fcategories&post=264"},{"taxonomy":"post_tag","embeddable":true,"href":"https:\/\/marcali.plebania.hu\/index.php?rest_route=%2Fwp%2Fv2%2Ftags&post=264"}],"curies":[{"name":"wp","href":"https:\/\/api.w.org\/{rel}","templated":true}]}}